{"id":193895,"date":"2025-06-21T16:43:15","date_gmt":"2025-06-21T16:43:15","guid":{"rendered":"https:\/\/www.europesays.com\/fr\/193895\/"},"modified":"2025-06-21T16:43:15","modified_gmt":"2025-06-21T16:43:15","slug":"ingerences-opacite-et-gouvernance-en-roue-libre-un-rapport-torpille-la-chaire-defense-de-sciences-po-bordeaux-et-recommande-sa-fin-en-2025","status":"publish","type":"post","link":"https:\/\/www.europesays.com\/fr\/193895\/","title":{"rendered":"\u00ab\u00a0Ing\u00e9rences, opacit\u00e9 et gouvernance en roue libre\u00a0\u00bb : un rapport torpille la Chaire D\u00e9fense de Sciences Po Bordeaux et recommande sa fin en 2025"},"content":{"rendered":"<p class=\"wp-block-post-excerpt__excerpt\">[INFO RUE89 BORDEAUX] Le rapport de la commission scientifique \u00e0 la direction de Sciences Po Bordeaux pointe de graves atteintes \u00e0 l\u2019ind\u00e9pendance acad\u00e9mique au sein de la Chaire D\u00e9fense et A\u00e9rospatial, et recommande son arr\u00eat d\u2019ici d\u00e9cembre 2025. En d\u00e9pit d\u2019un engagement formel pris en mars 2025 pour suivre cet avis, la direction semble aujourd\u2019hui tergiverser. <\/p>\n","protected":false},"excerpt":{"rendered":"[INFO RUE89 BORDEAUX] Le rapport de la commission scientifique \u00e0 la direction de Sciences Po Bordeaux pointe de&hellip;\n","protected":false},"author":2,"featured_media":193896,"comment_status":"","ping_status":"","sticky":false,"template":"","format":"standard","meta":{"footnotes":""},"categories":[2817],"tags":[1111,11,1997,6379,1777,674,1011,27,12,2219,3518,959,25,30449],"class_list":{"0":"post-193895","1":"post","2":"type-post","3":"status-publish","4":"format-standard","5":"has-post-thumbnail","7":"category-bordeaux","8":"tag-actu","9":"tag-actualites","10":"tag-bordeaux","11":"tag-etudiants","12":"tag-eu","13":"tag-europe","14":"tag-fr","15":"tag-france","16":"tag-news","17":"tag-nouvelle-aquitaine","18":"tag-palestine","19":"tag-recherche","20":"tag-republique-francaise","21":"tag-sciences-po-bordeaux"},"share_on_mastodon":{"url":"https:\/\/pubeurope.com\/@fr\/114722360779449262","error":""},"_links":{"self":[{"href":"https:\/\/www.europesays.com\/fr\/wp-json\/wp\/v2\/posts\/193895","targetHints":{"allow":["GET"]}}],"collection":[{"href":"https:\/\/www.europesays.com\/fr\/wp-json\/wp\/v2\/posts"}],"about":[{"href":"https:\/\/www.europesays.com\/fr\/wp-json\/wp\/v2\/types\/post"}],"author":[{"embeddable":true,"href":"https:\/\/www.europesays.com\/fr\/wp-json\/wp\/v2\/users\/2"}],"replies":[{"embeddable":true,"href":"https:\/\/www.europesays.com\/fr\/wp-json\/wp\/v2\/comments?post=193895"}],"version-history":[{"count":0,"href":"https:\/\/www.europesays.com\/fr\/wp-json\/wp\/v2\/posts\/193895\/revisions"}],"wp:featuredmedia":[{"embeddable":true,"href":"https:\/\/www.europesays.com\/fr\/wp-json\/wp\/v2\/media\/193896"}],"wp:attachment":[{"href":"https:\/\/www.europesays.com\/fr\/wp-json\/wp\/v2\/media?parent=193895"}],"wp:term":[{"taxonomy":"category","embeddable":true,"href":"https:\/\/www.europesays.com\/fr\/wp-json\/wp\/v2\/categories?post=193895"},{"taxonomy":"post_tag","embeddable":true,"href":"https:\/\/www.europesays.com\/fr\/wp-json\/wp\/v2\/tags?post=193895"}],"curies":[{"name":"wp","href":"https:\/\/api.w.org\/{rel}","templated":true}]}}