{"id":193897,"date":"2025-06-21T16:44:19","date_gmt":"2025-06-21T16:44:19","guid":{"rendered":"https:\/\/www.europesays.com\/fr\/193897\/"},"modified":"2025-06-21T16:44:19","modified_gmt":"2025-06-21T16:44:19","slug":"n2-un-concurrent-direct-des-girondins-tape-fort-sur-le-marche-des-transferts","status":"publish","type":"post","link":"https:\/\/www.europesays.com\/fr\/193897\/","title":{"rendered":"N2 : un concurrent direct des Girondins tape fort sur le march\u00e9 des transferts"},"content":{"rendered":"<p><img decoding=\"async\" src=\"https:\/\/www.europesays.com\/fr\/wp-content\/uploads\/2025\/05\/671_d0a8482dac02c80a8bb0fc2f58594ce5.jpg\" alt=\"N2 : un concurrent direct des Girondins tape fort sur le march\u00e9 des transferts\" class=\"img-responsive mt-3\"\/><\/p>\n<p class=\"text-center mb-3\" style=\"font-size: 14px\">\u00a9 Iconsport<\/p>\n<p><strong>D\u00e9j\u00e0 deux mont\u00e9es \u00e0 son actif<\/strong><\/p>\n<p style=\"text-align: justify;\">Tom Lebeau vient de s\u2019engager avec Saint-Malo en provenance du champion de National 2 (groupe A), Le Puy Foot. Form\u00e9 \u00e0 Niort, il a connu la National 3, puis la Ligue 2 avec les Chamois, en y disputant une quarantaine de matchs. Ensuite, il a rejoint Concarneau, o\u00f9 il a particip\u00e9 \u00e0 la mont\u00e9e historique du club en Ligue 2, et a pris part \u00e0 8 matchs dans l\u2019antichambre de la Ligue 1.<\/p>\n<p style=\"text-align: justify;\">Le club de Saint-Malo s\u2019appuie donc sur un joueur qui conna\u00eet le niveau amateur et professionnel, et qui, surtout, conna\u00eet la recette pour monter \u00e0 l\u2019\u00e9tage sup\u00e9rieur. Apr\u00e8s le recrutement de <a href=\"https:\/\/www.webgirondins.com\/actualite-mercato-n2-un-concurrent-direct-des-girondins-se-renforce-en-attaque-129491\" target=\"_blank\" rel=\"noopener\">l\u2019attaquant polyvalent Bissourou Tour\u00e9<\/a>, les Bretons affichent clairement leur ambition pour la saison \u00e0 venir.<\/p>\n<p style=\"text-align: justify;\">\u00a0<\/p>\n<p style=\"text-align: justify;\"><img decoding=\"async\" src=\"https:\/\/www.europesays.com\/fr\/wp-content\/uploads\/2025\/06\/tom.PNG\" alt=\"tom.PNG (395 KB)\" style=\"width:551px;max-width:100%;\"\/><\/p>\n<p style=\"text-align: justify;\">\u00a0<\/p>\n<p style=\"text-align: justify;\">\u00c0 lire &gt;&gt; <strong><a href=\"https:\/\/www.webgirondins.com\/actualite-girondins-girondins-nassim-ranem-vers-une-prolongation-de-contrat-129496\" target=\"_blank\" rel=\"noopener\">Girondins : Nassim Ranem vers une prolongation de contrat ?<\/a><\/strong><\/p>\n<p style=\"text-align: justify;\">\u00a0<\/p>\n<p style=\"text-align: justify;\">Notre podcast court :<\/p>\n<p style=\"text-align: justify;\">\u00a0<\/p>\n<p style=\"text-align: justify;\">\u00a0<\/p>\n","protected":false},"excerpt":{"rendered":"\u00a9 Iconsport D\u00e9j\u00e0 deux mont\u00e9es \u00e0 son actif Tom Lebeau vient de s\u2019engager avec Saint-Malo en provenance du&hellip;\n","protected":false},"author":2,"featured_media":112496,"comment_status":"","ping_status":"","sticky":false,"template":"","format":"standard","meta":{"footnotes":""},"categories":[2817],"tags":[1111,11,3683,1997,33270,13413,814,19747,1777,674,7482,1011,27,11731,1987,3289,6073,2089,12,2219,15199,15651,25,3213,14301,10662],"class_list":{"0":"post-193897","1":"post","2":"type-post","3":"status-publish","4":"format-standard","5":"has-post-thumbnail","7":"category-bordeaux","8":"tag-actu","9":"tag-actualites","10":"tag-alors","11":"tag-bordeaux","12":"tag-concurrent","13":"tag-devant","14":"tag-direct","15":"tag-dncg","16":"tag-eu","17":"tag-europe","18":"tag-fort","19":"tag-fr","20":"tag-france","21":"tag-frappe","22":"tag-girondins","23":"tag-leur","24":"tag-malo","25":"tag-marche","26":"tag-news","27":"tag-nouvelle-aquitaine","28":"tag-passage","29":"tag-preparent","30":"tag-republique-francaise","31":"tag-saint","32":"tag-tape","33":"tag-transferts"},"share_on_mastodon":{"url":"https:\/\/pubeurope.com\/@fr\/114722364793835687","error":""},"_links":{"self":[{"href":"https:\/\/www.europesays.com\/fr\/wp-json\/wp\/v2\/posts\/193897","targetHints":{"allow":["GET"]}}],"collection":[{"href":"https:\/\/www.europesays.com\/fr\/wp-json\/wp\/v2\/posts"}],"about":[{"href":"https:\/\/www.europesays.com\/fr\/wp-json\/wp\/v2\/types\/post"}],"author":[{"embeddable":true,"href":"https:\/\/www.europesays.com\/fr\/wp-json\/wp\/v2\/users\/2"}],"replies":[{"embeddable":true,"href":"https:\/\/www.europesays.com\/fr\/wp-json\/wp\/v2\/comments?post=193897"}],"version-history":[{"count":0,"href":"https:\/\/www.europesays.com\/fr\/wp-json\/wp\/v2\/posts\/193897\/revisions"}],"wp:featuredmedia":[{"embeddable":true,"href":"https:\/\/www.europesays.com\/fr\/wp-json\/wp\/v2\/media\/112496"}],"wp:attachment":[{"href":"https:\/\/www.europesays.com\/fr\/wp-json\/wp\/v2\/media?parent=193897"}],"wp:term":[{"taxonomy":"category","embeddable":true,"href":"https:\/\/www.europesays.com\/fr\/wp-json\/wp\/v2\/categories?post=193897"},{"taxonomy":"post_tag","embeddable":true,"href":"https:\/\/www.europesays.com\/fr\/wp-json\/wp\/v2\/tags?post=193897"}],"curies":[{"name":"wp","href":"https:\/\/api.w.org\/{rel}","templated":true}]}}