{"id":193902,"date":"2025-06-21T16:52:17","date_gmt":"2025-06-21T16:52:17","guid":{"rendered":"https:\/\/www.europesays.com\/fr\/193902\/"},"modified":"2025-06-21T16:52:17","modified_gmt":"2025-06-21T16:52:17","slug":"que-faire-dimanche-22-juin-dans-la-metropole-de-lille-et-dans-le-nord-nos-10-idees-de-sorties","status":"publish","type":"post","link":"https:\/\/www.europesays.com\/fr\/193902\/","title":{"rendered":"Que faire dimanche 22 juin dans la m\u00e9tropole de Lille et dans le Nord ? Nos 10 id\u00e9es de sorties"},"content":{"rendered":"<p>            Par<br \/>\n        <strong><br \/>\n            <a href=\"https:\/\/actu.fr\/auteur\/margot-nicodeme\" title=\"Consulter tous les articles de Margot Nicod\u00e8me\" rel=\"nofollow noopener\" target=\"_blank\">Margot Nicod\u00e8me<\/a><br \/>\n        <\/strong><\/p>\n<p>        Publi\u00e9 le<\/p>\n<p>            21 juin 2025 \u00e0 16h56        <\/p>\n<p>La bonne nouvelle, pour ce dimanche 22 juin, c\u2019est que <b>l\u2019air sera un peu plus respirable que samedi<\/b>, alors que <a href=\"https:\/\/actu.fr\/societe\/vague-de-chaleur-le-nord-et-le-pas-de-calais-places-en-vigilance-canicule-pour-la-journee-de-samedi_62800140.html\" rel=\"nofollow noopener\" target=\"_blank\">le Nord \u00e9tait plac\u00e9 en vigilance canicule<\/a>. Les nuages du matin devraient se dissiper l\u2019apr\u00e8s-midi, et les temp\u00e9ratures seront, au plus haut, comprises entre 20 et 26\u00b0C (\u00e0 <a href=\"https:\/\/actu.fr\/hauts-de-france\/lille_59350\" rel=\"nofollow noopener\" target=\"_blank\">Lille<\/a>). De quoi pr\u00e9voir des sorties en toute s\u00e9r\u00e9nit\u00e9, et il y en aura, dans la m\u00e9tropole et dans le Nord.<\/p>\n<p class=\" wall-content\">Voici toutes les id\u00e9es d\u2019activit\u00e9s que l\u2019on a rep\u00e9r\u00e9es pour ce dimanche.<\/p>\n<p>Nos 10 id\u00e9es de sorties dans la m\u00e9tropole de Lille et dans le Nord pour le dimanche 22 juin<\/p>\n<p class=\" wall-content\"><a href=\"https:\/\/actu.fr\/hauts-de-france\/lille_59350\/lille-50-artistes-vous-attendent-sur-les-bords-de-la-deule-ce-dimanche_62797031.html\" rel=\"nofollow noopener\" target=\"_blank\">Lille. 50 artistes vous attendent sur les bords de la De\u00fble ce dimanche\u00a0!<\/a><\/p>\n<p class=\" wall-content\">Et si vous fl\u00e2niez au bord de la De\u00fble \u00e0 Lille ce dimanche 22 juin ? Vous pourrez y rencontrer des dizaines d\u2019artistes et admirer leurs magnifiques cr\u00e9ations. D\u00e9tails.<\/p>\n<p class=\" wall-content\"><a href=\"https:\/\/actu.fr\/loisirs-culture\/ou-chiner-dans-le-nord-voici-les-brocantes-et-vide-greniers-organises-le-week-end-des-21-et-22-juin_62783825.html\" rel=\"nofollow noopener\" target=\"_blank\">Les brocantes et vide-greniers organis\u00e9s ce 22 juin<\/a><\/p>\n<p class=\" wall-content\">Plusieurs brocantes, braderies et vide-greniers sont organis\u00e9s dans le Nord en ce premier week-end d\u2019\u00e9t\u00e9. Voici la liste des \u00e9v\u00e9nements pr\u00e9vus.<\/p>\n<p class=\" wall-content\"><a href=\"https:\/\/actu.fr\/hauts-de-france\/villeneuve-d-ascq_59009\/fleurs-sechees-bouquets-vases-un-temple-de-la-deco-poetique-debarque-a-villeneuve-dascq_62777195.html\" rel=\"nofollow noopener\" target=\"_blank\">Fleurs s\u00e9ch\u00e9es, bouquets, vases\u2026 Un temple de la d\u00e9co po\u00e9tique \u00e0 Villeneuve-d\u2019Ascq<\/a><\/p>\n<p class=\" wall-content\">Jusqu\u2019au 22 juin 2025, le Grand Playground situ\u00e9 \u00e0 Villeneuve-d\u2019Ascq, pr\u00e8s de Lille, se transforme en temple de la d\u00e9coration po\u00e9tique gr\u00e2ce \u00e0 une vente de fleurs s\u00e9ch\u00e9es.<\/p>\n<p class=\" wall-content\"><a href=\"https:\/\/actu.fr\/hauts-de-france\/dunkerque_59183\/le-festival-gratuit-en-bord-de-mer-la-bonne-aventure-de-retour-ce-week-end-a-dunkerque-lessentiel-a-savoir_62777223.html\" rel=\"nofollow noopener\" target=\"_blank\">Le festival gratuit en bord de mer La Bonne Aventure de retour ce week-end \u00e0 Dunkerque<\/a><\/p>\n<p class=\" wall-content\">Trois jours de musique et d\u2019animations gratuites en bord de mer. Voil\u00e0 ce qui attend les festivaliers de La Bonne Aventure. Les grandes lignes de l\u2019\u00e9dition 2025, qui court jusqu\u2019\u00e0 dimanche.<\/p>\n<p>Vid\u00e9os : en ce moment sur Actu<\/p>\n<p class=\" wall-content\"><a href=\"https:\/\/actu.fr\/hauts-de-france\/gravelines_59273\/nord-sur-la-cote-visitez-cette-ville-fortifiee-classee-parmi-les-100-plus-beaux-detours-de-france_60798727.html\" rel=\"nofollow noopener\" target=\"_blank\">Nord. Sur la c\u00f4te, visitez cette ville fortifi\u00e9e class\u00e9e parmi les 100 plus beaux d\u00e9tours de France<\/a><\/p>\n<p class=\" wall-content\">Elle est parmi les 100 plus beaux d\u00e9tours de France : sur le littoral, cette commune offre d\u2019innombrables atouts aux beaux jours. On vous fait d\u00e9couvrir cette ville fortifi\u00e9e !<\/p>\n<p class=\" wall-content\"><a href=\"https:\/\/actu.fr\/hauts-de-france\/villeneuve-d-ascq_59009\/decouvrez-palomano-le-parc-de-jeux-pour-les-enfants-et-les-parents-qui-ouvre-a-villeneuve-dascq_62781849.html\" rel=\"nofollow noopener\" target=\"_blank\">D\u00e9couvrez Palomano, le parc de jeux pour les enfants (et les parents !) qui vient d\u2019ouvrir \u00e0 Villeneuve-d\u2019Ascq<\/a><\/p>\n<p class=\" wall-content\">Le parc de loisirs Palomano ouvre tout juste ses portes \u00e0 La Maillerie, \u00e0 Villeneuve-d\u2019Ascq. Dans cette mini-ville immersive, les enfants jouent \u00e0 \u00ab\u00a0faire les grands\u00a0\u00bb.<\/p>\n<p class=\" wall-content\"><a href=\"https:\/\/actu.fr\/hauts-de-france\/lille_59350\/et-si-vous-alliez-a-la-mer-ce-week-end-voici-5-plages-a-moins-de-100-km-de-lille_49659693.html?fbclid=IwY2xjawLDVYJleHRuA2FlbQIxMQBicmlkETFHTWZhd1VSWldDN2oxOVl5AR6-X5vlHq3j2hW_m65SsgB8G5dQu0dj7tjPUQSWE6gJWAGqLQaabmmUYkk9Pg_aem_BJkv0U9XoMpKb-RunNlrcw\" rel=\"nofollow noopener\" target=\"_blank\">Et si vous alliez \u00e0 la mer ce week-end ? Voici 5 plages \u00e0 moins de 100 km de Lille<\/a><\/p>\n<p class=\" wall-content\">On l\u2019a dit, dimanche sera plus respirable, mais tout de m\u00eame chaud et ensoleill\u00e9. L\u2019occasion d\u2019aller \u00e0 la mer ? On vous remet notre s\u00e9lection de 5 plages \u00e0 moins de 100 km de Lille.<\/p>\n<p class=\" wall-content\"><a href=\"https:\/\/actu.fr\/hauts-de-france\/lille_59350\/rencontres-lecture-cafe-le-festival-lorigine-des-mondes-vadrouille-a-lille_59693830.html\" rel=\"nofollow noopener\" target=\"_blank\">L\u2019Origine des mondes \u00e0 la Maison Folie de Wazemmes<\/a><\/p>\n<p class=\" wall-content\">Le festival litt\u00e9raire nomade et participatif fond\u00e9 par la romanci\u00e8re Samira El Ayachi est de retour \u00e0 la maison Folie Moulins ce week-end, jusqu\u2019au 22 juin. Au programme : des rencontres litt\u00e9raires, lectures et concerts ! Toutes les infos <a href=\"https:\/\/www.lille.fr\/Evenements\/L-origine-des-mondes2\" rel=\"nofollow noopener\" target=\"_blank\">ICI<\/a>.<\/p>\n<p class=\" wall-content\"><a href=\"https:\/\/actu.fr\/hauts-de-france\/croix_59163\/croix-la-magnifique-villa-cavrois-fete-les-10-ans-de-son-ouverture-au-public_62773190.html\" rel=\"nofollow noopener\" target=\"_blank\">(Re)visiter la magnifique Villa Cavrois \u00e0 Croix, qui vient de f\u00eater 10 ans d\u2019ouverture au public<\/a><\/p>\n<p class=\" wall-content\">On vous raconte, dans cet article, la belle histoire de la Villa Cavrois, incontournable dans la m\u00e9tropole lilloise. Cela fait 10 ans qu\u2019elle est ouverte au public, et c\u2019est encore mieux d\u2019en apprendre tous les secrets sur place\u2026<\/p>\n<p class=\" wall-content\">Visiter une expo pour rester au frais<\/p>\n<p class=\" wall-content\">Les temp\u00e9ratures vont fortement monter cette fin de semaine. Si vous voulez vous mettre un peu au frais, pourquoi ne pas faire une expo ? Celles de la saison de lille3000 sont ouvertes : \u00ab\u00a0<a href=\"https:\/\/actu.fr\/hauts-de-france\/lille_59350\/lille-paillettes-stroboscopes-et-etrangetes-festives-vivez-la-fete-interieure-a-saint-so_62715410.html\" rel=\"nofollow noopener\" target=\"_blank\">La F\u00eate int\u00e9rieure<\/a>\u00a0\u00bb et \u00ab\u00a0<a href=\"https:\/\/actu.fr\/hauts-de-france\/lille_59350\/lille-piste-de-danse-gateaux-geants-fanions-cest-la-fete-a-saint-so-avec-lexpo-des-enfants-momart_62605266.html\" rel=\"nofollow noopener\" target=\"_blank\">M\u00f4m\u2019Art<\/a>\u00a0\u00bb \u00e0 Saint-So, \u00ab\u00a0<a href=\"https:\/\/fiestalille3000.com\/exposition\/the-distorted-party\/\" rel=\"nofollow noopener\" target=\"_blank\">The Distorted Party<\/a>\u00a0\u00bb \u00e0 l\u2019Hospice Comtesse, \u00ab\u00a0<a href=\"https:\/\/actu.fr\/loisirs-culture\/fetes-et-celebrations-flamandes-a-lille-en-coulisses-des-oeuvres-restaurees-a-bruxelles_62288387.html#:~:text=Du%2026%20avril%20au%201,e%20si%C3%A8cles%20dans%20les%20Flandres.\" rel=\"nofollow noopener\" target=\"_blank\">F\u00eates et c\u00e9l\u00e9brations flamandes<\/a>\u00a0\u00bb au Palais des Beaux-arts, en compl\u00e9ment d\u2019une installation gratuite haute en couleurs.<\/p>\n<p class=\" wall-content\">Suivez toute l\u2019actualit\u00e9 de vos villes et m\u00e9dias favoris en vous inscrivant \u00e0 <a href=\"https:\/\/moncompte.actu.fr\" title=\"D\u00e9couvez Mon Actu\" rel=\"nofollow noopener\" data-trk=\"{&quot;cta&quot;:{&quot;action&quot;:&quot;https:\\\/\\\/moncompte.actu.fr&quot;,&quot;category&quot;:&quot;mon compte&quot;,&quot;from&quot;:&quot;article footer&quot;,&quot;name&quot;:&quot;Mon actu&quot;,&quot;type&quot;:&quot;cta&quot;}}\" target=\"_blank\">Mon Actu<\/a>.<\/p>\n","protected":false},"excerpt":{"rendered":"Par Margot Nicod\u00e8me Publi\u00e9 le 21 juin 2025 \u00e0 16h56 La bonne nouvelle, pour ce dimanche 22 juin,&hellip;\n","protected":false},"author":2,"featured_media":193903,"comment_status":"","ping_status":"","sticky":false,"template":"","format":"standard","meta":{"footnotes":""},"categories":[2815],"tags":[1111,11,1777,674,652,1011,27,811,1307,1652,12,25],"class_list":{"0":"post-193902","1":"post","2":"type-post","3":"status-publish","4":"format-standard","5":"has-post-thumbnail","7":"category-lille","8":"tag-actu","9":"tag-actualites","10":"tag-eu","11":"tag-europe","12":"tag-famille","13":"tag-fr","14":"tag-france","15":"tag-hauts-de-france","16":"tag-lille","17":"tag-loisirs-culture","18":"tag-news","19":"tag-republique-francaise"},"share_on_mastodon":{"url":"https:\/\/pubeurope.com\/@fr\/114722400241593306","error":""},"_links":{"self":[{"href":"https:\/\/www.europesays.com\/fr\/wp-json\/wp\/v2\/posts\/193902","targetHints":{"allow":["GET"]}}],"collection":[{"href":"https:\/\/www.europesays.com\/fr\/wp-json\/wp\/v2\/posts"}],"about":[{"href":"https:\/\/www.europesays.com\/fr\/wp-json\/wp\/v2\/types\/post"}],"author":[{"embeddable":true,"href":"https:\/\/www.europesays.com\/fr\/wp-json\/wp\/v2\/users\/2"}],"replies":[{"embeddable":true,"href":"https:\/\/www.europesays.com\/fr\/wp-json\/wp\/v2\/comments?post=193902"}],"version-history":[{"count":0,"href":"https:\/\/www.europesays.com\/fr\/wp-json\/wp\/v2\/posts\/193902\/revisions"}],"wp:featuredmedia":[{"embeddable":true,"href":"https:\/\/www.europesays.com\/fr\/wp-json\/wp\/v2\/media\/193903"}],"wp:attachment":[{"href":"https:\/\/www.europesays.com\/fr\/wp-json\/wp\/v2\/media?parent=193902"}],"wp:term":[{"taxonomy":"category","embeddable":true,"href":"https:\/\/www.europesays.com\/fr\/wp-json\/wp\/v2\/categories?post=193902"},{"taxonomy":"post_tag","embeddable":true,"href":"https:\/\/www.europesays.com\/fr\/wp-json\/wp\/v2\/tags?post=193902"}],"curies":[{"name":"wp","href":"https:\/\/api.w.org\/{rel}","templated":true}]}}