{"id":193918,"date":"2025-06-21T17:02:09","date_gmt":"2025-06-21T17:02:09","guid":{"rendered":"https:\/\/www.europesays.com\/fr\/193918\/"},"modified":"2025-06-21T17:02:09","modified_gmt":"2025-06-21T17:02:09","slug":"de-nombreux-touristes-britanniques-investissent-les-rues-de-la-capitale","status":"publish","type":"post","link":"https:\/\/www.europesays.com\/fr\/193918\/","title":{"rendered":"de nombreux touristes britanniques investissent les rues de la capitale"},"content":{"rendered":"<p>            Par<br \/>\n        <strong><br \/>\n            <a href=\"https:\/\/actu.fr\/auteur\/antoine-grotteria02\" title=\"Consulter tous les articles de Antoine Grotteria\" target=\"_blank\" rel=\"noopener\">Antoine Grotteria<\/a><br \/>\n        <\/strong><\/p>\n<p>        Publi\u00e9 le<\/p>\n<p>            21 juin 2025 \u00e0 18h50        <\/p>\n<p>Une f\u00eate universelle qui attire de <strong>nombreux touristes<\/strong>, nonobstant la <a href=\"https:\/\/actu.fr\/ile-de-france\/paris_75056\/meteo-jusqu-a-39-c-en-france-jusqu-ou-les-temperatures-vont-elles-s-envoler-a-paris-et-en-ile-de-france_62802091.html\" target=\"_blank\" rel=\"noopener\">chaleur<\/a>. Ce samedi 21 juin 2025, <a href=\"https:\/\/actu.fr\/paris\/\" target=\"_blank\" rel=\"noopener\">Paris<\/a> se transforme en immense sc\u00e8ne \u00e0 l\u2019occasion de la <a href=\"https:\/\/actu.fr\/tag\/fete-de-la-musique\" target=\"_blank\" rel=\"noopener\">F\u00eate de la musique<\/a>. Toujours aussi populaire, cet \u00e9v\u00e9nement lanc\u00e9 en 1982 par le ministre de la Culture de l\u2019\u00e9poque <strong>Jack Lang<\/strong> semble avoir d\u00e9pass\u00e9 les fronti\u00e8res hexagonales pour s\u2019immiscer dans les discussions \u00e0 <strong>Londres<\/strong>. Sur le r\u00e9seau social <a href=\"https:\/\/actu.fr\/tag\/tiktok\" target=\"_blank\" rel=\"noopener\">TikTok<\/a>, des cr\u00e9ateurs de contenu <strong>britanniques<\/strong> ont appel\u00e9 leurs compatriotes \u00e0 traverser la Manche pour danser dans la capitale.\u00a0<\/p>\n<p>Une caisse de r\u00e9sonance sur les r\u00e9seaux sociaux\u00a0<\/p>\n<p class=\" wall-content\">Et le week-end s\u2019av\u00e8re d\u00e9j\u00e0 particuli\u00e8rement <strong>festif<\/strong> pour eux. Plusieurs vid\u00e9os montrent des touristes britanniques enjou\u00e9s \u00e0 l\u2019id\u00e9e de participer \u00e0 l\u2019\u00e9v\u00e9nement. Il s\u2019agit de ces quatre femmes se d\u00e9hanchant devant une cam\u00e9ra positionn\u00e9e dans une art\u00e8re parisienne. \u00ab\u00a0F\u00eate de la musique we are here (nous sommes l\u00e0, NDLR)\u00a0\u00bb, commente en l\u00e9gende la d\u00e9tentrice du compte, suivie par pr\u00e8s d\u2019un millier de personnes.\u00a0<\/p>\n<blockquote class=\"tiktok-embed\" cite=\"https:\/\/www.tiktok.com\/@queenavril12\/video\/7517971890749771010\" data-video-id=\"7517971890749771010\" data-embed-from=\"oembed\" style=\"max-width:605px; min-width:325px;\"><p>\n<a target=\"_blank\" title=\"@queenavril12\" href=\"https:\/\/www.tiktok.com\/@queenavril12?refer=embed\" rel=\"noopener\">@queenavril12<\/a> <\/p>\n<p>Fete de la musique we are here \ud83d\ude1d  <a title=\"fetedelamusique\" target=\"_blank\" href=\"https:\/\/www.tiktok.com\/tag\/fetedelamusique?refer=embed\" rel=\"noopener\">#fetedelamusique<\/a> <a title=\"pourtoii\" target=\"_blank\" href=\"https:\/\/www.tiktok.com\/tag\/pourtoii?refer=embed\" rel=\"noopener\">#pourtoii<\/a> <a title=\"fouryou\" target=\"_blank\" href=\"https:\/\/www.tiktok.com\/tag\/fouryou?refer=embed\" rel=\"noopener\">#fouryou<\/a> <a title=\"viral\" target=\"_blank\" href=\"https:\/\/www.tiktok.com\/tag\/viral?refer=embed\" rel=\"noopener\">#viral<\/a> <a title=\"blackqueens\" target=\"_blank\" href=\"https:\/\/www.tiktok.com\/tag\/blackqueens?refer=embed\" rel=\"noopener\">#blackqueens<\/a> <a title=\"ukbabes\" target=\"_blank\" href=\"https:\/\/www.tiktok.com\/tag\/ukbabes?refer=embed\" rel=\"noopener\">#ukbabes<\/a> <a title=\"party\" target=\"_blank\" href=\"https:\/\/www.tiktok.com\/tag\/party?refer=embed\" rel=\"noopener\">#party<\/a> <a title=\"france\ud83c\uddeb\ud83c\uddf7\" target=\"_blank\" href=\"https:\/\/www.tiktok.com\/tag\/france%F0%9F%87%AB%F0%9F%87%B7?refer=embed\" rel=\"noopener\">#france\ud83c\uddeb\ud83c\uddf7<\/a> <\/p>\n<p> <a target=\"_blank\" title=\"\u266c son original - Top_Music\u26a1\ufe0f\" href=\"https:\/\/www.tiktok.com\/music\/son-original-7510211688516897558?refer=embed\" rel=\"noopener\">\u266c son original \u2013 Top_Music\u26a1\ufe0f<\/a> <\/p>\n<\/blockquote>\n<p class=\" wall-content\">Les Britanniques n\u2019oublient pas de se masser pr\u00e8s des <strong>c\u00e9l\u00e8bres monuments<\/strong>. Sur une vid\u00e9o abondamment relay\u00e9e, les festoyeurs se massent pr\u00e8s de la <a href=\"https:\/\/actu.fr\/tag\/tour-eiffel\" target=\"_blank\" rel=\"noopener\">Tour Eiffel<\/a> pour sauter, chanter et danser. \u00ab\u00a0Il est \u00e0 peine 1h du sbah les londoniens sont brancher sur Paname d\u00e9j\u00e0 (sic)\u00a0\u00bb, commente l\u2019auteur des images, qui immortalise la sc\u00e8ne.\u00a0<\/p>\n<blockquote class=\"tiktok-embed\" cite=\"https:\/\/www.tiktok.com\/@rayrocma_92\/video\/7518174907897892118\" data-video-id=\"7518174907897892118\" data-embed-from=\"oembed\" style=\"max-width:605px; min-width:325px;\"><p>\n<a target=\"_blank\" title=\"@rayrocma_92\" href=\"https:\/\/www.tiktok.com\/@rayrocma_92?refer=embed\" rel=\"noopener\">@rayrocma_92<\/a> <\/p>\n<p><a title=\"fyp\" target=\"_blank\" href=\"https:\/\/www.tiktok.com\/tag\/fyp?refer=embed\" rel=\"noopener\">#fyp<\/a> <a title=\"france\" target=\"_blank\" href=\"https:\/\/www.tiktok.com\/tag\/france?refer=embed\" rel=\"noopener\">#france<\/a> <a title=\"paris\" target=\"_blank\" href=\"https:\/\/www.tiktok.com\/tag\/paris?refer=embed\" rel=\"noopener\">#paris<\/a> <a title=\"f\u00eatedelamusique\" target=\"_blank\" href=\"https:\/\/www.tiktok.com\/tag\/f%C3%AAtedelamusique?refer=embed\" rel=\"noopener\">#f\u00eatedelamusique<\/a> <\/p>\n<p> <a target=\"_blank\" title=\"\u266c son original - rayrocma_92\" href=\"https:\/\/www.tiktok.com\/music\/son-original-7518174904223943446?refer=embed\" rel=\"noopener\">\u266c son original \u2013 rayrocma_92<\/a> <\/p>\n<\/blockquote>\n<p>Vid\u00e9os : en ce moment sur Actu<\/p>\n<p class=\" wall-content\">L\u2019engouement s\u2019est m\u00eame d\u00e9plac\u00e9 dans les <strong>restaurants<\/strong>. Une vid\u00e9o publi\u00e9e par une cr\u00e9atrice de contenus aux 20 000 suiveurs ce samedi 21 juin diffuse les images de Britanniques debout sur les tables dans une atmosph\u00e8re <strong>virevoltante<\/strong>. Les serveurs se joignent m\u00eame \u00e0 la partie. \u00ab\u00a0The Brits have taken over Paris (Les Britanniques contr\u00f4lent Paris, NDLR)\u00a0\u00bb, est-il \u00e9crit. D\u2019autres n\u2019h\u00e9sitent pas \u00e0 mettre en sc\u00e8ne leur voyage jusqu\u2019\u00e0 la capitale.\u00a0<\/p>\n<blockquote class=\"tiktok-embed\" cite=\"https:\/\/www.tiktok.com\/@nadirakamara\/video\/7518172011621797142\" data-video-id=\"7518172011621797142\" data-embed-from=\"oembed\" style=\"max-width:605px; min-width:325px;\"><p>\n<a target=\"_blank\" title=\"@nadirakamara\" href=\"https:\/\/www.tiktok.com\/@nadirakamara?refer=embed\" rel=\"noopener\">@nadirakamara<\/a> <\/p>\n<p>Staff were loving it more than us\ud83e\udd23 <a title=\"fetedelamusique\" target=\"_blank\" href=\"https:\/\/www.tiktok.com\/tag\/fetedelamusique?refer=embed\" rel=\"noopener\">#fetedelamusique<\/a> <a title=\"afterparty\" target=\"_blank\" href=\"https:\/\/www.tiktok.com\/tag\/afterparty?refer=embed\" rel=\"noopener\">#afterparty<\/a> <a title=\"lecardinal\" target=\"_blank\" href=\"https:\/\/www.tiktok.com\/tag\/lecardinal?refer=embed\" rel=\"noopener\">#lecardinal<\/a> <a title=\"paris\" target=\"_blank\" href=\"https:\/\/www.tiktok.com\/tag\/paris?refer=embed\" rel=\"noopener\">#paris<\/a><\/p>\n<p> <a target=\"_blank\" title=\"\u266c original sound - Nadzy T\ud83d\udc7e\" href=\"https:\/\/www.tiktok.com\/music\/original-sound-7518172011248503574?refer=embed\" rel=\"noopener\">\u266c original sound \u2013 Nadzy T\ud83d\udc7e<\/a> <\/p>\n<\/blockquote>\n<blockquote class=\"tiktok-embed\" cite=\"https:\/\/www.tiktok.com\/@cocos_frescos\/video\/7518092904708033814\" data-video-id=\"7518092904708033814\" data-embed-from=\"oembed\" style=\"max-width:605px; min-width:325px;\"><p>\n<a target=\"_blank\" title=\"@cocos_frescos\" href=\"https:\/\/www.tiktok.com\/@cocos_frescos?refer=embed\" rel=\"noopener\">@cocos_frescos<\/a> <\/p>\n<p>\ud83e\udd88\ud83e\udd88 summer <a title=\"fyp\" target=\"_blank\" href=\"https:\/\/www.tiktok.com\/tag\/fyp?refer=embed\" rel=\"noopener\">#fyp<\/a> <a title=\"fetedelamusique\" target=\"_blank\" href=\"https:\/\/www.tiktok.com\/tag\/fetedelamusique?refer=embed\" rel=\"noopener\">#fetedelamusique<\/a> <a title=\"paris\" target=\"_blank\" href=\"https:\/\/www.tiktok.com\/tag\/paris?refer=embed\" rel=\"noopener\">#paris<\/a> <a title=\"parisfashionweek\" target=\"_blank\" href=\"https:\/\/www.tiktok.com\/tag\/parisfashionweek?refer=embed\" rel=\"noopener\">#parisfashionweek<\/a> <a title=\"beyonceconcert\" target=\"_blank\" href=\"https:\/\/www.tiktok.com\/tag\/beyonceconcert?refer=embed\" rel=\"noopener\">#beyonceconcert<\/a> <\/p>\n<p> <a target=\"_blank\" title=\"\u266c sonido original - Andrea G\u00e1lvez\ud83e\udd40\" href=\"https:\/\/www.tiktok.com\/music\/sonido-original-7440178024177339168?refer=embed\" rel=\"noopener\">\u266c sonido original \u2013 Andrea G\u00e1lvez\ud83e\udd40<\/a> <\/p>\n<\/blockquote>\n<p class=\" wall-content\">Un avant-go\u00fbt d\u2019une soir\u00e9e \u00e9lectrique. Avec une <strong>programmation<\/strong> qui ne devrait pas d\u00e9cevoir. En point d\u2019orgue de cette soir\u00e9e, le <a href=\"https:\/\/actu.fr\/ile-de-france\/paris_75056\/programmation-xxl-vasque-olympique-le-concert-gratuit-de-la-fete-de-la-musique-a-paris-s-annonce-grandiose_62764717.html\" target=\"_blank\" rel=\"noopener\">concert gratuit<\/a> organis\u00e9 au jardin des Tuileries, pr\u00e8s du <a href=\"https:\/\/actu.fr\/tag\/louvre\" target=\"_blank\" rel=\"noopener\">mus\u00e9e du Louvre<\/a>. Durant quatre heures, de nombreux artistes se relaieront sur sc\u00e8ne dans un cadre majestueux. Ce sera notamment le cas de Camille, La Femme, Major Lazer ou encore Christine and the Queens.<\/p>\n<p class=\" wall-content\">Un an apr\u00e8s les <strong>JO de Paris<\/strong>, la <a href=\"https:\/\/actu.fr\/ile-de-france\/paris_75056\/horaires-prix-acces-comment-profiter-de-la-vasque-olympique-de-retour-aux-tuileries-a-paris-cet-ete_62752520.html\" target=\"_blank\" rel=\"noopener\">vasque olympique<\/a> fera son retour.\u00a0Des millions de personnes sont attendues dans la capitale. Pour l\u2019occasion, <a href=\"https:\/\/actu.fr\/ile-de-france\/paris_75056\/cartes-fete-de-la-musique-a-paris-voici-les-lignes-de-metro-rer-et-bus-ouvertes-toute-la-nuit_62802614.html\" target=\"_blank\" rel=\"noopener\">plusieurs lignes<\/a> de m\u00e9tro et de RER seront ouvertes toute la nuit.\u00a0<\/p>\n<p class=\" wall-content\">Suivez toute l\u2019actualit\u00e9 de vos villes et m\u00e9dias favoris en vous inscrivant \u00e0 <a href=\"https:\/\/moncompte.actu.fr\" title=\"D\u00e9couvez Mon Actu\" rel=\"nofollow noopener\" data-trk=\"{&quot;cta&quot;:{&quot;action&quot;:&quot;https:\\\/\\\/moncompte.actu.fr&quot;,&quot;category&quot;:&quot;mon compte&quot;,&quot;from&quot;:&quot;article footer&quot;,&quot;name&quot;:&quot;Mon actu&quot;,&quot;type&quot;:&quot;cta&quot;}}\" target=\"_blank\">Mon Actu<\/a>.<\/p>\n<p>                    <script async src=\"\/\/www.tiktok.com\/embed.js\"><\/script><\/p>\n","protected":false},"excerpt":{"rendered":"Par Antoine Grotteria Publi\u00e9 le 21 juin 2025 \u00e0 18h50 Une f\u00eate universelle qui attire de nombreux touristes,&hellip;\n","protected":false},"author":2,"featured_media":193919,"comment_status":"","ping_status":"","sticky":false,"template":"","format":"standard","meta":{"footnotes":""},"categories":[1888],"tags":[11,1777,674,25885,1011,27,873,12,626,25,104,602],"class_list":{"0":"post-193918","1":"post","2":"type-post","3":"status-publish","4":"format-standard","5":"has-post-thumbnail","7":"category-paris","8":"tag-actualites","9":"tag-eu","10":"tag-europe","11":"tag-fete-de-la-musique","12":"tag-fr","13":"tag-france","14":"tag-musique","15":"tag-news","16":"tag-paris","17":"tag-republique-francaise","18":"tag-societe","19":"tag-tourisme"},"share_on_mastodon":{"url":"https:\/\/pubeurope.com\/@fr\/114722435397589998","error":""},"_links":{"self":[{"href":"https:\/\/www.europesays.com\/fr\/wp-json\/wp\/v2\/posts\/193918","targetHints":{"allow":["GET"]}}],"collection":[{"href":"https:\/\/www.europesays.com\/fr\/wp-json\/wp\/v2\/posts"}],"about":[{"href":"https:\/\/www.europesays.com\/fr\/wp-json\/wp\/v2\/types\/post"}],"author":[{"embeddable":true,"href":"https:\/\/www.europesays.com\/fr\/wp-json\/wp\/v2\/users\/2"}],"replies":[{"embeddable":true,"href":"https:\/\/www.europesays.com\/fr\/wp-json\/wp\/v2\/comments?post=193918"}],"version-history":[{"count":0,"href":"https:\/\/www.europesays.com\/fr\/wp-json\/wp\/v2\/posts\/193918\/revisions"}],"wp:featuredmedia":[{"embeddable":true,"href":"https:\/\/www.europesays.com\/fr\/wp-json\/wp\/v2\/media\/193919"}],"wp:attachment":[{"href":"https:\/\/www.europesays.com\/fr\/wp-json\/wp\/v2\/media?parent=193918"}],"wp:term":[{"taxonomy":"category","embeddable":true,"href":"https:\/\/www.europesays.com\/fr\/wp-json\/wp\/v2\/categories?post=193918"},{"taxonomy":"post_tag","embeddable":true,"href":"https:\/\/www.europesays.com\/fr\/wp-json\/wp\/v2\/tags?post=193918"}],"curies":[{"name":"wp","href":"https:\/\/api.w.org\/{rel}","templated":true}]}}