{"id":193924,"date":"2025-06-21T17:05:23","date_gmt":"2025-06-21T17:05:23","guid":{"rendered":"https:\/\/www.europesays.com\/fr\/193924\/"},"modified":"2025-06-21T17:05:23","modified_gmt":"2025-06-21T17:05:23","slug":"en-direct-guerre-israel-iran-150-francais-rapatries-demain-soir-a-paris","status":"publish","type":"post","link":"https:\/\/www.europesays.com\/fr\/193924\/","title":{"rendered":"EN DIRECT &#8211; Guerre Isra\u00ebl-Iran : 150 Fran\u00e7ais rapatri\u00e9s demain soir \u00e0 Paris"},"content":{"rendered":"<ul class=\"jsx-862013697 ArticleChapo__List\">\n<li class=\"jsx-862013697 ArticleChapo__List_Item flex\">Le quai d&rsquo;Orsay annonce ce samedi qu&rsquo;un vol partira d&rsquo;Aman en Jordanie dimanche \u00e0 18h avec 150 ressortissants en situation de fragilit\u00e9, malades, personnes\u00a0\u00e2g\u00e9es ou\u00a0enfants.<\/li>\n<li class=\"jsx-862013697 ArticleChapo__List_Item flex\">Au 9\u1d49 jour du conflit entre Isra\u00ebl et l&rsquo;Iran, les frappes se poursuivent.<\/li>\n<li class=\"jsx-862013697 ArticleChapo__List_Item flex\">Suivez les derni\u00e8res informations sur ce conflit.<\/li>\n<\/ul>\n<p><a href=\"https:\/\/www.tf1info.fr\/actualite\/israel-frappe-l-iran-qui-promet-une-riposte-d-ampleur-operation-rising-lion-sites-civils-et-militaires-nucleaires-14305\/\" rel=\"noopener\" class=\"jsx-484472199 Link jsx-1428418400 jsx-554215408\" target=\"_blank\"><\/p>\n<p style=\"font-weight:400\" class=\"jsx-1837267516\">Suivez la couverture compl\u00e8te<\/p>\n<p style=\"font-weight:800\" class=\"jsx-1837267516\">Guerre Isra\u00ebl-Iran : les \u00c9tats-Unis vont-ils s&rsquo;engager ?<\/p>\n<p><\/a>Minute par minute18:58REFUS IRANIEN<\/p>\n<p>Le pr\u00e9sident iranien explique ce samedi refuser l&rsquo;arr\u00eat des activit\u00e9s nucl\u00e9aires du pays, \u00ab\u00a0quelles que soient les circonstances\u00a0\u00bb. L&rsquo;Iran formule par ailleurs la menace d&rsquo;une riposte \u00ab\u00a0encore plus d\u00e9vastatrice\u00a0\u00bb face \u00e0 la poursuite de \u00ab\u00a0l&rsquo;agression\u00a0\u00bb isra\u00e9lienne.<\/p>\n<p>18:48RAPATRIEMENTS<\/p>\n<p>Au cours d&rsquo;un point presse ce samedi, le minist\u00e8re des Affaires \u00e9trang\u00e8res a expliqu\u00e9 qu&rsquo;un vol partirait demain dimanche d&rsquo;Amman, en Jordanie, \u00e0 18 heures. \u00c0 son bord, il transportera 150 ressortissants en situation de fragilit\u00e9. Des personnes \u00e2g\u00e9es, malades, mais \u00e9galement des enfants.\u00a0<\/p>\n<p>Le quai d&rsquo;Orsay fait aussi savoir que depuis le d\u00e9but de la crise, il a re\u00e7u environ 4.000 appels depuis Isra\u00ebl, et 1.500 d&rsquo;Iran. Pour le rapatriement des ressortissants, les autorit\u00e9s ont d\u00e9ploy\u00e9 deux \u00e9quipes aux postes fronti\u00e8res d&rsquo;Arm\u00e9nie et de Turquie, en charge de l&rsquo;Iran. Pour ce qui est d&rsquo;Isra\u00ebl, ce sont deux autres \u00e9quipes qui ont \u00e9t\u00e9 mobilis\u00e9es, en place aux postes fronti\u00e8res de Jordanie et d&rsquo;\u00c9gypte. Des bus sont affr\u00e9t\u00e9s pour conduire les ressortissants jusqu&rsquo;aux a\u00e9roports<\/p>\n<p>Notons qu&rsquo;un deuxi\u00e8me vol partira lundi \u00e0 16 heures d&rsquo;Amman. Le Quai d&rsquo;Orsay conseille aux ressortissants fran\u00e7ais en Iran (\u00e9valu\u00e9s \u00e0 1.100) de quitter le pays et non plus seulement T\u00e9h\u00e9ran. Ils sont invit\u00e9s \u00e0 gagner la fronti\u00e8re par leurs propres moyens, aucun convoi n&rsquo;\u00e9tant organis\u00e9 pour des raisons de s\u00e9curit\u00e9.<\/p>\n<p>18:28L&rsquo;IRAN S&rsquo;ADRESSE \u00c0 LA FRANCE<\/p>\n<p>Le pr\u00e9sident iranien, Masoud Pezeshkian, a d\u00e9clar\u00e9 samedi que le droit de son pays \u00e0 mener des activit\u00e9s nucl\u00e9aires pacifiques ne pouvait lui \u00eatre retir\u00e9 \u00ab\u00a0par la guerre\u00a0\u00bb, au 9e jour du conflit entre l&rsquo;Iran et Isra\u00ebl. \u00a0<\/p>\n<p>\u00ab\u00a0L&rsquo;Iran a toujours annonc\u00e9 qu&rsquo;il \u00e9tait pr\u00eat \u00e0 fournir des garanties et instaurer la confiance concernant ses activit\u00e9s nucl\u00e9aires pacifiques dans le cadre du droit international\u00a0\u00bb, a affirm\u00e9 M. Pezeshkian lors d&rsquo;un entretien t\u00e9l\u00e9phonique avec son homologue fran\u00e7ais, Emmanuel Macron, selon l&rsquo;agence de presse officielle IRNA. \u00ab\u00a0Les droits accord\u00e9s aux pays et aux nations par le droit international ne peuvent leur \u00eatre retir\u00e9s par des menaces ou par la guerre\u00a0\u00bb, a-t-il ajout\u00e9.<\/p>\n<p>18:27UN ATTENTAT D\u00c9JOU\u00c9 ?<\/p>\n<p>Le ministre isra\u00e9lien des Affaires \u00e9trang\u00e8res Gideon Saar a annonc\u00e9 samedi qu&rsquo;une tentative d&rsquo;attentat ourdie par l&rsquo;Iran contre des citoyens isra\u00e9liens \u00e0 Chypre avait \u00e9t\u00e9 d\u00e9jou\u00e9e avec l&rsquo;aide des autorit\u00e9s de Nicosie.<\/p>\n<p>\u00ab\u00a0Le corps des Gardiens de la R\u00e9volution (arm\u00e9e id\u00e9ologique de la R\u00e9publique islamique, NDLR) a tent\u00e9 de commettre une attaque contre des citoyens isra\u00e9liens \u00e0 Chypre\u00a0\u00bb, \u00e9crit M. Saar dans un message sur X. \u00ab\u00a0Gr\u00e2ce \u00e0 l&rsquo;action des autorit\u00e9s de s\u00e9curit\u00e9 chypriotes, en coop\u00e9ration avec les services de s\u00e9curit\u00e9 isra\u00e9liens, l&rsquo;attaque a \u00e9t\u00e9 d\u00e9jou\u00e9e\u00a0\u00bb, ajoute-t-il.<\/p>\n<p>18:18ARRESTATION \u00c0 CHYPRE<\/p>\n<p>Un homme soup\u00e7onn\u00e9 d&rsquo;espionnage et de terrorisme a \u00e9t\u00e9 arr\u00eat\u00e9 samedi \u00e0 Chypre, a pr\u00e9cis\u00e9 la police chypriote, des m\u00e9dias lui pr\u00eatant des liens avec l&rsquo;Iran. Invoquant des motifs de \u00ab\u00a0s\u00e9curit\u00e9 nationale\u00a0\u00bb, la police n&rsquo;a pas fourni de d\u00e9tails sur le suspect.<\/p>\n<p>\u00ab\u00a0\u00c0 la suite d&rsquo;une op\u00e9ration coordonn\u00e9e aujourd&rsquo;hui, un individu soup\u00e7onn\u00e9 d&rsquo;\u00eatre impliqu\u00e9 dans des infractions li\u00e9es au terrorisme a \u00e9t\u00e9 arr\u00eat\u00e9\u00a0\u00bb, a indiqu\u00e9 la police samedi. Le suspect, qui a comparu devant un tribunal de Limassol \u00e0 huis clos, a \u00e9t\u00e9 plac\u00e9 en d\u00e9tention provisoire pendant huit jours pour \u00ab\u00a0infractions li\u00e9es, entre autres, au terrorisme et \u00e0 l&rsquo;espionnage\u00a0\u00bb.\u00a0<\/p>\n<p>17:14LE SOUTIEN DES HOUTHIS \u00c0 L&rsquo;IRAN<\/p>\n<p>Les rebelles houthis du Y\u00e9men ont menac\u00e9 samedi de s&rsquo;en prendre aux navires et b\u00e2timents de guerre am\u00e9ricains en mer Rouge, malgr\u00e9 un r\u00e9cent accord de cessez-le-feu, si Washington intervenait dans la guerre men\u00e9e par Isra\u00ebl contre leur alli\u00e9 iranien.\u00a0<\/p>\n<p>\u00ab\u00a0\u202fSi les Etats-Unis prennent part \u00e0 une attaque et une agression contre l&rsquo;Iran aux c\u00f4t\u00e9s de l&rsquo;ennemi isra\u00e9lien, les forces arm\u00e9es (houthis) viseront leurs navires et b\u00e2timents de guerre en mer Rouge\u00a0\u00bb, a affirm\u00e9 le porte-parole militaire du groupe rebelle, Yahya Saree, dans une vid\u00e9o.<\/p>\n<p>17:12INFILTRATION<\/p>\n<p>Ancien officier du renseignement militaire isra\u00e9lien, Rapha\u00ebl Jerusalmy a \u00e9voqu\u00e9 sur LCI l&rsquo;infiltration de l&rsquo;Iran par les renseignements isra\u00e9liens, organis\u00e9e depuis 30 ans. Une mission r\u00e9alis\u00e9e \u00ab\u00a0au nez et \u00e0 la barbe\u00a0\u00bb des Iraniens, a-t-il assur\u00e9.<\/p>\n<p>International<\/p>\n<p>VU SUR LCI<\/p>\n<p><img decoding=\"async\" src=\"https:\/\/www.europesays.com\/fr\/wp-content\/uploads\/2025\/06\/guerre-israel-iran-le-mossad-infiltre-l-iran-depuis-30-ans-et-ces-15-dernieres-annees-il-y-a-eu-une-.jpeg\" alt=\"Guerre Isra\u00ebl-Iran : &quot;Il y a une arm\u00e9e invisible isra\u00e9lienne sur le sol iranien&quot;\" loading=\"lazy\" importance=\"low\" fetchpriority=\"low\" class=\"\" aria-hidden=\"true\"\/>Publi\u00e9 aujourd&rsquo;hui \u00e0 16h4917:09ACCUSATIONS TURQUES<\/p>\n<p>Le ministre turc des Affaires \u00e9trang\u00e8res, Hakan Fidan, a vis\u00e9 publiquement Isra\u00ebl ce samedi, au neuvi\u00e8me jour de la guerre avec l&rsquo;Iran. \u00ab\u00a0Isra\u00ebl entra\u00eene d\u00e9sormais la r\u00e9gion au bord d&rsquo;un d\u00e9sastre total en attaquant l&rsquo;Iran, notre voisin\u00a0\u00bb, a d\u00e9clar\u00e9 le chef de la diplomatie turque lors d&rsquo;une r\u00e9union des ministres des Affaires \u00e9trang\u00e8res de l&rsquo;Organisation de la coop\u00e9ration islamique (OCI) \u00e0 Istanbul.<\/p>\n<p>\u00ab\u00a0Il n&rsquo;y a pas un probl\u00e8me palestinien, libanais, syrien, y\u00e9m\u00e9nite ou iranien, mais il y a clairement un probl\u00e8me isra\u00e9lien\u00a0\u00bb, a lanc\u00e9 M. Fidan, appelant \u00e0 stopper l'\u00a0\u00bbagression sans limites\u00a0\u00bb contre l&rsquo;Iran.<\/p>\n<p>17:03LE T\u00c9MOIGNAGE D&rsquo;UNE FRAN\u00c7AISE QUI A FUI ISRA\u00cbL<\/p>\n<p>Ressortissante fran\u00e7aise, \u00a0Gw\u00e9na\u00eblle Darmon a fait tout son possible pour fuir Isra\u00ebl \u00e0 la suite des bombardements lanc\u00e9s par l&rsquo;Iran. Pr\u00e9sente dans le pays \u00e0 l&rsquo;occasion d&rsquo;un mariage, elle regrette de n&rsquo;avoir pas pu disposer d&rsquo;une solution de rapatriement s\u00fbre et rapide. Sa d\u00e9cision ? Embarquer \u00e0 bord d&rsquo;un navire de p\u00eache priv\u00e9 isra\u00e9lien, afin de se rendre au plus vite \u00e0 Chypre. Elle a t\u00e9moign\u00e9 ce samedi en direct sur LCI.<\/p>\n<p>QUITTER ISRA\u00cbL ? UNE MISSION DELICATESource : TF1 Info<\/p>\n<p><img decoding=\"async\" src=\"https:\/\/www.europesays.com\/fr\/wp-content\/uploads\/2025\/06\/quitter-israel-une-mission-delicate-0bdc67-0@1x.jpeg\" alt=\"QUITTER ISRA\u00cbL ? UNE MISSION DELICATE\" loading=\"lazy\" importance=\"low\" fetchpriority=\"low\" class=\"\"\/><img decoding=\"async\" src=\"https:\/\/www.tf1info.fr\/images\/icons\/player-logo-play.svg\" alt=\"Logo lecture\" class=\"jsx-d0de44c05fe3042c PlayerLazyload__Play\"\/>16:18UN ATELIER DE PRODUCTION DE CENTRIFUGEUSES IRANIEN TOUCH\u00c9<\/p>\n<p>L&rsquo;Agence internationale de l&rsquo;\u00e9nergie atomique (AIEA) a confirm\u00e9 samedi qu&rsquo;un atelier de production de centrifugeuses, machines utilis\u00e9es pour enrichir l&rsquo;uranium, avait \u00e9t\u00e9 \u00ab\u00a0touch\u00e9\u00a0\u00bb apr\u00e8s de nouvelles frappes isra\u00e9liennes contre le site nucl\u00e9aire d&rsquo;Ispahan, dans le centre de l&rsquo;Iran.<\/p>\n<p>\u00ab\u00a0Nous connaissons bien cette installation. Il n&rsquo;y avait pas de mati\u00e8res nucl\u00e9aires et, par cons\u00e9quent, l&rsquo;attaque n&rsquo;aura aucune cons\u00e9quence en termes de radiation\u00a0\u00bb dans l&rsquo;environnement, a d\u00e9clar\u00e9 le directeur g\u00e9n\u00e9ral de l&rsquo;instance onusienne Rafael Grossi, cit\u00e9 dans un communiqu\u00e9.<\/p>\n<p>16:13EN ISRA\u00cbL, LA VIE DANS LES ABRIS<\/p>\n<p>De nombreux isra\u00e9liens redoutent les frappes iraniennes, mais toutes les familles ne disposent pas d&rsquo;un abri souterrain \u00e0 leur domicile. Une \u00e9quipe de LCI s&rsquo;est rendue \u00e0 Tel-Aviv, o\u00f9 des abris publics sont investis chaque jour par des citoyens, certains n&rsquo;h\u00e9sitant pas \u00e0 y passer des nuits enti\u00e8res.<\/p>\n<p>DES ABRIS PUBLICS EN ISRAEL POUR SE PROTEGER DES BOMBARDEMENTSSource : TF1 Info<\/p>\n<p><img decoding=\"async\" src=\"https:\/\/www.europesays.com\/fr\/wp-content\/uploads\/2025\/06\/des-abris-publics-en-israel-pour-se-proteger-des-bombardements-541d9a-0@1x.jpeg\" alt=\"DES ABRIS PUBLICS EN ISRAEL POUR SE PROTEGER DES BOMBARDEMENTS\" loading=\"lazy\" importance=\"low\" fetchpriority=\"low\" class=\"\"\/><img decoding=\"async\" src=\"https:\/\/www.tf1info.fr\/images\/icons\/player-logo-play.svg\" alt=\"Logo lecture\" class=\"jsx-d0de44c05fe3042c PlayerLazyload__Play\"\/>15:58UNE MAIN TENDUE RUSSE \u00c0 L&rsquo;IRAN<\/p>\n<p>En direct depuis Moscou, le correspondant de TF1-LCI J\u00e9r\u00f4me Garro est revenu sur le soutien apport\u00e9 \u00e0 l&rsquo;Iran par la Russie. Vladimir Poutine a en effet propos\u00e9 que son pays enrichisse de l&rsquo;uranium pour le compte de T\u00e9h\u00e9ran, dans le cadre d&rsquo;un programme nucl\u00e9aire civil. Le dirigeant s&rsquo;est \u00e9galement align\u00e9 sur les positions des Iraniens, ces derniers assurant ne pas chercher \u00e0 d\u00e9velopper une bombe atomique.<\/p>\n<p>Moscou tend la main aux autorit\u00e9s iraniennesSource : TF1 Info<\/p>\n<p><img decoding=\"async\" src=\"https:\/\/www.europesays.com\/fr\/wp-content\/uploads\/2025\/06\/moscou-tend-la-main-aux-autorites-iraniennes-a4192a-0@1x.jpeg\" alt=\"Moscou tend la main aux autorit\u00e9s iraniennes\" loading=\"lazy\" importance=\"low\" fetchpriority=\"low\" class=\"\"\/><img decoding=\"async\" src=\"https:\/\/www.tf1info.fr\/images\/icons\/player-logo-play.svg\" alt=\"Logo lecture\" class=\"jsx-d0de44c05fe3042c PlayerLazyload__Play\"\/>15:40ATTAQUE DE DRONE IRANIENNE<\/p>\n<p>Les secours isra\u00e9liens ont annonc\u00e9 samedi qu&rsquo;un drone iranien avait frapp\u00e9 un immeuble r\u00e9sidentiel \u00e0 Beit Sh\u00e9an, ville du nord d&rsquo;Isra\u00ebl, o\u00f9 un photographe de l&rsquo;AFP a vu un trou b\u00e9ant dans une fa\u00e7ade noircie par une explosion au rez-de-chauss\u00e9e d&rsquo;une habitation.<\/p>\n<p>La frappe n&rsquo;a fait aucune victime, a indiqu\u00e9 le Magen David Adom, \u00e9quivalent isra\u00e9lien de la Croix-Rouge. Selon le Commandement du front int\u00e9rieur (D\u00e9fense passive), les sir\u00e8nes d&rsquo;alerte antia\u00e9rienne ont retenti samedi matin dans plusieurs zones du nord d&rsquo;Isra\u00ebl, dont Beit Sh\u00e9an, ville proche de la fronti\u00e8re jordanienne. \u00a0<\/p>\n<p>15:21MOUVEMENTS DE R\u00c9FUGI\u00c9S<\/p>\n<p>Les Nations Unies ont affirm\u00e9 samedi que la guerre entre l&rsquo;Iran et Isra\u00ebl ne doit pas d\u00e9clencher une nouvelle crise de r\u00e9fugi\u00e9s au Moyen-Orient, soulignant qu&rsquo;une fois que les gens fuient, il n&rsquo;y a pas de retour rapide.<\/p>\n<p>Le Haut Commissariat de l&rsquo;ONU pour les r\u00e9fugi\u00e9s (HCR) a indiqu\u00e9 que l&rsquo;intensit\u00e9 des attaques entre les deux parties d\u00e9clenchait d\u00e9j\u00e0 des mouvements de population dans les deux pays. De tels mouvements ont d\u00e9j\u00e0 \u00e9t\u00e9 signal\u00e9s \u00e0 T\u00e9h\u00e9ran et dans d&rsquo;autres parties de l&rsquo;Iran, a-t-il d\u00e9clar\u00e9, avec des habitants \u00a0traversant les fronti\u00e8res vers les pays voisins.<\/p>\n<p>\u00a0\u00ab\u00a0Cette r\u00e9gion a d\u00e9j\u00e0 endur\u00e9 plus que sa part de guerre, de pertes et de d\u00e9placements. Nous ne pouvons pas permettre qu&rsquo;une autre crise de r\u00e9fugi\u00e9s prenne racine\u00a0\u00bb, a d\u00e9clar\u00e9 Filippo Grandi, le haut-commissaire des Nations Unies pour les r\u00e9fugi\u00e9s. \u00ab\u00a0Le moment de d\u00e9samorcer la situation est maintenant. Une fois que les gens sont forc\u00e9s de fuir, il n&rsquo;y a pas de retour rapide \u2013 et trop souvent, les cons\u00e9quences perdurent pendant des g\u00e9n\u00e9rations\u00a0\u00bb, a ajout\u00e9 le responsable.<\/p>\n<p>14:29PLUS DE 400 MORTS EN IRAN<\/p>\n<p>Les frappes isra\u00e9liennes en Iran ont fait plus de 400 morts, en majorit\u00e9 des civils, depuis le d\u00e9but de la guerre le 13 juin, selon un nouveau bilan communiqu\u00e9 samedi par le minist\u00e8re iranien de la Sant\u00e9.\u00a0<\/p>\n<p>\u00ab\u00a0Les attaques isra\u00e9liennes ont co\u00fbt\u00e9 la vie \u00e0 plus de 400 Iraniens et 3.056 ont \u00e9t\u00e9 bless\u00e9s par des missiles et des drones\u00a0\u00bb, \u00e0 la date de samedi, a \u00e9crit sur X le porte-parole du minist\u00e8re de la Sant\u00e9, Hossein Kermanpour.<\/p>\n<p>14:18&Prime;PUISSANTES EXPLOSIONS\u00a0\u00bb EN IRAN<\/p>\n<p>Plusieurs \u00ab\u00a0puissantes explosions\u00a0\u00bb ont \u00e9t\u00e9 entendues cet apr\u00e8s-midi \u00e0 Ahvaz dans le sud-ouest de l&rsquo;Iran, a rapport\u00e9 le quotidien iranien Shargh. La ville d&rsquo;Ahvaz est le chef-lieu de la province du Khouzestan, frontali\u00e8re de l&rsquo;Irak. L&rsquo;arm\u00e9e isra\u00e9lienne a annonc\u00e9 mener de nouvelles frappes contre des \u00ab\u00a0infrastructures militaires\u00a0\u00bb dans le sud-ouest de l&rsquo;Iran.<\/p>\n<p>14:16NOUVELLES FRAPPES ISRA\u00c9LIENNES<\/p>\n<p>L&rsquo;arm\u00e9e isra\u00e9lienne annonce de nouvelles frappes contre des \u00ab\u00a0infrastructures militaires\u00a0\u00bb dans le sud-ouest de l&rsquo;Iran. \u00ab\u00a0Des avions de combat frappent actuellement des infrastructures militaires dans le sud-ouest de l&rsquo;Iran\u00a0\u00bb, indique un communiqu\u00e9 militaire, sans plus de d\u00e9tails.<\/p>\n<p>14:03AU POSTE-FRONTI\u00c8RE AVEC L&rsquo;IRAN<\/p>\n<p>Des centaines d&rsquo;habitants tentent chaque jour de fuir l&rsquo;Iran. Reportage des \u00e9quipes de TF1 \u00e0 Kapikoy, l&rsquo;un des seuls points de passage entre l&rsquo;Iran et la Turquie.<\/p>\n<p>Au poste fronti\u00e8re avec l&rsquo;IranSource : JT 13h WE<\/p>\n<p><img decoding=\"async\" src=\"https:\/\/www.europesays.com\/fr\/wp-content\/uploads\/2025\/06\/au-poste-frontiere-avec-l-iran-1-b62b93-0@1x.jpeg\" alt=\"Au poste fronti\u00e8re avec l'Iran\" loading=\"lazy\" importance=\"low\" fetchpriority=\"low\" class=\"\"\/><img decoding=\"async\" src=\"https:\/\/www.tf1info.fr\/images\/icons\/player-logo-play.svg\" alt=\"Logo lecture\" class=\"jsx-d0de44c05fe3042c PlayerLazyload__Play\"\/>13:26LA FRANCE VA \u00ab\u00a0ACC\u00c9L\u00c9RER LES N\u00c9GOCIATIONS AVEC L&rsquo;IRAN\u00a0\u00bb<\/p>\n<p>Emmanuel Macron s&rsquo;est entretenu avec le pr\u00e9sident iranien Masoud Pezeshkian, indique-t-il sur X. \u00ab\u00a0Je lui ai d&rsquo;abord redit mon exigence : C\u00e9cile Kohler et Jacques Paris doivent \u00eatre lib\u00e9r\u00e9s. Leur d\u00e9tention inhumaine est injuste. J&rsquo;attends leur retour en France\u00a0\u00bb, a \u00e9crit le chef de l&rsquo;\u00c9tat.<\/p>\n<p>\u00ab\u00a0Je lui ai dit aussi ma profonde inqui\u00e9tude concernant le programme nucl\u00e9aire iranien. L\u00e0 encore, je suis exigeant : l&rsquo;Iran ne doit jamais avoir l&rsquo;arme nucl\u00e9aire et il lui appartient de donner toute garantie que ses intentions sont pacifiques. Je suis convaincu qu&rsquo;il existe un chemin pour sortir de la guerre et \u00e9viter de plus graves dangers. Pour y parvenir, nous allons acc\u00e9l\u00e9rer les n\u00e9gociations engag\u00e9es par la France et ses partenaires europ\u00e9ens avec l&rsquo;Iran.\u00a0\u00bb<\/p>\n<blockquote data-testid=\"EmbedTwitter\" id=\"tweet-1936383653816181070-:Recj9lkj6ij9n79m:\" class=\"jsx-aeff1a1c40f54d7a twitter-tweet flex justify-center items-center\"><p>Le Pr\u00e9sident iranien  @drpezeshkian m\u2019a appel\u00e9. Je lui ai d\u2019abord redit mon exigence : C\u00e9cile Kohler et Jacques Paris doivent \u00eatre lib\u00e9r\u00e9s. Leur d\u00e9tention inhumaine est injuste. J\u2019attends leur retour en France. Je lui ai dit aussi ma profonde inqui\u00e9tude concernant le programme\u2026 \u2014 Emmanuel Macron (@EmmanuelMacron)  June 21, 2025<\/p><\/blockquote>\n<p>12:06QUATRE GARDIENS DE LA R\u00c9VOLUTION TU\u00c9S<\/p>\n<p>Quatre combattants du Corps des Gardiens de la R\u00e9volution, l&rsquo;arm\u00e9e id\u00e9ologique de la R\u00e9publique islamique d&rsquo;Iran, ont \u00e9t\u00e9 tu\u00e9s dans un centre d&rsquo;entra\u00eenement dans le nord-ouest du pays, rapporte l&rsquo;agence de presse Isna. \u00ab\u00a0Quatre personnes sont mortes en martyrs et trois autres ont \u00e9t\u00e9 bless\u00e9es lors d&rsquo;une attaque isra\u00e9lienne contre un camp d&rsquo;entra\u00eenement des Gardiens de la R\u00e9volution \u00e0 Tabriz.\u00a0\u00bb<\/p>\n<p>11:31SITE NUCL\u00c9AIRE D&rsquo;ISPAHAN<\/p>\n<p>L&rsquo;arm\u00e9e isra\u00e9lienne a men\u00e9 dans la nuit une frappe sur \u00ab\u00a0le site nucl\u00e9aire d&rsquo;Ispahan\u00a0\u00bb. Cette attaque a \u00ab\u00a0port\u00e9 un coup s\u00e9v\u00e8re aux capacit\u00e9s de production de centrifugeuses de l&rsquo;Iran\u00a0\u00bb, selon l&rsquo;\u00c9tat h\u00e9breu. Un responsable local iranien estime, lui, \u00ab\u00a0qu&rsquo;aucune fuite de mat\u00e9riaux n&rsquo;a \u00e9t\u00e9 constat\u00e9e\u00a0\u00bb.<\/p>\n<p>International<img decoding=\"async\" src=\"https:\/\/www.europesays.com\/fr\/wp-content\/uploads\/2025\/06\/centrale-nucleaire-ispahan-iran-2005-4c465d-0@1x.jpeg\" alt=\"Guerre Isra\u00ebl-Iran : le site nucl\u00e9aire d'Ispahan vis\u00e9 par une frappe\" loading=\"lazy\" importance=\"low\" fetchpriority=\"low\" class=\"\" aria-hidden=\"true\"\/>Publi\u00e9 aujourd&rsquo;hui \u00e0 11h2811:18BRUNO RETAILLEAU SUR LCI<\/p>\n<p>Le ministre de l&rsquo;Int\u00e9rieur Bruno Retailleau sera l&rsquo;invit\u00e9 de LCI (canal 15) ce dimanche \u00e0 18h. Il reviendra sur la menace terroriste et les tensions au Proche-Orient.<\/p>\n<blockquote data-testid=\"EmbedTwitter\" id=\"tweet-1936348364431606207-:Recm9lkj6ij9n79m:\" class=\"jsx-aeff1a1c40f54d7a twitter-tweet flex justify-center items-center\"><p>\ud83d\udd34 Ce dimanche 22 juin \u00e0 18h sur LCI  \ud83d\udde3\ufe0f \ud835\udc01\ud835\udc2b\ud835\udc2e\ud835\udc27\ud835\udc28 \ud835\udc11\ud835\udc1e\ud835\udc2d\ud835\udc1a\ud835\udc22\ud835\udc25\ud835\udc25\ud835\udc1e\ud835\udc1a\ud835\udc2e ( @BrunoRetailleau ), ministre de l&rsquo;Int\u00e9rieur, sera l&rsquo;invit\u00e9 de Darius Rochebin ( @DariusRochebin ). Il reviendra sur la menace terroriste et les tensions au Moyen-Orient en direct du minist\u00e8re de l&rsquo;Int\u00e9rieur.  pic.twitter.com\/16agsh3OLO \u2014 LCI (@LCI)  June 21, 2025<\/p><\/blockquote>\n<p>11:12&Prime;D\u00c9SASTRE TOTAL\u00a0\u00bb<\/p>\n<p>Le ministre turc des Affaires \u00e9trang\u00e8res Hakan Fidan accuse Isra\u00ebl d&rsquo;entra\u00eener la r\u00e9gion vers un \u00ab\u00a0d\u00e9sastre total\u00a0\u00bb. \u00ab\u00a0Isra\u00ebl entra\u00eene d\u00e9sormais la r\u00e9gion au bord d&rsquo;un d\u00e9sastre total en attaquant l&rsquo;Iran, notre voisin\u00a0\u00bb, a d\u00e9clar\u00e9 le chef de la diplomatie turque, au premier jour d&rsquo;un sommet de l&rsquo;Organisation de la coop\u00e9ration islamique \u00e0 Istanbul.<\/p>\n<p>10:44ISRA\u00cbL : UN IMMEUBLE R\u00c9SIDENTIEL TOUCH\u00c9 PAR UNE FRAPPE<\/p>\n<p>Un immeuble r\u00e9sidentiel dans le nord d&rsquo;Isra\u00ebl a \u00e9t\u00e9 touch\u00e9 par une frappe de drone sans avoir caus\u00e9 pour l&rsquo;instant de victime, indiquent les services de secours. Apr\u00e8s que l&rsquo;arm\u00e9e a fait \u00e9tat d&rsquo;une intrusion dans le ciel de la r\u00e9gion du Beit Shean, le Magen David Adom, \u00e9quivalent isra\u00e9lien de la Croix-Rouge, a indiqu\u00e9 qu'\u00a0\u00bbune frappe de drone avait atteint un immeuble de deux \u00e9tages dans le nord\u00a0\u00bb du pays et que les premiers secouristes d\u00e9p\u00each\u00e9s sur place n&rsquo;avaient pas trouv\u00e9 \u00e0 ce stade de personnes bless\u00e9es.<\/p>\n<p>10:19SITE NUCL\u00c9AIRE D&rsquo;ISPAHAN<\/p>\n<p>Isra\u00ebl a men\u00e9 une frappe contre le site nucl\u00e9aire d&rsquo;Ispahan en Iran, confirme une source militaire isra\u00e9lienne. \u00ab\u00a0Au cours de la nuit, nous avons pris pour cible deux sites de production de centrifugeuses dans cette zone\u00a0\u00bb d&rsquo;Ispahan, a d\u00e9clar\u00e9 cette source militaire, qui estime qu&rsquo;Isra\u00ebl a \u00ab\u00a0port\u00e9 un coup s\u00e9v\u00e8re aux capacit\u00e9s de production de centrifugeuses de l&rsquo;Iran\u00a0\u00bb. L&rsquo;arm\u00e9e avait d\u00e9j\u00e0 annonc\u00e9 des frappes dans ce secteur au premier jour de la guerre.<\/p>\n<p>09:56COMMANDANTS IRANIENS TU\u00c9S<\/p>\n<p>L&rsquo;arm\u00e9e isra\u00e9lienne affirme avoir tu\u00e9 un commandant des Gardiens de la R\u00e9volution iraniens (CGRI) en charge de la coordination avec le Hamas, dans une frappe a\u00e9rienne au cours de la nuit. Sa\u00efd \u00ab\u00a0Izadi \u00e9tait responsable de la coordination militaire entre les hauts commandants du CGRI et le r\u00e9gime iranien avec des personnalit\u00e9s cl\u00e9s de l&rsquo;organisation terroriste Hamas\u00a0\u00bb, d\u00e9taille le communiqu\u00e9. L&rsquo;arm\u00e9e a \u00e9galement annonc\u00e9 avoir tu\u00e9 deux autres commandants des Gardiens, Behnam Chahriyari et Aminpour Joudaki.<\/p>\n<p>09:25COURSE AUX ABRIS<\/p>\n<p>Depuis une semaine, les Isra\u00e9liens ont pris l&rsquo;habitude de se rendre dans les abris anti-missiles. Certains ont m\u00eame d\u00e9cid\u00e9 d&rsquo;y dormir. Reportage \u00e0 Tel-Aviv.<\/p>\n<p>Chaque nuit, la course aux abris \u00e0 Tel AvivSource : Les MATINS LCI<\/p>\n<p><a href=\"https:\/\/www.tf1info.fr\/international\/videos\/video-chaque-nuit-la-course-aux-abris-a-tel-aviv-65062-2378306.html\" rel=\"noopener\" class=\"jsx-484472199 Link\" target=\"_blank\"><img decoding=\"async\" src=\"https:\/\/www.europesays.com\/fr\/wp-content\/uploads\/2025\/06\/chaque-nuit-la-course-aux-abris-a-tel-aviv-ea5356-0@1x.jpeg\" alt=\"\" loading=\"lazy\" importance=\"low\" fetchpriority=\"low\" class=\"\" aria-hidden=\"true\"\/><\/p>\n<p>01:36<\/p>\n<p><\/a>08:53CHASSE AUX ESPIONS<\/p>\n<p>En Iran, 22 personnes accus\u00e9es d'\u00a0\u00bbespionnage\u00a0\u00bb au profit d&rsquo;Isra\u00ebl ont \u00e9t\u00e9 arr\u00eat\u00e9es depuis le 13 juin. Voici comment le r\u00e9gime iranien tente de chasser les espions.<\/p>\n<p>Iran : la chasse aux espionsSource : TF1 Info<\/p>\n<p><img decoding=\"async\" src=\"https:\/\/www.europesays.com\/fr\/wp-content\/uploads\/2025\/06\/iran-la-chasse-aux-espions-4b811c-0@1x.jpeg\" alt=\"Iran : la chasse aux espions\" loading=\"lazy\" importance=\"low\" fetchpriority=\"low\" class=\"\"\/><img decoding=\"async\" src=\"https:\/\/www.tf1info.fr\/images\/icons\/player-logo-play.svg\" alt=\"Logo lecture\" class=\"jsx-d0de44c05fe3042c PlayerLazyload__Play\"\/>07:59SITE NUCL\u00c9AIRE D&rsquo;ISPAHAN<\/p>\n<p>Une attaque isra\u00e9lienne contre l&rsquo;Iran a vis\u00e9 dans la nuit de vendredi \u00e0 samedi un site nucl\u00e9aire \u00e0 Ispahan (centre), ont affirm\u00e9 les agences Mehr et Fars, \u00e9cartant tout d\u00e9g\u00e2t et risques pour la population.<\/p>\n<p>\u00ab\u00a0Lors de l&rsquo;attaque \u00e0 l&rsquo;aube aujourd&rsquo;hui contre le site nucl\u00e9aire d&rsquo;Ispahan, la plupart des bruits \u00e9taient li\u00e9s \u00e0 la d\u00e9fense anti-a\u00e9rienne et d&rsquo;autres \u00e0 des attaques ennemies\u00a0\u00bb, ont indiqu\u00e9 Mehr et Fars citant un responsable local, qui assure \u00ab\u00a0qu&rsquo;aucune fuite de mat\u00e9riaux n&rsquo;a \u00e9t\u00e9 constat\u00e9e\u00a0\u00bb.<\/p>\n<p>07:12LE R\u00c9CAP&rsquo; DE LA NUIT<\/p>\n<p>L&rsquo;arm\u00e9e isra\u00e9lienne a lanc\u00e9 dans la nuit une nouvelle vague de frappes contre des sites de stockage et de lancements de missiles en Iran, qui a de son c\u00f4t\u00e9 arr\u00eat\u00e9 22 personnes pour \u00ab\u00a0espionnage\u00a0\u00bb. Le r\u00e9cap&rsquo; des derni\u00e8res heures avec notre envoy\u00e9 sp\u00e9cial en Isra\u00ebl.<\/p>\n<p>Isra\u00ebl-Iran : 9e jour de guerre entre les deux paysSource : TF1 Info<\/p>\n<p><img decoding=\"async\" src=\"https:\/\/www.europesays.com\/fr\/wp-content\/uploads\/2025\/06\/israel-iran-9e-jour-de-guerre-entre-les-deux-pays-669ef8-0@1x.jpeg\" alt=\"Isra\u00ebl-Iran : 9e jour de guerre entre les deux pays\" loading=\"lazy\" importance=\"low\" fetchpriority=\"low\" class=\"\"\/><img decoding=\"async\" src=\"https:\/\/www.tf1info.fr\/images\/icons\/player-logo-play.svg\" alt=\"Logo lecture\" class=\"jsx-d0de44c05fe3042c PlayerLazyload__Play\"\/>07:0522 ARRESTATIONS EN IRAN<\/p>\n<p>La police de la province iranienne de Qom annonce que 22 personnes accus\u00e9es d'\u00a0\u00bbespionnage\u00a0\u00bb au profit d&rsquo;Isra\u00ebl ont \u00e9t\u00e9 arr\u00eat\u00e9es depuis les premi\u00e8res frappes isra\u00e9liennes le 13 juin. \u00ab\u00a022 personnes ont \u00e9t\u00e9 identifi\u00e9es et arr\u00eat\u00e9es, car elles sont accus\u00e9es d&rsquo;\u00eatre li\u00e9es au service d&rsquo;espionnage du r\u00e9gime sioniste et de perturber l&rsquo;opinion publique\u00a0\u00bb, affirme l&rsquo;agence, citant le chef du renseignement policier de la province du centre du pays.<\/p>\n<p>07:01NUCL\u00c9AIRE IRANIEN<\/p>\n<p>Isra\u00ebl estime avoir \u00ab\u00a0d\u00e9j\u00e0 retard\u00e9 d&rsquo;au moins deux ou trois ans la possibilit\u00e9\u00a0\u00bb pour l&rsquo;Iran de disposer de la bombe atomique, apr\u00e8s une semaine de frappes sur des centaines de sites militaires et nucl\u00e9aires, affirme le ministre des Affaires \u00e9trang\u00e8res isra\u00e9lien dans un entretien publi\u00e9 ce samedi.<\/p>\n<p>Le r\u00e9sultat de l&rsquo;offensive isra\u00e9lienne est \u00ab\u00a0tr\u00e8s significatif\u00a0\u00bb, a dit Gideon Saar dans cet entretien au journal allemand Bild. L&rsquo;Iran, qui riposte avec des tirs de missiles et de drones vers Isra\u00ebl, d\u00e9ment vouloir fabriquer l&rsquo;arme atomique, mais d\u00e9fend son droit \u00e0 d\u00e9velopper un programme nucl\u00e9aire civil.<\/p>\n<p>06:58NOUVELLES FRAPPES ISRA\u00c9LIENNES<\/p>\n<p>L&rsquo;arm\u00e9e isra\u00e9lienne a annonc\u00e9 dans la nuit de vendredi \u00e0 samedi avoir lanc\u00e9 une nouvelle vague de frappes a\u00e9riennes contre des sites de stockage et de lancements de missiles en Iran. \u00ab\u00a0L&rsquo;arm\u00e9e de l&rsquo;air a maintenant lanc\u00e9 une vague d&rsquo;attaques contre les infrastructures de stockage et de lancement de missiles dans le centre de l&rsquo;Iran\u00a0\u00bb, a indiqu\u00e9 l&rsquo;arm\u00e9e.<\/p>\n<p>06:56<\/p>\n<p>Bonjour et bienvenue sur TF1info pour suivre l&rsquo;actualit\u00e9 autour de la guerre entre Isra\u00ebl et l&rsquo;Iran.<\/p>\n<p data-module=\"article-paragraph\" class=\"jsx-3046738180 Paragraph\">L&rsquo;Iran a \u00e9cart\u00e9 vendredi une reprise des n\u00e9gociations nucl\u00e9aires avec les \u00c9tats-Unis avant l&rsquo;arr\u00eat des attaques isra\u00e9liennes contre son territoire. \u00ab\u00a0L&rsquo;Iran est pr\u00eat \u00e0 envisager \u00e0 nouveau la diplomatie une fois que l&rsquo;agression aura cess\u00e9 (&#8230;)\u00a0\u00bb, a d\u00e9clar\u00e9 le chef de la diplomatie iranienne Abbas Araghchi, en r\u00e9f\u00e9rence aux discussions lanc\u00e9es en avril avec les \u00c9tats-Unis pour trouver un accord sur le nucl\u00e9aire et suspendues apr\u00e8s le d\u00e9but de la guerre.<\/p>\n<p data-module=\"article-paragraph\" class=\"jsx-3046738180 Paragraph Paragraph__End\">Vendredi soir, plusieurs explosions ont retenti \u00e0 T\u00e9h\u00e9ran, alors que l&rsquo;agence de presse Fars a rapport\u00e9 l&rsquo;entr\u00e9e en action des syst\u00e8mes de d\u00e9fense anti-a\u00e9rienne dans le centre de la capitale, une semaine apr\u00e8s le d\u00e9but de la guerre entre Isra\u00ebl et l&rsquo;Iran.<\/p>\n<p><a href=\"https:\/\/www.tf1info.fr\/international\/video-reportage-tf1-guerre-israel-iran-presque-1-000-familles-a-reloger-a-tel-aviv-ces-israeliens-a-la-recherche-d-un-abri-a-tout-prix-2378264.html\" rel=\"noopener\" class=\"jsx-3308031228 Link flex\" target=\"_blank\"><img decoding=\"async\" src=\"https:\/\/www.europesays.com\/fr\/wp-content\/uploads\/2025\/06\/tel-aviv-abris-parking-60509f-0@1x.jpeg\" alt=\"Un parking am\u00e9nag\u00e9 en abri dans le centre de Tel-Aviv. \" loading=\"lazy\" importance=\"low\" fetchpriority=\"low\" class=\"\"\/><\/p>\n<p class=\"jsx-3657663356 ReadMoreArticle__Title\">Lire aussi<\/p>\n<p class=\"jsx-3657663356\">\u00ab\u00a0Presque 1.000 familles \u00e0 reloger\u00a0\u00bb : \u00e0 Tel-Aviv, ces Isra\u00e9liens \u00e0 la recherche d&rsquo;un abri \u00e0 tout prix<\/p>\n<p><\/a><\/p>\n<p data-module=\"article-paragraph\" class=\"jsx-3046738180 Paragraph Paragraph__End\">Donald Trump, estimant \u00ab\u00a0substantielle\u00a0\u00bb la possibilit\u00e9 de n\u00e9gociations avec T\u00e9h\u00e9ran, a annonc\u00e9 jeudi qu&rsquo;il se donnait <a href=\"https:\/\/www.tf1info.fr\/international\/en-direct-moyen-orient-guerre-israel-iran-donald-trump-entretient-l-incertitude-sur-ses-intentions-benyamin-netanyahou-ali-khamenei-les-dernieres-informations-de-ce-jeudi-19-juin-2025-2377852.html\" target=\"_blank\" rel=\"noopener\">\u00ab\u00a0deux semaines\u00a0\u00bb au maximum<\/a> pour d\u00e9cider d&rsquo;une \u00e9ventuelle intervention militaire am\u00e9ricaine aux c\u00f4t\u00e9s d&rsquo;Isra\u00ebl contre l&rsquo;Iran. Apr\u00e8s une rencontre vendredi \u00e0 Gen\u00e8ve entre des ministres des Affaires \u00e9trang\u00e8res europ\u00e9ens et le chef de la diplomatie iranienne, le pr\u00e9sident am\u00e9ricain a comment\u00e9 : \u00ab\u00a0L&rsquo;Iran ne veut pas parler \u00e0 l&rsquo;Europe. Ils veulent nous parler \u00e0 nous. L&rsquo;Europe ne va pas pouvoir aider sur ce sujet.\u00a0\u00bb<\/p>\n<p data-module=\"article-paragraph\" class=\"jsx-3046738180 Paragraph\">Affirmant que l&rsquo;Iran \u00e9tait sur le point de se doter de la bombe atomique, Isra\u00ebl a lanc\u00e9 le 13 juin une attaque a\u00e9rienne massive contre son ennemi jur\u00e9, frappant des centaines de sites militaires et nucl\u00e9aires et tuant les plus hauts grad\u00e9s du pays et des scientifiques du nucl\u00e9aire. L&rsquo;Iran, qui riposte avec des tirs de missiles et de drones <a href=\"https:\/\/www.tf1info.fr\/international\/guerre-israel-les-images-des-frappes-iraniennes-sur-haifa-qui-ont-fait-une-vingtaine-de-blesses-2378239.html\" target=\"_blank\" rel=\"noopener\">vers Isra\u00ebl<\/a>, d\u00e9ment vouloir fabriquer l&rsquo;arme atomique mais d\u00e9fend son droit \u00e0 d\u00e9velopper un programme nucl\u00e9aire civil.<\/p>\n<p data-module=\"article-paragraph\" class=\"jsx-3046738180 Paragraph Paragraph__End\">Le chef de l&rsquo;Agence internationale de l&rsquo;\u00e9nergie atomique (AIEA) Rafael Grossi affirme que son agence n&rsquo;a d\u00e9cel\u00e9 dans son dernier rapport aucun indice laissant penser que l&rsquo;Iran fabrique \u00e0 l&rsquo;heure actuelle une arme atomique.<\/p>\n<p data-module=\"article-paragraph\" class=\"jsx-3046738180 Paragraph Paragraph__End\">L&rsquo;Allemagne, la France et la Grande-Bretagne ont exhort\u00e9 pour leur part l&rsquo;Iran \u00e0<a href=\"https:\/\/www.tf1info.fr\/international\/video-israel-iran-paris-berlin-et-londres-vont-faire-une-offre-de-negociation-complete-a-teheran-annonce-emmanuel-macron-2378173.html\" target=\"_blank\" rel=\"noopener\"> poursuivre la voie diplomatique<\/a> \u00ab\u00a0sans attendre la fin du conflit\u00a0\u00bb pour r\u00e9soudre l&rsquo;\u00e9pineuse question de son programme nucl\u00e9aire. \u00ab\u00a0Le r\u00e9sultat positif aujourd&rsquo;hui est que nous quittons la salle avec le sentiment que l&rsquo;Iran est fondamentalement pr\u00eat \u00e0 continuer \u00e0 discuter de toutes les questions importantes pour nous, Europ\u00e9ens\u00a0\u00bb, a d\u00e9clar\u00e9 le ministre allemand Johann Wadephul. Pour son homologue fran\u00e7ais Jean-No\u00ebl Barrot, il ne peut y avoir \u00ab\u00a0de solution d\u00e9finitive par la voie militaire au probl\u00e8me du nucl\u00e9aire iranien\u00a0\u00bb. Emmanuel Macron avait affirm\u00e9 que les Europ\u00e9ens allaient faire \u00ab\u00a0une offre de n\u00e9gociation compl\u00e8te\u00a0\u00bb \u00e0 l&rsquo;Iran incluant le nucl\u00e9aire et les \u00ab\u00a0activit\u00e9s balistiques\u00a0\u00bb iraniens notamment.<\/p>\n<p data-module=\"article-paragraph\" class=\"jsx-3046738180 Paragraph Paragraph__End\">Alors que la r\u00e9union de Gen\u00e8ve \u00e9tait en cours, le chef d&rsquo;\u00e9tat-major isra\u00e9lien, le lieutenant-g\u00e9n\u00e9ral Eyal Zamir, a adress\u00e9 un message vid\u00e9o aux \u00ab\u00a0citoyens d&rsquo;Isra\u00ebl\u00a0\u00bb. \u00ab\u00a0Nous avons lanc\u00e9 la campagne la plus complexe de notre histoire (&#8230;) Nous devons \u00eatre pr\u00eats \u00e0 une campagne prolong\u00e9e\u00a0\u00bb, a-t-il dit. \u00ab\u00a0Malgr\u00e9 des avanc\u00e9es significatives, des jours difficiles nous attendent. Nous nous pr\u00e9parons \u00e0 de nombreuses \u00e9ventualit\u00e9s.\u00a0\u00bb<\/p>\n<p>La r\u00e9daction de TF1info<\/p>\n<p><script async src=\"https:\/\/platform.twitter.com\/widgets.js\" charset=\"utf-8\"><\/script><\/p>\n","protected":false},"excerpt":{"rendered":"Le quai d&rsquo;Orsay annonce ce samedi qu&rsquo;un vol partira d&rsquo;Aman en Jordanie dimanche \u00e0 18h avec 150 ressortissants&hellip;\n","protected":false},"author":2,"featured_media":193925,"comment_status":"","ping_status":"","sticky":false,"template":"","format":"standard","meta":{"footnotes":""},"categories":[1589],"tags":[1111,11,1921,952,75,73,1866,33271,1922,3019,664,12,5654,1864,1865,1863,308,133,1920],"class_list":{"0":"post-193924","1":"post","2":"type-post","3":"status-publish","4":"format-standard","5":"has-post-thumbnail","7":"category-etats-unis","8":"tag-actu","9":"tag-actualites","10":"tag-article-video","11":"tag-benyamin-netanyahou","12":"tag-donald-trump","13":"tag-etats-unis","14":"tag-etats-unis-damerique","15":"tag-guerre-israel-iran-les-etats-unis-vont-ils-sengager","16":"tag-info","17":"tag-iran","18":"tag-israel","19":"tag-news","20":"tag-nucleaire","21":"tag-united-states","22":"tag-united-states-of-america","23":"tag-us","24":"tag-usa","25":"tag-video","26":"tag-video-international"},"share_on_mastodon":{"url":"https:\/\/pubeurope.com\/@fr\/114722447897953332","error":""},"_links":{"self":[{"href":"https:\/\/www.europesays.com\/fr\/wp-json\/wp\/v2\/posts\/193924","targetHints":{"allow":["GET"]}}],"collection":[{"href":"https:\/\/www.europesays.com\/fr\/wp-json\/wp\/v2\/posts"}],"about":[{"href":"https:\/\/www.europesays.com\/fr\/wp-json\/wp\/v2\/types\/post"}],"author":[{"embeddable":true,"href":"https:\/\/www.europesays.com\/fr\/wp-json\/wp\/v2\/users\/2"}],"replies":[{"embeddable":true,"href":"https:\/\/www.europesays.com\/fr\/wp-json\/wp\/v2\/comments?post=193924"}],"version-history":[{"count":0,"href":"https:\/\/www.europesays.com\/fr\/wp-json\/wp\/v2\/posts\/193924\/revisions"}],"wp:featuredmedia":[{"embeddable":true,"href":"https:\/\/www.europesays.com\/fr\/wp-json\/wp\/v2\/media\/193925"}],"wp:attachment":[{"href":"https:\/\/www.europesays.com\/fr\/wp-json\/wp\/v2\/media?parent=193924"}],"wp:term":[{"taxonomy":"category","embeddable":true,"href":"https:\/\/www.europesays.com\/fr\/wp-json\/wp\/v2\/categories?post=193924"},{"taxonomy":"post_tag","embeddable":true,"href":"https:\/\/www.europesays.com\/fr\/wp-json\/wp\/v2\/tags?post=193924"}],"curies":[{"name":"wp","href":"https:\/\/api.w.org\/{rel}","templated":true}]}}