{"id":193927,"date":"2025-06-21T17:07:10","date_gmt":"2025-06-21T17:07:10","guid":{"rendered":"https:\/\/www.europesays.com\/fr\/193927\/"},"modified":"2025-06-21T17:07:10","modified_gmt":"2025-06-21T17:07:10","slug":"lallemagne-va-recruter-11-000-militaires-supplementaires-cette-annee-selon-bild","status":"publish","type":"post","link":"https:\/\/www.europesays.com\/fr\/193927\/","title":{"rendered":"L&rsquo;Allemagne va recruter 11\u00a0000 militaires suppl\u00e9mentaires cette ann\u00e9e, selon Bild"},"content":{"rendered":"<p>Le gouvernement allemand pr\u00e9voit de financer l&#8217;embauche de 11\u00a0000 personnels militaires suppl\u00e9mentaires d&rsquo;ici la fin de l&rsquo;ann\u00e9e, soit une augmentation d&rsquo;environ 4\u00a0%, rapporte le quotidien Bild samedi, citant des sources gouvernementales.<\/p>\n<p>\nSelon le journal, les fonds seront allou\u00e9s pour 10\u00a0000 soldats et 1\u00a0000 employ\u00e9s civils au sein de l&rsquo;arm\u00e9e d&rsquo;ici fin 2025. Cette initiative s&rsquo;inscrit dans le cadre de la planification budg\u00e9taire de cette ann\u00e9e, qui doit \u00eatre valid\u00e9e par le cabinet minist\u00e9riel la semaine prochaine.<\/p>\n<p>\nD&rsquo;apr\u00e8s Bild, ces nouveaux postes concerneront les forces terrestres, a\u00e9riennes, navales ainsi que les unit\u00e9s de cyberd\u00e9fense.<\/p>\n<p>\nLe minist\u00e8re allemand de la D\u00e9fense s&rsquo;est refus\u00e9 \u00e0 tout commentaire.<\/p>\n<p>\nLe ministre de la D\u00e9fense, Boris Pistorius, avait d\u00e9clar\u00e9 plus t\u00f4t ce mois-ci que l&rsquo;Allemagne aurait besoin de jusqu&rsquo;\u00e0 60\u00a0000 soldats suppl\u00e9mentaires pour r\u00e9pondre aux nouveaux objectifs de l&rsquo;OTAN en mati\u00e8re d&rsquo;armement et d&rsquo;effectifs, alors que l&rsquo;Alliance renforce ses forces face \u00e0 ce qu&rsquo;elle consid\u00e8re comme une menace accrue en provenance de la Russie.<\/p>\n","protected":false},"excerpt":{"rendered":"Le gouvernement allemand pr\u00e9voit de financer l&#8217;embauche de 11\u00a0000 personnels militaires suppl\u00e9mentaires d&rsquo;ici la fin de l&rsquo;ann\u00e9e, soit&hellip;\n","protected":false},"author":2,"featured_media":193928,"comment_status":"","ping_status":"","sticky":false,"template":"","format":"standard","meta":{"footnotes":""},"categories":[1587],"tags":[11,672,340,1804,1805,1803,1777,674,1801,12,1802],"class_list":{"0":"post-193927","1":"post","2":"type-post","3":"status-publish","4":"format-standard","5":"has-post-thumbnail","7":"category-allemagne","8":"tag-actualites","9":"tag-allemagne","10":"tag-bourse","11":"tag-bundesrepublik-deutschland","12":"tag-de","13":"tag-deutschland","14":"tag-eu","15":"tag-europe","16":"tag-germany","17":"tag-news","18":"tag-republique-federale-dallemagne"},"share_on_mastodon":{"url":"https:\/\/pubeurope.com\/@fr\/114722455219042176","error":""},"_links":{"self":[{"href":"https:\/\/www.europesays.com\/fr\/wp-json\/wp\/v2\/posts\/193927","targetHints":{"allow":["GET"]}}],"collection":[{"href":"https:\/\/www.europesays.com\/fr\/wp-json\/wp\/v2\/posts"}],"about":[{"href":"https:\/\/www.europesays.com\/fr\/wp-json\/wp\/v2\/types\/post"}],"author":[{"embeddable":true,"href":"https:\/\/www.europesays.com\/fr\/wp-json\/wp\/v2\/users\/2"}],"replies":[{"embeddable":true,"href":"https:\/\/www.europesays.com\/fr\/wp-json\/wp\/v2\/comments?post=193927"}],"version-history":[{"count":0,"href":"https:\/\/www.europesays.com\/fr\/wp-json\/wp\/v2\/posts\/193927\/revisions"}],"wp:featuredmedia":[{"embeddable":true,"href":"https:\/\/www.europesays.com\/fr\/wp-json\/wp\/v2\/media\/193928"}],"wp:attachment":[{"href":"https:\/\/www.europesays.com\/fr\/wp-json\/wp\/v2\/media?parent=193927"}],"wp:term":[{"taxonomy":"category","embeddable":true,"href":"https:\/\/www.europesays.com\/fr\/wp-json\/wp\/v2\/categories?post=193927"},{"taxonomy":"post_tag","embeddable":true,"href":"https:\/\/www.europesays.com\/fr\/wp-json\/wp\/v2\/tags?post=193927"}],"curies":[{"name":"wp","href":"https:\/\/api.w.org\/{rel}","templated":true}]}}