{"id":193931,"date":"2025-06-21T17:09:09","date_gmt":"2025-06-21T17:09:09","guid":{"rendered":"https:\/\/www.europesays.com\/fr\/193931\/"},"modified":"2025-06-21T17:09:09","modified_gmt":"2025-06-21T17:09:09","slug":"declaration-conjointe-de-m-benjamin-haddad-ministre-delegue-charge-de-leurope-et-de-m-tommaso-foti-ministre-italien-des-affaires-europeennes-pour-que-laccord-ue-mercosur-integre-des-cl","status":"publish","type":"post","link":"https:\/\/www.europesays.com\/fr\/193931\/","title":{"rendered":"D\u00e9claration conjointe de M. Benjamin Haddad, ministre d\u00e9l\u00e9gu\u00e9 charg\u00e9 de l\u2019Europe, et de M. Tommaso Foti, ministre italien des Affaires europ\u00e9ennes, pour que l&rsquo;accord UE-Mercosur int\u00e8gre des clauses prot\u00e9geant l&rsquo;agriculture europ\u00e9enne (21.06.25)"},"content":{"rendered":"<p>La France et l\u2019Italie appellent \u00e0 un meilleur \u00e9quilibre de l\u2019accord UE-Mercosur pour prot\u00e9ger efficacement le secteur agricole et faire respecter les r\u00e8gles sanitaires europ\u00e9ennes.<\/p>\n<p>Benjamin Haddad, ministre d\u00e9l\u00e9gu\u00e9 charg\u00e9 de l\u2019Europe, a \u00e9t\u00e9 re\u00e7u mercredi 18 juin \u00e0 Rome par Tommaso Foti, ministre italien des Affaires europ\u00e9ennes, du PNRR et des Politiques de Coh\u00e9sion. Cet \u00e9change a \u00e9t\u00e9 notamment l\u2019occasion d\u2019aborder les voies possibles d\u2019am\u00e9lioration de l\u2019accord entre l\u2019UE et le Mercosur.<\/p>\n<p>La France et l\u2019Italie r\u00e9affirment leur soutien \u00e0 un libre-\u00e9change juste et r\u00e9ciproque, et aux accords commerciaux soutenables, moteurs essentiels de croissance, d\u2019acc\u00e8s aux march\u00e9s et de rayonnement international pour nos entreprises.<\/p>\n<p>Cependant, l\u2019Italie et la France estiment que, m\u00eame s\u2019il contient des b\u00e9n\u00e9fices, l\u2019accord UE-Mercosur actuel ne prot\u00e8ge pas suffisamment les agriculteurs europ\u00e9ens contre les risques de perturbation de march\u00e9 et ne permet pas d\u2019assurer durablement la souverainet\u00e9 alimentaire du continent.<\/p>\n<p>Les ministres Haddad et Foti partagent la n\u00e9cessit\u00e9 de mieux prot\u00e9ger nos agriculteurs et nos r\u00e8gles sanitaires, y compris par l\u2019adoption de clauses d\u00e9di\u00e9es. L\u2019accord UE-Mercosur devrait mieux garantir nos normes sanitaires, environnementales et sociales et garantir une \u00e9quit\u00e9 entre producteurs que nous appelons de nos v\u0153ux.<\/p>\n","protected":false},"excerpt":{"rendered":"La France et l\u2019Italie appellent \u00e0 un meilleur \u00e9quilibre de l\u2019accord UE-Mercosur pour prot\u00e9ger efficacement le secteur agricole&hellip;\n","protected":false},"author":2,"featured_media":193932,"comment_status":"","ping_status":"","sticky":false,"template":"","format":"standard","meta":{"footnotes":""},"categories":[1586],"tags":[11,9435,9436,312,1777,674,1779,1011,27,12,9437,25,1778,364],"class_list":{"0":"post-193931","1":"post","2":"type-post","3":"status-publish","4":"format-standard","5":"has-post-thumbnail","7":"category-europe","8":"tag-actualites","9":"tag-diplomate","10":"tag-diplomates","11":"tag-diplomatie","12":"tag-eu","13":"tag-europe","14":"tag-european-union","15":"tag-fr","16":"tag-france","17":"tag-news","18":"tag-quai-d","19":"tag-republique-francaise","20":"tag-ue","21":"tag-union-europeenne"},"share_on_mastodon":{"url":"https:\/\/pubeurope.com\/@fr\/114722462999370387","error":""},"_links":{"self":[{"href":"https:\/\/www.europesays.com\/fr\/wp-json\/wp\/v2\/posts\/193931","targetHints":{"allow":["GET"]}}],"collection":[{"href":"https:\/\/www.europesays.com\/fr\/wp-json\/wp\/v2\/posts"}],"about":[{"href":"https:\/\/www.europesays.com\/fr\/wp-json\/wp\/v2\/types\/post"}],"author":[{"embeddable":true,"href":"https:\/\/www.europesays.com\/fr\/wp-json\/wp\/v2\/users\/2"}],"replies":[{"embeddable":true,"href":"https:\/\/www.europesays.com\/fr\/wp-json\/wp\/v2\/comments?post=193931"}],"version-history":[{"count":0,"href":"https:\/\/www.europesays.com\/fr\/wp-json\/wp\/v2\/posts\/193931\/revisions"}],"wp:featuredmedia":[{"embeddable":true,"href":"https:\/\/www.europesays.com\/fr\/wp-json\/wp\/v2\/media\/193932"}],"wp:attachment":[{"href":"https:\/\/www.europesays.com\/fr\/wp-json\/wp\/v2\/media?parent=193931"}],"wp:term":[{"taxonomy":"category","embeddable":true,"href":"https:\/\/www.europesays.com\/fr\/wp-json\/wp\/v2\/categories?post=193931"},{"taxonomy":"post_tag","embeddable":true,"href":"https:\/\/www.europesays.com\/fr\/wp-json\/wp\/v2\/tags?post=193931"}],"curies":[{"name":"wp","href":"https:\/\/api.w.org\/{rel}","templated":true}]}}