{"id":193937,"date":"2025-06-21T17:12:11","date_gmt":"2025-06-21T17:12:11","guid":{"rendered":"https:\/\/www.europesays.com\/fr\/193937\/"},"modified":"2025-06-21T17:12:11","modified_gmt":"2025-06-21T17:12:11","slug":"gites-de-france-vienne-offre-un-week-end-dexception","status":"publish","type":"post","link":"https:\/\/www.europesays.com\/fr\/193937\/","title":{"rendered":"G\u00eetes de France Vienne offre un week-end d\u2019exception"},"content":{"rendered":"<p>\u00c0 l\u2019occasion des 70\u00a0ans de G\u00eetes de France, l\u2019agence d\u00e9partementale du tourisme de la Vienne, charg\u00e9e de contribuer au d\u00e9veloppement \u00e9conomique et touristique du territoire, s\u2019est associ\u00e9e \u00e0 la radio Ici Poitou (ex-France Bleu Poitou) pour organiser un grand jeu-concours&#8230;. <\/p>\n<p>    Cet article a \u00e9t\u00e9 tronqu\u00e9. Abonnez-vous pour lire l&rsquo;article complet sur notre site.<\/p>\n<p style=\"margin: 0 !important; padding: 0 !important; font-size: 12px !important;\">Cet article a \u00e9t\u00e9 tronqu\u00e9. Abonnez-vous pour lire l&rsquo;article complet.<\/p>\n<p>    <a href=\"https:\/\/www.lanouvellerepublique.fr\/abonnements\" style=\"display: inline-block; margin-top: 5px !important; padding: 6px 12px !important; background: #cb1c27; color: white; text-decoration: none; border-radius: 4px; font-size: 12px !important;\" target=\"_blank\" rel=\"noopener\"><br \/>\n      S&rsquo;abonner<br \/>\n    <\/a><\/p>\n","protected":false},"excerpt":{"rendered":"\u00c0 l\u2019occasion des 70\u00a0ans de G\u00eetes de France, l\u2019agence d\u00e9partementale du tourisme de la Vienne, charg\u00e9e de contribuer&hellip;\n","protected":false},"author":2,"featured_media":193938,"comment_status":"","ping_status":"","sticky":false,"template":"","format":"standard","meta":{"footnotes":""},"categories":[4],"tags":[11,1674,1011,27,33272,1393,12,25],"class_list":{"0":"post-193937","1":"post","2":"type-post","3":"status-publish","4":"format-standard","5":"has-post-thumbnail","7":"category-france","8":"tag-actualites","9":"tag-communes","10":"tag-fr","11":"tag-france","12":"tag-la-bussiere","13":"tag-loisirs","14":"tag-news","15":"tag-republique-francaise"},"share_on_mastodon":{"url":"https:\/\/pubeurope.com\/@fr\/114722474751336231","error":""},"_links":{"self":[{"href":"https:\/\/www.europesays.com\/fr\/wp-json\/wp\/v2\/posts\/193937","targetHints":{"allow":["GET"]}}],"collection":[{"href":"https:\/\/www.europesays.com\/fr\/wp-json\/wp\/v2\/posts"}],"about":[{"href":"https:\/\/www.europesays.com\/fr\/wp-json\/wp\/v2\/types\/post"}],"author":[{"embeddable":true,"href":"https:\/\/www.europesays.com\/fr\/wp-json\/wp\/v2\/users\/2"}],"replies":[{"embeddable":true,"href":"https:\/\/www.europesays.com\/fr\/wp-json\/wp\/v2\/comments?post=193937"}],"version-history":[{"count":0,"href":"https:\/\/www.europesays.com\/fr\/wp-json\/wp\/v2\/posts\/193937\/revisions"}],"wp:featuredmedia":[{"embeddable":true,"href":"https:\/\/www.europesays.com\/fr\/wp-json\/wp\/v2\/media\/193938"}],"wp:attachment":[{"href":"https:\/\/www.europesays.com\/fr\/wp-json\/wp\/v2\/media?parent=193937"}],"wp:term":[{"taxonomy":"category","embeddable":true,"href":"https:\/\/www.europesays.com\/fr\/wp-json\/wp\/v2\/categories?post=193937"},{"taxonomy":"post_tag","embeddable":true,"href":"https:\/\/www.europesays.com\/fr\/wp-json\/wp\/v2\/tags?post=193937"}],"curies":[{"name":"wp","href":"https:\/\/api.w.org\/{rel}","templated":true}]}}