{"id":193955,"date":"2025-06-21T17:23:13","date_gmt":"2025-06-21T17:23:13","guid":{"rendered":"https:\/\/www.europesays.com\/fr\/193955\/"},"modified":"2025-06-21T17:23:13","modified_gmt":"2025-06-21T17:23:13","slug":"frederic-faye-expose-tout-lete-dans-cette-commune-du-cotentin","status":"publish","type":"post","link":"https:\/\/www.europesays.com\/fr\/193955\/","title":{"rendered":"Fr\u00e9d\u00e9ric Faye expose tout l\u2019\u00e9t\u00e9 dans cette commune du Cotentin"},"content":{"rendered":"<p>            Par<br \/>\n        <strong><br \/>\n            <a href=\"https:\/\/actu.fr\/auteur\/redaction-pressemanche\" title=\"Consulter tous les articles de R\u00e9daction La Presse de la Manche\" rel=\"nofollow noopener\" target=\"_blank\">R\u00e9daction La Presse de la Manche<\/a><br \/>\n        <\/strong><\/p>\n<p>        Publi\u00e9 le<\/p>\n<p>            21 juin 2025 \u00e0 15h32        <\/p>\n<p>\u00c0 partir <b>du 1er\u00a0juillet et jusqu\u2019au 29\u00a0ao\u00fbt 2025<\/b>, la ville de <a href=\"https:\/\/actu.fr\/normandie\/bricquebec-en-cotentin_50082\" rel=\"nofollow noopener\" target=\"_blank\">Bricquebec-en-Cotentin<\/a> (Manche) accueille <b>l\u2019artiste-peintre Fr\u00e9d\u00e9ric Faye<\/b> pour une exposition estivale intitul\u00e9e \u00ab\u2009L\u2019Aff\u00fbt\u2009\u00bb, visible \u00e0 la tour de l\u2019Horloge, dans l\u2019enceinte du ch\u00e2teau. Le vernissage est pr\u00e9vu le <b>vendredi 4\u00a0juillet \u00e0 19\u2009h.<\/b><\/p>\n<p>Une sensibilit\u00e9 artistique n\u00e9e t\u00f4t<\/p>\n<p class=\" wall-content\">Dernier d\u2019une fratrie de six enfants, Fr\u00e9d\u00e9ric Faye d\u00e9veloppe<b> tr\u00e8s t\u00f4t <\/b>une fibre artistique marqu\u00e9e. D\u00e8s l\u2019enfance, il s\u2019adonne au canevas, peint, reproduit des pochettes de disques et des motifs sur des chemises. Il s\u2019int\u00e9resse \u00e0 la couture, \u00e0 la publicit\u00e9 et \u00e0 l\u2019architecture int\u00e9rieure. Ces premi\u00e8res exp\u00e9riences, o\u00f9 il ne faisait aucune distinction entre activit\u00e9s dites masculines ou f\u00e9minines, t\u00e9moignent d\u2019une <b>sensibilit\u00e9 ouverte et curieuse.<\/b> Cette richesse int\u00e9rieure le <b>conduit naturellement vers la peinture,<\/b> apr\u00e8s une p\u00e9riode de recherches personnelles.<\/p>\n<p>Un retour aux sources dans le Cotentin<\/p>\n<p class=\" wall-content\">Originaire de Pont-l\u2019Abb\u00e9 et fils de v\u00e9t\u00e9rinaire, Fr\u00e9d\u00e9ric Faye a grandi dans le <a href=\"https:\/\/actu.fr\/tag\/cotentin\" rel=\"nofollow noopener\" target=\"_blank\">Cotentin<\/a>, un territoire dont il s\u2019est nourri pour fa\u00e7onner son univers artistique. Enfant, il jouait avec les enfants d\u2019agriculteurs, observait les animaux, s\u2019impr\u00e9gnait des bruits et des couleurs de la campagne. Ces souvenirs d\u2019enfance ont <b>forg\u00e9 un lien intime avec la nature et le monde animal<\/b>, devenus ses sujets de pr\u00e9dilection.<\/p>\n<p class=\" wall-content\">Apr\u00e8s un passage par l\u2019\u00e9cole Penninghen, il int\u00e8gre <b>les Beaux-Arts \u00e0 Paris. <\/b>Il y d\u00e9veloppe sa pratique artistique, entre visites r\u00e9guli\u00e8res au mus\u00e9e du Louvre et travaux inspir\u00e9s d\u2019\u0153uvres majeures comme \u00ab\u2009L\u2019Entr\u00e9e des Crois\u00e9s \u00e0 Constantinople\u2009\u00bb d\u2019Eug\u00e8ne Delacroix. Fr\u00e9d\u00e9ric Faye dit avoir \u00e9t\u00e9 <b>influenc\u00e9 par C\u00e9zanne,<\/b> notamment ses sc\u00e8nes de baigneurs, ainsi que par <b>Delacroix<\/b> pour l\u2019intensit\u00e9 des couleurs.<\/p>\n<p>Un parcours singulier et fid\u00e8le \u00e0 l\u2019essentiel<\/p>\n<p class=\" wall-content\">Depuis ses d\u00e9buts \u00e0 <a href=\"https:\/\/actu.fr\/normandie\/port-bail-sur-mer_50412\" rel=\"nofollow noopener\" target=\"_blank\">Port-Bail<\/a> en <b>1987<\/b>, o\u00f9 il tient sa premi\u00e8re exposition dans une \u00e9glise, Fr\u00e9d\u00e9ric Faye suit un parcours artistique coh\u00e9rent et personnel. Autodidacte dans ses jeunes ann\u00e9es, il vend ses premi\u00e8res aquarelles sur les march\u00e9s d\u00e8s l\u2019\u00e2ge de <b>19\u00a0ans. <\/b>Sa d\u00e9marche est exigeante\u2009: il travaille <b>sans photographie, seulement \u00e0 partir de notes et de sensations.<\/b> Il privil\u00e9gie <b>l\u2019huile <\/b>apr\u00e8s avoir commenc\u00e9 par l\u2019aquarelle et la gouache.<\/p>\n<p class=\" wall-content\">Son style repose sur une <b>qu\u00eate de lumi\u00e8re<\/b>, une attention \u00e0 la simplicit\u00e9 du sujet, parfois trivial, auquel il rend hommage sans artifice.<\/p>\n<p>Vid\u00e9os : en ce moment sur ActuUne exposition immersive et sensible<\/p>\n<p class=\" wall-content\">Un troupeau de vaches, un champ de colza, une lumi\u00e8re d\u2019automne\u2009: autant de sc\u00e8nes saisies non pour ce qu\u2019elles montrent mais pour ce qu\u2019elles transmettent. Pour l\u2019artiste, \u00ab\u2009elles sont venues me chercher\u2009\u00bb.<\/p>\n<p class=\" wall-content\">Le titre de l\u2019exposition, \u00ab\u2009L\u2019Aff\u00fbt\u2009\u00bb, a \u00e9t\u00e9 propos\u00e9 par Alice Baxter. Il traduit bien la d\u00e9marche de Fr\u00e9d\u00e9ric Faye\u2009: une <b>attente patiente, une attention au monde.<\/b><\/p>\n<p class=\" wall-content\">Deux jeunes visiteurs, Nolan et Gabriel, ont pu d\u00e9couvrir les \u0153uvres avant l\u2019ouverture. Pour Gabriel, les tableaux \u00ab\u2009\u00e9voquent un c\u00f4t\u00e9 d\u00e9compos\u00e9, on ne reconna\u00eet pas toutes les formes,<b> juste l\u2019essentiel<\/b>\u2009\u00bb.<\/p>\n<p class=\" wall-content\">Install\u00e9e dans un lieu embl\u00e9matique de Bricquebec, la tour de l\u2019Horloge, l\u2019exposition est <b>accessible gratuitement selon les horaires suivants<\/b>\u2009: lundi de 10\u2009h\u200930 \u00e0 13\u2009h et de 15\u2009h\u200930 \u00e0 18\u2009h\u200930\u2009; du mardi au vendredi de 15\u2009h\u200930 \u00e0 18\u2009h\u200930. Elle est \u00e9galement visible lors des <b>visites guid\u00e9es du ch\u00e2teau<\/b>, organis\u00e9es du lundi au vendredi ainsi que le dimanche, avec des d\u00e9parts \u00e0 15\u2009h et 17\u2009h.<\/p>\n<p class=\" wall-content\">Cette initiative port\u00e9e par la commune s\u2019inscrit dans une volont\u00e9 de<b> valoriser l\u2019art vivant et les talents r\u00e9gionaux.<\/b><\/p>\n<p class=\" wall-content\">Fr\u00e9d\u00e9ric Faye, artiste discret mais reconnu pour son authenticit\u00e9 et son attachement \u00e0 la nature, propose ici une exposition riche en \u00e9motion, en coh\u00e9rence avec les paysages du Cotentin qui l\u2019ont vu grandir et l\u2019ont inspir\u00e9.<\/p>\n<p class=\" wall-content\"><b>De notre correspondante Val\u00e9rie ADAM<\/b><\/p>\n<p class=\" wall-content\">Suivez toute l\u2019actualit\u00e9 de vos villes et m\u00e9dias favoris en vous inscrivant \u00e0 <a href=\"https:\/\/moncompte.actu.fr\" title=\"D\u00e9couvez Mon Actu\" rel=\"nofollow noopener\" data-trk=\"{&quot;cta&quot;:{&quot;action&quot;:&quot;https:\\\/\\\/moncompte.actu.fr&quot;,&quot;category&quot;:&quot;mon compte&quot;,&quot;from&quot;:&quot;article footer&quot;,&quot;name&quot;:&quot;Mon actu&quot;,&quot;type&quot;:&quot;cta&quot;}}\" target=\"_blank\">Mon Actu<\/a>.<\/p>\n","protected":false},"excerpt":{"rendered":"Par R\u00e9daction La Presse de la Manche Publi\u00e9 le 21 juin 2025 \u00e0 15h32 \u00c0 partir du 1er\u00a0juillet&hellip;\n","protected":false},"author":2,"featured_media":193956,"comment_status":"","ping_status":"","sticky":false,"template":"","format":"standard","meta":{"footnotes":""},"categories":[1358],"tags":[1348,1384,1385,3168,1386,58,59,1011,27,1652],"class_list":{"0":"post-193955","1":"post","2":"type-post","3":"status-publish","4":"format-standard","5":"has-post-thumbnail","7":"category-arts-et-design","8":"tag-arts","9":"tag-arts-and-design","10":"tag-arts-et-design","11":"tag-cotentin","12":"tag-design","13":"tag-divertissement","14":"tag-entertainment","15":"tag-fr","16":"tag-france","17":"tag-loisirs-culture"},"share_on_mastodon":{"url":"https:\/\/pubeurope.com\/@fr\/114722518034216826","error":""},"_links":{"self":[{"href":"https:\/\/www.europesays.com\/fr\/wp-json\/wp\/v2\/posts\/193955","targetHints":{"allow":["GET"]}}],"collection":[{"href":"https:\/\/www.europesays.com\/fr\/wp-json\/wp\/v2\/posts"}],"about":[{"href":"https:\/\/www.europesays.com\/fr\/wp-json\/wp\/v2\/types\/post"}],"author":[{"embeddable":true,"href":"https:\/\/www.europesays.com\/fr\/wp-json\/wp\/v2\/users\/2"}],"replies":[{"embeddable":true,"href":"https:\/\/www.europesays.com\/fr\/wp-json\/wp\/v2\/comments?post=193955"}],"version-history":[{"count":0,"href":"https:\/\/www.europesays.com\/fr\/wp-json\/wp\/v2\/posts\/193955\/revisions"}],"wp:featuredmedia":[{"embeddable":true,"href":"https:\/\/www.europesays.com\/fr\/wp-json\/wp\/v2\/media\/193956"}],"wp:attachment":[{"href":"https:\/\/www.europesays.com\/fr\/wp-json\/wp\/v2\/media?parent=193955"}],"wp:term":[{"taxonomy":"category","embeddable":true,"href":"https:\/\/www.europesays.com\/fr\/wp-json\/wp\/v2\/categories?post=193955"},{"taxonomy":"post_tag","embeddable":true,"href":"https:\/\/www.europesays.com\/fr\/wp-json\/wp\/v2\/tags?post=193955"}],"curies":[{"name":"wp","href":"https:\/\/api.w.org\/{rel}","templated":true}]}}