{"id":193961,"date":"2025-06-21T17:26:16","date_gmt":"2025-06-21T17:26:16","guid":{"rendered":"https:\/\/www.europesays.com\/fr\/193961\/"},"modified":"2025-06-21T17:26:16","modified_gmt":"2025-06-21T17:26:16","slug":"pascal-obispo-evoque-ses-liens-forts-avec-la-fille-de-johnny-hallyday-qui-le-considere-comme-son-oncle","status":"publish","type":"post","link":"https:\/\/www.europesays.com\/fr\/193961\/","title":{"rendered":"Pascal Obispo \u00e9voque ses liens forts avec la fille de Johnny Hallyday, qui le consid\u00e8re comme \u00ab\u00a0son oncle\u00a0\u00bb"},"content":{"rendered":"<p>Au micro de l&rsquo;\u00e9mission 1h avec&#8230; sur RFM ce samedi 21 juin, Pascal Obispo a fait des confidences sur Laura Smet, notamment sur les liens qu&rsquo;il a nou\u00e9s avec celle qu&rsquo;il consid\u00e8re aujourd&rsquo;hui comme sa grande amie. <\/p>\n<p>Ce n&rsquo;est un secret pour personne : <a href=\"https:\/\/www.programme-tv.net\/news\/tv\/337550-tu-te-fous-de-moi-pascal-obispo-revient-sur-ses-debuts-houleux-avec-johnny-hallyday-dans-un-dimanche-a-la-campagne\/\" data-api-deeplink=\"teleloisirs:\/\/news\/337550\" rel=\"nofollow noopener\" target=\"_blank\">Pascal Obispo est un ami proche de Johnny Hallyday<\/a>, pour qui il a \u00e9crit de nombreux morceaux dont le tube Allumer le feu. En plus du Taulier, l&rsquo;auteur-compositeur-interpr\u00e8te a nou\u00e9 des liens particuliers avec les deux premiers enfants de son ami, en particulier Laura Smet. Pour c\u00e9l\u00e9brer <a href=\"https:\/\/www.programme-tv.net\/news\/people\/381168-tu-aurais-eu-82-ans-aujourdhui-laeticia-hallyday-rend-un-sublime-hommage-a-johnny-hallyday-et-devoile-une-video-inedite-du-chanteur\/\" data-api-deeplink=\"teleloisirs:\/\/news\/381168\" rel=\"nofollow noopener\" target=\"_blank\">le jour o\u00f9 Johnny Hallyday aurait f\u00eat\u00e9 son 82e anniversaire<\/a>, Pascal Obispo a d\u00e9voil\u00e9 un nouveau titre baptis\u00e9 Appelle-moi Johnny, <a href=\"https:\/\/www.programme-tv.net\/news\/musique\/381156-c-est-la-premiere-fois-que-je-rends-hommage-a-mon-pere-laura-smet-honore-la-memoire-de-johnny-hallyday-avec-pascal-obispo\/\" data-api-deeplink=\"teleloisirs:\/\/news\/381156\" rel=\"nofollow noopener\" target=\"_blank\">accompagn\u00e9 d&rsquo;un clip dans lequel appara\u00eet la fille de Nathalie Baye<\/a>.<\/p>\n<p><b>Pascal Obispo ne ferme pas la porte \u00e0 une com\u00e9die musicale sur Johnny Hallyday, mais \u00e0 une condition<\/b><\/p>\n<p>Invit\u00e9 de l&rsquo;\u00e9mission 1h avec&#8230; diffus\u00e9e sur RFM pour la promotion d&rsquo;une chanson en hommage \u00e0 Johnny Hallyday, Pascal Obispo a \u00e9t\u00e9 interrog\u00e9 sur la possibilit\u00e9 de r\u00e9aliser une com\u00e9die musicale en l&rsquo;honneur de son ami. Apr\u00e8s avoir affirm\u00e9 qu&rsquo;il \u00e9tait pr\u00eat \u00e0 \u00ab\u00a0faire tout ce qu&rsquo;on veut\u00a0\u00bb sur le Taulier, <a href=\"https:\/\/www.programme-tv.net\/news\/musique\/337320-exclu-lucie-pascal-obispo-nous-explique-lorigine-de-sa-chanson-culte\/\" data-api-deeplink=\"teleloisirs:\/\/news\/337320\" rel=\"nofollow noopener\" target=\"_blank\">l&rsquo;interpr\u00e8te de Lucie<\/a> a nuanc\u00e9 ses propos en d\u00e9clarant : \u00ab\u00a0<b>Je ferais tout ce qu&rsquo;on me demandera sur Johnny s&rsquo;il y a <\/b><a href=\"https:\/\/www.programme-tv.net\/news\/people\/372082-c-est-un-truc-de-fou-david-hallyday-evoque-cette-drole-de-coincidence-entre-son-fils-et-celui-de-sa-demi-soeur-laura-smet\/\" data-api-deeplink=\"teleloisirs:\/\/news\/372082\" rel=\"nofollow noopener\" target=\"_blank\"><b>Laura et David.<\/b><\/a><b> Ce sont eux qui d\u00e9cident.<\/b>\u00a0\u00bb Le chanteur est ensuite revenu sur ce projet de <a href=\"https:\/\/www.programme-tv.net\/news\/tele-realite\/369997-david-hallyday-devoile-ce-qu-il-pense-de-raphael-quenard-qui-incarnera-son-pere-dans-le-biopic-sur-johnny\/\" data-api-deeplink=\"teleloisirs:\/\/news\/369997\" rel=\"nofollow noopener\" target=\"_blank\">biopic<\/a> sur Johnny Hallyday qui est tomb\u00e9 \u00e0 l&rsquo;eau. \u00ab\u00a0Je n&rsquo;avais rien contre le r\u00e9alisateur, mais je lui ai dit : &lsquo;Tu vois, le probl\u00e8me, c&rsquo;est que je trouve normal que les enfants soient d&rsquo;accord ou pas et associ\u00e9s.&rsquo; Ils n&rsquo;\u00e9taient pas associ\u00e9s, il n&rsquo;a pas voulu&#8230;\u00a0\u00bb, explique celui qui d\u00e9tient les droits \u00e9ditoriaux du tube Allumer le feu.<\/p>\n<p>                        <b>\u00ab\u00a0Je suis un petit peu son oncle\u00a0\u00bb<\/b><b> : Pascal Obispo \u00e9voque les liens forts qu&rsquo;il partage avec Laura Smet<\/b><\/p>\n<p>Fid\u00e8le ami de Laura Smet, Pascal Obispo n&rsquo;a eu que du bien \u00e0 dire de celle avec qui il a r\u00e9cemment collabor\u00e9 sur un titre en hommage \u00e0 Johnny Hallyday. \u00ab\u00a0<b>C&rsquo;est mon amie<\/b>, ma voisine. Et quand elle a \u00e9cout\u00e9 la chanson Appelle-moi Johnny il y a un an, l&rsquo;\u00e9t\u00e9 dernier, elle voulait absolument \u00eatre dans le clip. C&rsquo;est son ami Nicolas Boualami qui l&rsquo;a r\u00e9alis\u00e9\u00a0\u00bb, confie celui qui n&rsquo;a aucune envie de se m\u00ealer des histoires de famille. Avant d&rsquo;en dire plus sur les liens forts qu&rsquo;il partage avec la fille du Taulier. \u00ab\u00a0<b>Laura, je la connais depuis toute petite <\/b>parce que Johnny me demandait de l&rsquo;amener, de la surveiller, de l&rsquo;amener en bo\u00eete de nuit, puis de la ramener. <b>Je suis un petit peu son oncle \u00e0 Laura<\/b>\u00ab\u00a0, ajoute le chanteur, qui partage quelques similitudes avec la com\u00e9dienne. \u00ab\u00a0<b>On est un peu pareil au sens un peu sauvage [&#8230;] Mais la plus sauvage d&rsquo;entre tous, c&rsquo;est Laura<\/b>\u00ab\u00a0, conclut-il sur les ondes de RFM.<\/p>\n<p>Article \u00e9crit en collaboration avec 6M\u00e9dias<\/p>\n","protected":false},"excerpt":{"rendered":"Au micro de l&rsquo;\u00e9mission 1h avec&#8230; sur RFM ce samedi 21 juin, Pascal Obispo a fait des confidences&hellip;\n","protected":false},"author":2,"featured_media":193962,"comment_status":"","ping_status":"","sticky":false,"template":"","format":"standard","meta":{"footnotes":""},"categories":[1355],"tags":[17185,244,58,59,1011,27,1304,15910,1361,873,17603,1630],"class_list":{"0":"post-193961","1":"post","2":"type-post","3":"status-publish","4":"format-standard","5":"has-post-thumbnail","7":"category-musique","8":"tag-amitiu00e9","9":"tag-commentaire","10":"tag-divertissement","11":"tag-entertainment","12":"tag-fr","13":"tag-france","14":"tag-johnny-hallyday","15":"tag-laura-smet","16":"tag-music","17":"tag-musique","18":"tag-pascal-obispo","19":"tag-zapping"},"share_on_mastodon":{"url":"https:\/\/pubeurope.com\/@fr\/114722529937633792","error":""},"_links":{"self":[{"href":"https:\/\/www.europesays.com\/fr\/wp-json\/wp\/v2\/posts\/193961","targetHints":{"allow":["GET"]}}],"collection":[{"href":"https:\/\/www.europesays.com\/fr\/wp-json\/wp\/v2\/posts"}],"about":[{"href":"https:\/\/www.europesays.com\/fr\/wp-json\/wp\/v2\/types\/post"}],"author":[{"embeddable":true,"href":"https:\/\/www.europesays.com\/fr\/wp-json\/wp\/v2\/users\/2"}],"replies":[{"embeddable":true,"href":"https:\/\/www.europesays.com\/fr\/wp-json\/wp\/v2\/comments?post=193961"}],"version-history":[{"count":0,"href":"https:\/\/www.europesays.com\/fr\/wp-json\/wp\/v2\/posts\/193961\/revisions"}],"wp:featuredmedia":[{"embeddable":true,"href":"https:\/\/www.europesays.com\/fr\/wp-json\/wp\/v2\/media\/193962"}],"wp:attachment":[{"href":"https:\/\/www.europesays.com\/fr\/wp-json\/wp\/v2\/media?parent=193961"}],"wp:term":[{"taxonomy":"category","embeddable":true,"href":"https:\/\/www.europesays.com\/fr\/wp-json\/wp\/v2\/categories?post=193961"},{"taxonomy":"post_tag","embeddable":true,"href":"https:\/\/www.europesays.com\/fr\/wp-json\/wp\/v2\/tags?post=193961"}],"curies":[{"name":"wp","href":"https:\/\/api.w.org\/{rel}","templated":true}]}}