{"id":193965,"date":"2025-06-21T17:28:08","date_gmt":"2025-06-21T17:28:08","guid":{"rendered":"https:\/\/www.europesays.com\/fr\/193965\/"},"modified":"2025-06-21T17:28:08","modified_gmt":"2025-06-21T17:28:08","slug":"nb-1-8-1-le-nouveau-variant-du-covid-qui-sevit-dans-lindifference-generale-liberation","status":"publish","type":"post","link":"https:\/\/www.europesays.com\/fr\/193965\/","title":{"rendered":"NB.1.8.1, le nouveau variant du Covid qui s\u00e9vit dans l\u2019indiff\u00e9rence g\u00e9n\u00e9rale \u2013 Lib\u00e9ration"},"content":{"rendered":"<p class=\"sc-ksZaOG ehjQrN text-element\">Une \u00e9ni\u00e8me vague de Covid est en cours. Apr\u00e8s un hiver relativement calme, sans vague \u00e9pid\u00e9mique malgr\u00e9 <a href=\"https:\/\/www.liberation.fr\/societe\/sante\/journal-depidemie-covid-et-voila-que-revient-le-mythe-du-virus-de-lhiver-20241024_KJLR5RLJTBCDXFUUVHTUK2ON2U\/\" target=\"_blank\" rel=\"noopener\" title=\"https:\/\/www.liberation.fr\/societe\/sante\/journal-depidemie-covid-et-voila-que-revient-le-mythe-du-virus-de-lhiver-20241024_KJLR5RLJTBCDXFUUVHTUK2ON2U\/\">l\u2019appellation totalement fausse de \u00abvirus saisonnier\u00bb<\/a> accol\u00e9e par les agences sanitaires fran\u00e7aises \u00e0 Sars-CoV-2, le virus circule \u00e0 nouveau activement parmi nous en Europe, apr\u00e8s des signaux d\u2019alerte depuis plusieurs semaines en Asie, o\u00f9 il est encore surveill\u00e9\u2026 Le minist\u00e8re de Sant\u00e9 publique tha\u00eflandais avait ainsi d\u00e9nombr\u00e9 plus de 53 000 cas de Covid entre le 18 et le 24 mai 2025, dont une dizaine de morts, relan\u00e7ant pendant un moment la discussion sur la fermeture des \u00e9coles, jug\u00e9e inutile du fait des mesures de testing et d\u2019isolement des malades. En France, le recueil des eaux us\u00e9es a montr\u00e9 une remont\u00e9e de la pr\u00e9sence du virus ; les cabinets m\u00e9dicaux et les plateformes de t\u00e9l\u00e9consultation voient ressurgir plus souvent des patients pr\u00e9sentant des sympt\u00f4mes \u00e9vocateurs du Covid, dont l\u2019agueusie (perte du go\u00fbt) et l\u2019anosmie (perte de l\u2019odorat). <a href=\"https:\/\/sante.gouv.fr\/actualites\/presse\/communiques-de-presse\/article\/protection-contre-le-covid-19-la-campagne-de-renouvellement-vaccinal-pour-les\" target=\"_blank\" rel=\"noopener\" title=\"htt&lt;\/p&gt;&lt;\/div&gt;&lt;\/article&gt;&lt;\/div&gt;&lt;div data-fusion-lazy-id=\" f0f8vgvlad832fw=\"\"><\/p>\n","protected":false},"excerpt":{"rendered":"Une \u00e9ni\u00e8me vague de Covid est en cours. Apr\u00e8s un hiver relativement calme, sans vague \u00e9pid\u00e9mique malgr\u00e9 l\u2019appellation&hellip;\n","protected":false},"author":2,"featured_media":193966,"comment_status":"","ping_status":"","sticky":false,"template":"","format":"standard","meta":{"footnotes":""},"categories":[10],"tags":[4357,1011,27,72,33273,71],"class_list":{"0":"post-193965","1":"post","2":"type-post","3":"status-publish","4":"format-standard","5":"has-post-thumbnail","7":"category-sante","8":"tag-covid-19","9":"tag-fr","10":"tag-france","11":"tag-health","12":"tag-journal-epidemie-coronavirus-lehmann","13":"tag-sante"},"share_on_mastodon":{"url":"https:\/\/pubeurope.com\/@fr\/114722537768708196","error":""},"_links":{"self":[{"href":"https:\/\/www.europesays.com\/fr\/wp-json\/wp\/v2\/posts\/193965","targetHints":{"allow":["GET"]}}],"collection":[{"href":"https:\/\/www.europesays.com\/fr\/wp-json\/wp\/v2\/posts"}],"about":[{"href":"https:\/\/www.europesays.com\/fr\/wp-json\/wp\/v2\/types\/post"}],"author":[{"embeddable":true,"href":"https:\/\/www.europesays.com\/fr\/wp-json\/wp\/v2\/users\/2"}],"replies":[{"embeddable":true,"href":"https:\/\/www.europesays.com\/fr\/wp-json\/wp\/v2\/comments?post=193965"}],"version-history":[{"count":0,"href":"https:\/\/www.europesays.com\/fr\/wp-json\/wp\/v2\/posts\/193965\/revisions"}],"wp:featuredmedia":[{"embeddable":true,"href":"https:\/\/www.europesays.com\/fr\/wp-json\/wp\/v2\/media\/193966"}],"wp:attachment":[{"href":"https:\/\/www.europesays.com\/fr\/wp-json\/wp\/v2\/media?parent=193965"}],"wp:term":[{"taxonomy":"category","embeddable":true,"href":"https:\/\/www.europesays.com\/fr\/wp-json\/wp\/v2\/categories?post=193965"},{"taxonomy":"post_tag","embeddable":true,"href":"https:\/\/www.europesays.com\/fr\/wp-json\/wp\/v2\/tags?post=193965"}],"curies":[{"name":"wp","href":"https:\/\/api.w.org\/{rel}","templated":true}]}}