{"id":193985,"date":"2025-06-21T17:38:11","date_gmt":"2025-06-21T17:38:11","guid":{"rendered":"https:\/\/www.europesays.com\/fr\/193985\/"},"modified":"2025-06-21T17:38:11","modified_gmt":"2025-06-21T17:38:11","slug":"nicolas-de-port-mariage-manon-et-romain","status":"publish","type":"post","link":"https:\/\/www.europesays.com\/fr\/193985\/","title":{"rendered":"Nicolas-de-Port | Mariage. Manon et Romain"},"content":{"rendered":"<p>Hier \u00e0 13\u00a0h\u00a030, Romain Petitjean, chef de secteur, a pris pour \u00e9pouse Manon Schmitt, infirmi\u00e8re. Les jeunes mari\u00e9s sont domicili\u00e9s all\u00e9e de la Poncelle \u00e0 Saint-Nicolas-de-Port. Patrice Cornu, adjoint au maire et officier d\u2019\u00e9tat civil a recueilli le traditionnel \u00ab\u00a0oui\u00a0\u00bb des mari\u00e9s devant leurs t\u00e9moins, leurs familles et leurs amis. Tous nos v\u0153ux de bonheur.<\/p>\n","protected":false},"excerpt":{"rendered":"Hier \u00e0 13\u00a0h\u00a030, Romain Petitjean, chef de secteur, a pris pour \u00e9pouse Manon Schmitt, infirmi\u00e8re. Les jeunes mari\u00e9s&hellip;\n","protected":false},"author":2,"featured_media":193986,"comment_status":"","ping_status":"","sticky":false,"template":"","format":"standard","meta":{"footnotes":""},"categories":[9635],"tags":[1111,11,9223,9652,1704,1777,674,1011,27,775,1930,1702,12,25,9651,104],"class_list":{"0":"post-193985","1":"post","2":"type-post","3":"status-publish","4":"format-standard","5":"has-post-thumbnail","7":"category-nancy","8":"tag-actu","9":"tag-actualites","10":"tag-carnet-du-jour","11":"tag-cc-des-pays-du-sel-et-du-vermois-54b","12":"tag-edition-nancy-et-agglomeration","13":"tag-eu","14":"tag-europe","15":"tag-fr","16":"tag-france","17":"tag-grand-est","18":"tag-mariage","19":"tag-nancy","20":"tag-news","21":"tag-republique-francaise","22":"tag-saint-nicolas-de-port","23":"tag-societe"},"share_on_mastodon":{"url":"https:\/\/pubeurope.com\/@fr\/114722577015207438","error":""},"_links":{"self":[{"href":"https:\/\/www.europesays.com\/fr\/wp-json\/wp\/v2\/posts\/193985","targetHints":{"allow":["GET"]}}],"collection":[{"href":"https:\/\/www.europesays.com\/fr\/wp-json\/wp\/v2\/posts"}],"about":[{"href":"https:\/\/www.europesays.com\/fr\/wp-json\/wp\/v2\/types\/post"}],"author":[{"embeddable":true,"href":"https:\/\/www.europesays.com\/fr\/wp-json\/wp\/v2\/users\/2"}],"replies":[{"embeddable":true,"href":"https:\/\/www.europesays.com\/fr\/wp-json\/wp\/v2\/comments?post=193985"}],"version-history":[{"count":0,"href":"https:\/\/www.europesays.com\/fr\/wp-json\/wp\/v2\/posts\/193985\/revisions"}],"wp:featuredmedia":[{"embeddable":true,"href":"https:\/\/www.europesays.com\/fr\/wp-json\/wp\/v2\/media\/193986"}],"wp:attachment":[{"href":"https:\/\/www.europesays.com\/fr\/wp-json\/wp\/v2\/media?parent=193985"}],"wp:term":[{"taxonomy":"category","embeddable":true,"href":"https:\/\/www.europesays.com\/fr\/wp-json\/wp\/v2\/categories?post=193985"},{"taxonomy":"post_tag","embeddable":true,"href":"https:\/\/www.europesays.com\/fr\/wp-json\/wp\/v2\/tags?post=193985"}],"curies":[{"name":"wp","href":"https:\/\/api.w.org\/{rel}","templated":true}]}}