{"id":193990,"date":"2025-06-21T17:42:14","date_gmt":"2025-06-21T17:42:14","guid":{"rendered":"https:\/\/www.europesays.com\/fr\/193990\/"},"modified":"2025-06-21T17:42:14","modified_gmt":"2025-06-21T17:42:14","slug":"mehdi-maizi-visite-lexpo-rewind","status":"publish","type":"post","link":"https:\/\/www.europesays.com\/fr\/193990\/","title":{"rendered":"Mehdi Ma\u00efzi visite l&rsquo;expo Rewind"},"content":{"rendered":"<p>            Par<br \/>\n        <strong><br \/>\n            <a href=\"https:\/\/actu.fr\/auteur\/j-phan\" title=\"Consulter tous les articles de Jordan Phan\" target=\"_blank\" rel=\"noopener\">Jordan Phan<\/a><br \/>\n        <\/strong><\/p>\n<p>        Publi\u00e9 le<\/p>\n<p>            21 juin 2025 \u00e0 19h29        <\/p>\n<p>\u00c0 quel prix le rap a-t-il gagn\u00e9 ? Qu\u2019est-ce qu\u2019il a gagn\u00e9 ? Ou perdu ? Ce <strong>jeudi 12 juin<\/strong>, <strong>Mehdi Ma\u00efzi<\/strong> a pu r\u00e9pondre \u00e0 ces questions \u00e0 <strong>Montpellier<\/strong>, chez <strong>Uni\u2019Sons<\/strong>, \u00e0 l\u2019occasion d\u2019une <strong>rencontre litt\u00e9raire<\/strong> autour de son dernier ouvrage.<\/p>\n<p>    <a href=\"https:\/\/www.google.com\/maps\/embed?pb=!1m18!1m12!1m3!1d2887.3136382406988!2d3.810956476364581!3d43.64164257110273!2m3!1f0!2f0!3f0!3m2!1i1024!2i768!4f13.1!3m3!1m2!1s0x12b6ac0feeb12007%3A0x7820cc6b198857d0!2sUni%27Sons!5e0!3m2!1sfr!2sfr!4v1750418928525!5m2!1sfr!2sfr\" title=\"Ouvrie le lien\" target=\"_blank\" rel=\"noopener\">Cliquez ici pour visualiser le contenu<\/a><\/p>\n<p>Un v\u00e9ritable dialogue<\/p>\n<p class=\" wall-content\">Le <strong>journaliste<\/strong> sp\u00e9cialis\u00e9 dans le rap a pu discuter avec les enfants de la <strong>Mosson<\/strong> avant la conf\u00e9rence qui a d\u00e9but\u00e9 sous les coups de 19h. Rythm\u00e9e par des <strong>questions-r\u00e9ponses<\/strong> et des d\u00e9bats autour de cette <strong>musique contemporaine et de ses enjeux<\/strong>, cette entrevue a \u00e9t\u00e9 l\u2019occasion pour les passionn\u00e9s et les curieux d\u2019assister \u00e0 toute l\u2019expertise de cette figure embl\u00e9matique du rap. Mehdi Ma\u00efzi a pu \u00e9galement visiter <strong>l\u2019exposition \u00ab\u00a0Rewind\u00a0\u00bb<\/strong>, compos\u00e9e de <strong>photographies des d\u00e9buts du Hip-hop en France<\/strong> captur\u00e9es par <strong>Alain Garnier<\/strong>, dans la galerie <strong>L\u2019Art est public<\/strong>, \u00e0 c\u00f4t\u00e9 des bureaux de l\u2019association.<\/p>\n<p class=\" wall-content\"><strong>Retrouvez la vid\u00e9o compl\u00e8te o\u00f9 Mehdi Ma\u00efzi visite l\u2019expo Rewind sur notre <a href=\"https:\/\/www.instagram.com\/metropolitainfr?utm_source=ig_web_button_share_sheet&amp;igsh=NTB5dHdjdmVkN3Jr\" target=\"_blank\" rel=\"noopener\">compte Instagram<\/a><\/strong><\/p>\n<p class=\" wall-content\"><a href=\"https:\/\/www.instagram.com\/reel\/DLHn7K5Cbre\/embed\" title=\"Ouvrir le lien sur Instagram\" target=\"_blank\" rel=\"noopener\">Visualiser le contenu sur Instagram<\/a><\/p>\n<p>Son deuxi\u00e8me livre<\/p>\n<p class=\" wall-content\"><strong>\u00ab\u00a0Le rap a gagn\u00e9 : \u00c0 quel prix ?\u00a0\u00bb<\/strong> retrace l\u2019\u00e9pop\u00e9e de ce genre qui n\u2019a cess\u00e9 d\u2019\u00e9voluer dans le paysage fran\u00e7ais. Entre les \u00e9tapes et son impact, Mehdi Ma\u00efzi s\u2019interroge \u00e9galement sur les horizons et les progressions possibles de cette musique de plus en plus populaire. L\u2019auteur avait d\u00e9j\u00e0 sorti <strong>\u00ab\u00a0Une exploration en 100 albums\u00a0\u00bb<\/strong>, son premier livre o\u00f9 il dressait le portrait des disques majeurs du rap fran\u00e7ais, ainsi que ses coups de c\u0153ur.<\/p>\n<p class=\" wall-content\">Suivez toute l\u2019actualit\u00e9 de vos villes et m\u00e9dias favoris en vous inscrivant \u00e0 <a href=\"https:\/\/moncompte.actu.fr\" title=\"D\u00e9couvez Mon Actu\" rel=\"nofollow noopener\" data-trk=\"{&quot;cta&quot;:{&quot;action&quot;:&quot;https:\\\/\\\/moncompte.actu.fr&quot;,&quot;category&quot;:&quot;mon compte&quot;,&quot;from&quot;:&quot;article footer&quot;,&quot;name&quot;:&quot;Mon actu&quot;,&quot;type&quot;:&quot;cta&quot;}}\" target=\"_blank\">Mon Actu<\/a>.<\/p>\n<p>                    <script async src=\"\/\/www.instagram.com\/embed.js\"><\/script><\/p>\n","protected":false},"excerpt":{"rendered":"Par Jordan Phan Publi\u00e9 le 21 juin 2025 \u00e0 19h29 \u00c0 quel prix le rap a-t-il gagn\u00e9 ?&hellip;\n","protected":false},"author":2,"featured_media":193991,"comment_status":"","ping_status":"","sticky":false,"template":"","format":"standard","meta":{"footnotes":""},"categories":[9599],"tags":[1111,11,1777,674,1349,1011,27,1652,2208,12,2680,3616,25],"class_list":{"0":"post-193990","1":"post","2":"type-post","3":"status-publish","4":"format-standard","5":"has-post-thumbnail","7":"category-montpellier","8":"tag-actu","9":"tag-actualites","10":"tag-eu","11":"tag-europe","12":"tag-expositions","13":"tag-fr","14":"tag-france","15":"tag-loisirs-culture","16":"tag-montpellier","17":"tag-news","18":"tag-occitanie","19":"tag-rap","20":"tag-republique-francaise"},"share_on_mastodon":{"url":"https:\/\/pubeurope.com\/@fr\/114722592702432391","error":""},"_links":{"self":[{"href":"https:\/\/www.europesays.com\/fr\/wp-json\/wp\/v2\/posts\/193990","targetHints":{"allow":["GET"]}}],"collection":[{"href":"https:\/\/www.europesays.com\/fr\/wp-json\/wp\/v2\/posts"}],"about":[{"href":"https:\/\/www.europesays.com\/fr\/wp-json\/wp\/v2\/types\/post"}],"author":[{"embeddable":true,"href":"https:\/\/www.europesays.com\/fr\/wp-json\/wp\/v2\/users\/2"}],"replies":[{"embeddable":true,"href":"https:\/\/www.europesays.com\/fr\/wp-json\/wp\/v2\/comments?post=193990"}],"version-history":[{"count":0,"href":"https:\/\/www.europesays.com\/fr\/wp-json\/wp\/v2\/posts\/193990\/revisions"}],"wp:featuredmedia":[{"embeddable":true,"href":"https:\/\/www.europesays.com\/fr\/wp-json\/wp\/v2\/media\/193991"}],"wp:attachment":[{"href":"https:\/\/www.europesays.com\/fr\/wp-json\/wp\/v2\/media?parent=193990"}],"wp:term":[{"taxonomy":"category","embeddable":true,"href":"https:\/\/www.europesays.com\/fr\/wp-json\/wp\/v2\/categories?post=193990"},{"taxonomy":"post_tag","embeddable":true,"href":"https:\/\/www.europesays.com\/fr\/wp-json\/wp\/v2\/tags?post=193990"}],"curies":[{"name":"wp","href":"https:\/\/api.w.org\/{rel}","templated":true}]}}