{"id":193994,"date":"2025-06-21T17:46:21","date_gmt":"2025-06-21T17:46:21","guid":{"rendered":"https:\/\/www.europesays.com\/fr\/193994\/"},"modified":"2025-06-21T17:46:21","modified_gmt":"2025-06-21T17:46:21","slug":"notre-selection-dans-leure-et-en-seine-maritime","status":"publish","type":"post","link":"https:\/\/www.europesays.com\/fr\/193994\/","title":{"rendered":"notre s\u00e9lection dans l&rsquo;Eure et en Seine-Maritime"},"content":{"rendered":"<p><img decoding=\"async\" class=\"\" style=\"width:100%;max-width:100%\" src=\"https:\/\/www.europesays.com\/fr\/wp-content\/uploads\/2025\/06\/e267c68e_bde8_469e_8937_4f678160f0881750405549601-format16by9.jpg\" alt=\"F\u00eate de la musique\"\/><\/p>\n<p class=\"block date\" id=\"dateEtAuteur\">Modifi\u00e9 : 20 juin 2025 \u00e0 11h59  par Julien  Dubois \/ cr\u00e9dit photo : Sweet FM <\/p>\n<p>Il est parfois difficile de faire un choix parmi les nombreux rendez-vous pr\u00e9vus pour la f\u00eate de la musique, qui marque le d\u00e9but de l&rsquo;\u00e9t\u00e9. On a s\u00e9lectionn\u00e9 pour vous quelques \u00e9v\u00e8nements organis\u00e9s \u00e0 travers l&rsquo;Eure et la Seine-Maritime. <\/p>\n<p style=\"text-align: left;\" align=\"justify\">Les animations ne manqueront pas ce samedi 21 juin \u00e0 l&rsquo;occasion de la f\u00eate de la musique.<strong> Les rues, places et espaces verts se transformeront en sc\u00e8nes ouvertes aux musiciens amateurs et professionnels<\/strong>, sous le signe de la convivialit\u00e9 et de la bonne humeur. Voici une liste, non exhaustive, de concerts propos\u00e9s par quelques communes euroises et seinomarines :<\/p>\n<p>Caudebec-en-Caux<\/p>\n<p style=\"text-align: left;\" align=\"justify\"><strong>La f\u00eate de la musique est devenue au fil des ans un \u00e9v\u00e8nement incontournable dans cette commune des bords de Seine<\/strong>. Cette ann\u00e9e, <a href=\"https:\/\/www.facebook.com\/mairiedecaudebecencaux\" rel=\"noopener\" target=\"_blank\">une trentaine d&rsquo;artistes se produiront sur la dizaine de sc\u00e8nes install\u00e9es dans le centre-ville<\/a>, de la place d&rsquo;Armes \u00e0 l&rsquo;ancienne prison, en passant par le Bac 10.<\/p>\n<p>Val-de-Reuil<\/p>\n<p align=\"justify\">La commune c\u00e9l\u00e9brera l&rsquo;\u00e9t\u00e9 avec de nombreuses animations annonc\u00e9es, dont une \u00ab\u00a0foire \u00e0 tout\u00a0\u00bb. C\u00f4t\u00e9 musique, des artistes se produiront tout au long de la journ\u00e9e, qui s&rsquo;ach\u00e8vera par un grand concert en plein air : <strong>la chanteuse br\u00e9silienne Flavia Coelho montera sur la sc\u00e8ne install\u00e9e devant la mairie, <\/strong><strong>\u00e0 partir de 21h<\/strong>.<\/p>\n<\/p>\n<p> Evreux<\/p>\n<p style=\"text-align: left;\" align=\"justify\">Si la sc\u00e8ne install\u00e9e place du G\u00e9n\u00e9ral-de-Gaulle r\u00e9sonnera aux sons de l&rsquo;\u00e9lectro, <a href=\"https:\/\/evreux.fr\/sortir\/les-grands-rendez-vous\/fete-musique\/\" rel=\"noopener\" target=\"_blank\">le jardin de l&rsquo;Ev\u00each\u00e9 jouera une partition plus \u00ab\u00a0orchestrale\u00a0\u00bb mais vari\u00e9e en terme de styles<\/a>. Avec notamment <strong>du jazz par le \u00ab\u00a0Big Band du Conservatoire\u00a0\u00bb, de la musique classique avec un orchestre symphonique, ou encore du swing d\u2019Europe de l\u2019est par le Balkan Deluxe Orkestra<\/strong>.<\/p>\n<p>Rouen<\/p>\n<p style=\"text-align: left;\" align=\"justify\">Les rues s&rsquo;animeront \u00e0 n&rsquo;en pas douter pour cette f\u00eate de la musique qui s&rsquo;annonce caniculaire. Les membres de la troupe \u00ab\u00a0Agogo Percussions\u00a0\u00bb joueront aux quatre coins de la ville durant l&rsquo;apr\u00e8s-midi, et d\u00e9ambuleront \u00e0 partir de 19h, au d\u00e9part du square Verdrel. Pas tr\u00e8s loin, le parvis de l&rsquo;Espace-du-Palais accueillera six artistes et groupes de 14h \u00e0 22h. Et dans une tout autre ambiance, l<strong>&lsquo;artiste rnb Hiro donnera un concert exclusif, d\u00e8s 19h, au restaurant Pintxos<\/strong>,<strong> <\/strong>situ\u00e9 au sein du \u00ab\u00a0105\u00a0\u00bb, sur les quais rive gauche.<\/p><\/p>\n","protected":false},"excerpt":{"rendered":"Modifi\u00e9 : 20 juin 2025 \u00e0 11h59 par Julien Dubois \/ cr\u00e9dit photo : Sweet FM Il est&hellip;\n","protected":false},"author":2,"featured_media":193995,"comment_status":"","ping_status":"","sticky":false,"template":"","format":"standard","meta":{"footnotes":""},"categories":[9587],"tags":[1111,11,1777,9770,674,33280,33274,33277,33278,33276,33275,33279,33282,1011,27,33283,33281,12,5161,25,9590,5163],"class_list":{"0":"post-193994","1":"post","2":"type-post","3":"status-publish","4":"format-standard","5":"has-post-thumbnail","7":"category-rouen","8":"tag-actu","9":"tag-actualites","10":"tag-eu","11":"tag-eure","12":"tag-europe","13":"tag-fete-de-la-musique-caudebec","14":"tag-fete-de-la-musique-eure","15":"tag-fete-de-la-musique-evreux","16":"tag-fete-de-la-musique-louviers","17":"tag-fete-de-la-musique-rouen","18":"tag-fete-de-la-musique-seine-maritime","19":"tag-fete-de-la-musique-val-de-reuil","20":"tag-flavia-coelho","21":"tag-fr","22":"tag-france","23":"tag-hiro","24":"tag-menelik","25":"tag-news","26":"tag-normandie","27":"tag-republique-francaise","28":"tag-rouen","29":"tag-seine-maritime"},"share_on_mastodon":{"url":"https:\/\/pubeurope.com\/@fr\/114722608471857256","error":""},"_links":{"self":[{"href":"https:\/\/www.europesays.com\/fr\/wp-json\/wp\/v2\/posts\/193994","targetHints":{"allow":["GET"]}}],"collection":[{"href":"https:\/\/www.europesays.com\/fr\/wp-json\/wp\/v2\/posts"}],"about":[{"href":"https:\/\/www.europesays.com\/fr\/wp-json\/wp\/v2\/types\/post"}],"author":[{"embeddable":true,"href":"https:\/\/www.europesays.com\/fr\/wp-json\/wp\/v2\/users\/2"}],"replies":[{"embeddable":true,"href":"https:\/\/www.europesays.com\/fr\/wp-json\/wp\/v2\/comments?post=193994"}],"version-history":[{"count":0,"href":"https:\/\/www.europesays.com\/fr\/wp-json\/wp\/v2\/posts\/193994\/revisions"}],"wp:featuredmedia":[{"embeddable":true,"href":"https:\/\/www.europesays.com\/fr\/wp-json\/wp\/v2\/media\/193995"}],"wp:attachment":[{"href":"https:\/\/www.europesays.com\/fr\/wp-json\/wp\/v2\/media?parent=193994"}],"wp:term":[{"taxonomy":"category","embeddable":true,"href":"https:\/\/www.europesays.com\/fr\/wp-json\/wp\/v2\/categories?post=193994"},{"taxonomy":"post_tag","embeddable":true,"href":"https:\/\/www.europesays.com\/fr\/wp-json\/wp\/v2\/tags?post=193994"}],"curies":[{"name":"wp","href":"https:\/\/api.w.org\/{rel}","templated":true}]}}