{"id":194004,"date":"2025-06-21T17:53:13","date_gmt":"2025-06-21T17:53:13","guid":{"rendered":"https:\/\/www.europesays.com\/fr\/194004\/"},"modified":"2025-06-21T17:53:13","modified_gmt":"2025-06-21T17:53:13","slug":"alsace-les-voyeurs-sous-surveillance-dans-les-piscines-alsaciennes","status":"publish","type":"post","link":"https:\/\/www.europesays.com\/fr\/194004\/","title":{"rendered":"Alsace. Les voyeurs sous surveillance dans les piscines alsaciennes"},"content":{"rendered":"<p>Ce type de fait divers n\u2019est malheureusement pas un \u00e9v\u00e9nement isol\u00e9. Chaque ann\u00e9e, la justice alsacienne doit juger des cas de voyeurisme ou d\u2019exhibitionnisme signal\u00e9s dans des piscines municipales. Ainsi, jeudi 12\u00a0juin, au tribunal correctionnel de Strasbourg, des parents font face \u00e0 l\u2019homme suspect\u00e9 d\u2019avoir capt\u00e9 l\u2019image de leur fille et de son amie dans les vestiaires de la piscine de Hautepierre, quelques jours plus t\u00f4t. Depuis le banc des parties civiles, un p\u00e8re adresse un regard noir au quinquag\u00e9naire.<\/p>\n<p>Dimanche 9\u00a0juin vers 17\u00a0h, ce papa, intrigu\u00e9 par le comportement inhabituel de l\u2019adulte, le surprend en train de filmer \u00e0 leur insu deux fillettes de 4 et 5 ans \u00ab\u00a0nues dans une cabine de change\u00a0\u00bb. Apr\u00e8s v\u00e9rifications, il d\u00e9couvre une cam\u00e9ra miniature plac\u00e9e dans une chaussure en position de filmer, en contre-plong\u00e9e. Il ma\u00eetrise manu militari  le suspect avant que la s\u00e9curit\u00e9 puis la police interviennent.<\/p>\n<p>Le mis en cause reconna\u00eet l\u2019int\u00e9gralit\u00e9 des faits<\/p>\n<p>En garde \u00e0 vue, l\u2019examen&#8230;<\/p>\n","protected":false},"excerpt":{"rendered":"Ce type de fait divers n\u2019est malheureusement pas un \u00e9v\u00e9nement isol\u00e9. Chaque ann\u00e9e, la justice alsacienne doit juger&hellip;\n","protected":false},"author":2,"featured_media":194005,"comment_status":"","ping_status":"","sticky":false,"template":"","format":"standard","meta":{"footnotes":""},"categories":[2820],"tags":[1111,11,2389,2649,271,272,2880,1777,674,274,107,1011,27,775,12,25,640,2879],"class_list":{"0":"post-194004","1":"post","2":"type-post","3":"status-publish","4":"format-standard","5":"has-post-thumbnail","7":"category-strasbourg","8":"tag-actu","9":"tag-actualites","10":"tag-alsace","11":"tag-bas-rhin","12":"tag-crime","13":"tag-delit-et-contravention","14":"tag-edition-strasbourg","15":"tag-eu","16":"tag-europe","17":"tag-faits-divers-justice","18":"tag-fil-info","19":"tag-fr","20":"tag-france","21":"tag-grand-est","22":"tag-news","23":"tag-republique-francaise","24":"tag-strasbourg","25":"tag-strasbourg-ville"},"share_on_mastodon":{"url":"https:\/\/pubeurope.com\/@fr\/114722636124742866","error":""},"_links":{"self":[{"href":"https:\/\/www.europesays.com\/fr\/wp-json\/wp\/v2\/posts\/194004","targetHints":{"allow":["GET"]}}],"collection":[{"href":"https:\/\/www.europesays.com\/fr\/wp-json\/wp\/v2\/posts"}],"about":[{"href":"https:\/\/www.europesays.com\/fr\/wp-json\/wp\/v2\/types\/post"}],"author":[{"embeddable":true,"href":"https:\/\/www.europesays.com\/fr\/wp-json\/wp\/v2\/users\/2"}],"replies":[{"embeddable":true,"href":"https:\/\/www.europesays.com\/fr\/wp-json\/wp\/v2\/comments?post=194004"}],"version-history":[{"count":0,"href":"https:\/\/www.europesays.com\/fr\/wp-json\/wp\/v2\/posts\/194004\/revisions"}],"wp:featuredmedia":[{"embeddable":true,"href":"https:\/\/www.europesays.com\/fr\/wp-json\/wp\/v2\/media\/194005"}],"wp:attachment":[{"href":"https:\/\/www.europesays.com\/fr\/wp-json\/wp\/v2\/media?parent=194004"}],"wp:term":[{"taxonomy":"category","embeddable":true,"href":"https:\/\/www.europesays.com\/fr\/wp-json\/wp\/v2\/categories?post=194004"},{"taxonomy":"post_tag","embeddable":true,"href":"https:\/\/www.europesays.com\/fr\/wp-json\/wp\/v2\/tags?post=194004"}],"curies":[{"name":"wp","href":"https:\/\/api.w.org\/{rel}","templated":true}]}}