{"id":194008,"date":"2025-06-21T17:55:12","date_gmt":"2025-06-21T17:55:12","guid":{"rendered":"https:\/\/www.europesays.com\/fr\/194008\/"},"modified":"2025-06-21T17:55:12","modified_gmt":"2025-06-21T17:55:12","slug":"voici-notre-selection-des-meilleurs-spots-ou-celebrer-la-fete-de-la-musique-sur-la-cote-dazur","status":"publish","type":"post","link":"https:\/\/www.europesays.com\/fr\/194008\/","title":{"rendered":"Voici notre s\u00e9lection des meilleurs spots o\u00f9 c\u00e9l\u00e9brer la F\u00eate de la musique sur la C\u00f4te d&rsquo;Azur"},"content":{"rendered":"<p>L\u2019\u00e9t\u00e9 arrive. Demain, jour le plus long de l\u2019ann\u00e9e, puisque d\u00e8s le lendemain la clart\u00e9 diminue. Pour c\u00e9l\u00e9brer cette belle journ\u00e9e sans fin, sous le soleil puis sous les \u00e9toiles, on fait du bruit, car c\u2019est aussi la f\u00eate de la musique. Partout. Au bord de mer, dans les terres, sur les cimes, \u00e7a va bruiter, \u00e7a va guincher. Festival de notes pour une ambiance joyeuse sans couac. Notre s\u00e9lection.<\/p>\n<p>La plus sportive: \u00e0 v\u00e9lo \u00e0 Nice <\/p>\n<p>Faire p\u00e9daler les sons: c\u2019est la volont\u00e9 de l\u2019association Nice \u00e0 V\u00e9lo, qui, en collaboration avec Choisir le V\u00e9lo, Cyclotrope et ViaV\u00e9lo, convie les amateurs du r\u00e9gime avec selle \u00e0 une parade in\u00e9dite au rythme d\u2019une DJ mobile Katia Vonna et d\u2019un peloton dansant. Pour rappeler que le v\u00e9lo, au-del\u00e0 de la f\u00eate, est un mode de transport joyeux, accessible, collectif, g\u00e9n\u00e9rateur de lien social.<\/p>\n<p><strong>Savoir+<\/strong><br \/>&#13;<br \/>\n\u00ab\u00a0DJ set on the bike\u00a0\u00bb, d\u00e9part \u00e0 19h30 de la Maison du v\u00e9lo (12, rue de Suisse), arriv\u00e9e vers 22h place Pellegrini. <a href=\"http:\/\/Niceavelo.org\" target=\"_blank\" rel=\"noopener\">Niceavelo.org<\/a> ou <a href=\"https:\/\/www.nicematin.com\/detente\/mailto:asso@niceavelo.org\" target=\"_blank\" rel=\"noopener\">asso@niceavelo.org.<\/a><\/p>\n<p>La plus arc-en-ciel: \u00e0 Nice <\/p>\n<p>Le Centre LGBTQIA+ C\u00f4te d\u2019Azur, organise, en partenariat notamment avec la Ville et l\u2019association du quartier Bonaparte, la Dolly Street. Au programme, des DJ bien d\u00e9cid\u00e9s \u00e0 entra\u00eener tout le monde dans un tourbillon arc-en-ciel.<\/p>\n<p><strong>Savoir+<\/strong><br \/>&#13;<br \/>\n18 \u00e0 minuit, place du Pin. <br \/>&#13;<br \/>\nGratuit. <br \/>&#13;<br \/>\nT\u00e9l. 04.83.32.81.84.<\/p>\n<p>La plus vari\u00e9e: \u00e0 Cagnes-sur-Mer <\/p>\n<p>Entre Haut-de-Cagnes, place De-Gaulle et Cros-de-Cagnes, une f\u00eate de la musique plurielle. Pr\u00e8s du ch\u00e2teau Grimaldi, \u00e0 21h, reprise des grands standards de vari\u00e9t\u00e9 internationale revisit\u00e9s, de rock\u2019n\u2019roll\u2026 avec The Crazy Warren (privil\u00e9gier la navette), Place De-Gaulle, de 17h \u00e0 22h, le classique sera roi avec le Conservatoire de musique, square Balloux, de 20h \u00e0 23h avec les jeunes du Studio 25. Enfin, sur le bord de mer, au square des Embruns, d\u00e8s 19h30: La chanson au c\u0153ur, au c\u0153ur de la chanson, avec Patty et Bruno Fromentot.<\/p>\n<p><strong>Savoir+<\/strong><br \/>&#13;<br \/>\nGratuit. <br \/>&#13;<br \/>\n<a href=\"http:\/\/cagnes.fr\" target=\"_blank\" rel=\"noopener\">Cagnes.fr.<\/a><\/p>\n<p>La plus Frenchy: \u00e0 St-Jean-Cap-Ferrat <\/p>\n<p>Pour une soir\u00e9e musicale 100% made in France, face \u00e0 la M\u00e9diterran\u00e9e, rendez-vous au th\u00e9\u00e2tre sur la Mer pour L\u2019Ap\u00e9ro des Frenchy. Chanson fran\u00e7aise, bonne humeur, coup \u00e0 boire et dress code: marini\u00e8re.<\/p>\n<p><strong>Savoir+<\/strong> <br \/>&#13;<br \/>\n18h \u00e0 23h30 au 4, avenue Denis-Semeria. <br \/>&#13;<br \/>\nTarifs: 0 \u00e0 5 euros. <br \/>&#13;<br \/>\n<a href=\"http:\/\/Instagram.com\/aperodesfrenchy\" target=\"_blank\" rel=\"noopener\">Instagram.com\/aperodesfrenchy.<\/a><\/p>\n<p>La plus bulleuse: \u00e0 Gatti\u00e8res <\/p>\n<p>Nuit \u00e0 bulles, organis\u00e9e par l\u2019Association Yuna Crew avec le soutien de la municipalit\u00e9. Plusieurs animations avec notamment, d\u00e8s 20 h 30, une soir\u00e9e mousse anim\u00e9e par Musikevents.<\/p>\n<p><strong>Savoir+<\/strong><br \/>&#13;<br \/>\nAmphith\u00e9\u00e2tre Bella Ciao. Gratuit. 04.92.08.45.70.<\/p>\n<p>La plus folklorique: \u00e0 St-Etienne-de-Tin\u00e9e <\/p>\n<p>Le comit\u00e9 des f\u00eates du village de la Tin\u00e9e propose un rassemblement des fifres et tambours de la r\u00e9gion, d\u00e8s 10h30 dans les rues du village. Apr\u00e8s une journ\u00e9e fes tivit\u00e9s (concours de Mourra, \u00ab\u00a0Passa Carriero\u00a0\u00bb, ap\u00e9ritif&#8230;), rendez-vous \u00e0 20 h pour un repas champ\u00eatre (30 euros sur r\u00e9s. au 06.71.31.98.11) suivi d\u2019un bal sur la place San Ment.<\/p>\n<p><strong>Savoir+<\/strong><br \/>&#13;<br \/>\nGratuit. <br \/>&#13;<br \/>\nT\u00e9l. 04.93.02.41.96.<\/p>\n<p><script async src=\"\/\/www.instagram.com\/embed.js\"><\/script><\/p>\n","protected":false},"excerpt":{"rendered":"L\u2019\u00e9t\u00e9 arrive. Demain, jour le plus long de l\u2019ann\u00e9e, puisque d\u00e8s le lendemain la clart\u00e9 diminue. Pour c\u00e9l\u00e9brer&hellip;\n","protected":false},"author":2,"featured_media":194009,"comment_status":"","ping_status":"","sticky":false,"template":"","format":"standard","meta":{"footnotes":""},"categories":[2819],"tags":[1111,11,1777,674,1011,27,1393,12,2401,882,25],"class_list":{"0":"post-194008","1":"post","2":"type-post","3":"status-publish","4":"format-standard","5":"has-post-thumbnail","7":"category-nice","8":"tag-actu","9":"tag-actualites","10":"tag-eu","11":"tag-europe","12":"tag-fr","13":"tag-france","14":"tag-loisirs","15":"tag-news","16":"tag-nice","17":"tag-provence-alpes-cote-dazur","18":"tag-republique-francaise"},"share_on_mastodon":{"url":"https:\/\/pubeurope.com\/@fr\/114722643883461070","error":""},"_links":{"self":[{"href":"https:\/\/www.europesays.com\/fr\/wp-json\/wp\/v2\/posts\/194008","targetHints":{"allow":["GET"]}}],"collection":[{"href":"https:\/\/www.europesays.com\/fr\/wp-json\/wp\/v2\/posts"}],"about":[{"href":"https:\/\/www.europesays.com\/fr\/wp-json\/wp\/v2\/types\/post"}],"author":[{"embeddable":true,"href":"https:\/\/www.europesays.com\/fr\/wp-json\/wp\/v2\/users\/2"}],"replies":[{"embeddable":true,"href":"https:\/\/www.europesays.com\/fr\/wp-json\/wp\/v2\/comments?post=194008"}],"version-history":[{"count":0,"href":"https:\/\/www.europesays.com\/fr\/wp-json\/wp\/v2\/posts\/194008\/revisions"}],"wp:featuredmedia":[{"embeddable":true,"href":"https:\/\/www.europesays.com\/fr\/wp-json\/wp\/v2\/media\/194009"}],"wp:attachment":[{"href":"https:\/\/www.europesays.com\/fr\/wp-json\/wp\/v2\/media?parent=194008"}],"wp:term":[{"taxonomy":"category","embeddable":true,"href":"https:\/\/www.europesays.com\/fr\/wp-json\/wp\/v2\/categories?post=194008"},{"taxonomy":"post_tag","embeddable":true,"href":"https:\/\/www.europesays.com\/fr\/wp-json\/wp\/v2\/tags?post=194008"}],"curies":[{"name":"wp","href":"https:\/\/api.w.org\/{rel}","templated":true}]}}