{"id":194010,"date":"2025-06-21T17:56:15","date_gmt":"2025-06-21T17:56:15","guid":{"rendered":"https:\/\/www.europesays.com\/fr\/194010\/"},"modified":"2025-06-21T17:56:15","modified_gmt":"2025-06-21T17:56:15","slug":"gros-travaux-a-lallianz-riviera-que-se-trame-t-il-au-coeur-du-stade-nicois","status":"publish","type":"post","link":"https:\/\/www.europesays.com\/fr\/194010\/","title":{"rendered":"Gros travaux \u00e0 l\u2019Allianz Riviera: que se trame-t-il au c\u0153ur du stade ni\u00e7ois?"},"content":{"rendered":"<p>Adieu pelouse, bonjour pelouse. Ce n\u2019est pas parce que la saison de football est termin\u00e9e et qu\u2019aucun concert n\u2019est programm\u00e9 pour cet \u00e9t\u00e9 qu\u2019il ne se passe rien \u00e0 l\u2019Allianz Riviera. Bien au contraire. Car si l\u2019on ne croisera pas de star du top 50 durant la tr\u00eave estivale, c\u2019est aussi parce que le stade se refait une beaut\u00e9. Enfin, \u00e0 ce niveau, on est davantage sur un gros lifting qu\u2019une op\u00e9ration de rafra\u00eechissement: le gazon va \u00eatre int\u00e9gralement chang\u00e9.<\/p>\n<p>On ne parle pas d\u2019un simple remplacement de la couche herbac\u00e9e mais bien d\u2019un renouvellement total de la partie centrale de l\u2019enceinte sportive. \u00ab\u00a0C\u2019est la premi\u00e8re fois en 12 ans que nous menons des travaux de cette ampleur, affirme Patrick Florence, le directeur g\u00e9n\u00e9ral de Nice Eco Stadium qui g\u00e8re l\u2019Allianz Riviera. Nous voulions tout remplacer, y compris la couche de substrat en pouzzolane (une roche volcanique) qui s\u2019\u00e9tait quelque peu durcie. \u00c0 la construction, tous les stades utilisaient ce mat\u00e9riau et ont dress\u00e9 le m\u00eame constat que nous. \u00c0 la place, nous avons opt\u00e9 pour une structure sableuse en deux couches. Cette op\u00e9ration a \u00e9t\u00e9 d\u00e9cid\u00e9e \u00e0 la fin 2024.\u00a0\u00bb<\/p>\n<p>Pr\u00eat d\u00e9but ao\u00fbt, pour les qualificatifs de la Ligue des Champions<\/p>\n<p>Les travaux ont \u00e9t\u00e9 entrepris le 2 juin et s\u2019ach\u00e8veront les derniers jours de juillet. \u00ab\u00a0Nous sommes contraints par le calendrier sportif. Durant la saison de Ligue 1, impossible de r\u00e9aliser cette op\u00e9ration puisque nous sommes li\u00e9s par contrat \u00e0 l\u2019OGC Nice qui joue ici. Et si le match aller pour le troisi\u00e8me tour de qualification de la Ligue des Champions est \u00e0 domicile, il faudra mettre \u00e0 disposition les lieux \u00e0 l\u2019UEFA d\u00e8s les premiers jours d\u2019ao\u00fbt. Il ne restait donc que cette p\u00e9riode; c\u2019est aussi la raison pour laquelle nous n\u2019accueillons pas de gros concert cet \u00e9t\u00e9.\u00a0\u00bb<\/p>\n<p>Concr\u00e8tement, il s\u2019agit de d\u00e9caisser sur 50cm de profondeur les diff\u00e9rentes couches de terre, de substrat et de gazon. \u00ab\u00a0Les pelouses de haut niveau sont hybrides: compos\u00e9es d\u2019une partie organique et d\u2019une partie synth\u00e9tique. \u00c0 la d\u00e9pose, elles sont s\u00e9par\u00e9es par un crible afin que la seconde puisse \u00eatre recycl\u00e9e, pr\u00e9cise Patrick Florence. Les engins prennent des pr\u00e9cautions pour ne pas endommager le circuit de drainage. Quant \u00e0 celui d\u2019arrosage, il a \u00e9t\u00e9 enlev\u00e9 et sera remplac\u00e9 par un autre, plus pr\u00e9cis, et plus performant. Les arroseurs pourront \u00eatre command\u00e9s de mani\u00e8re ind\u00e9pendante afin d\u2019assurer une homog\u00e9n\u00e9it\u00e9 \u00e0 la pelouse.\u00a0\u00bb<\/p>\n<p>Des experts internationaux en pelouses de stade<\/p>\n<p>Cette derni\u00e8re a \u00e9t\u00e9 choisie avec soin. \u00ab\u00a0Nous nous sommes appuy\u00e9s sur des experts, en particulier Andy Cole, reconnu par la FIFA et consultant du Stade de France, ainsi que Scott Brooks, le r\u00e9f\u00e9rent pelouse de l\u2019OGC Nice, assure le directeur g\u00e9n\u00e9ral de Nice Eco Stadium. Nous collaborons avec une gazonni\u00e8re de Lombardie qui fait pousser sous serre. Le gazon sera amen\u00e9 sous forme de rouleaux par camion frigorifique. Apr\u00e8s la pose, il faudra compter un ou deux jours de r\u00e9glage pour que les jointures soient optimales et il ne restera plus qu\u2019\u00e0 tracer le terrain.\u00a0\u00bb<\/p>\n<p>Fin juillet, l\u2019\u00e9quipe de football ni\u00e7oise pourra venir admirer les lieux. \u00ab\u00a0Nous avons associ\u00e9 le club tout au long du processus, indique Patrick Florence. Ces \u00e9changes, qui se sont prolong\u00e9s au cours du premier trimestre 2025, ont \u00e9t\u00e9 fructueux. Et puis, c\u2019est tout de m\u00eame lui le principal utilisateur de la pelouse.\u00a0\u00bb<\/p>\n<p>              <img ci-src=\"https:\/\/www.nicematin.com\/vie-locale\/protec\/DATA_ART_15762829-He0M0lHi.jpg?vh=c21893&amp;ci_seal=1d74abb1be\" alt=\"\"\/><br \/>\n        Patrick Florence, directeur g\u00e9n\u00e9ral de Nice Eco Stadium.  <strong>S\u00e9bastien Botella.<\/strong> <\/p>\n<p>            En chiffres<\/p>\n<p>1, 2 millions d\u2019euros: c\u2019est le co\u00fbt de l\u2019op\u00e9ration, financ\u00e9e en totalit\u00e9 par Nice Eco Stadium.<\/p>\n<p>7.876m\u00b2 de surface totale concern\u00e9e.<\/p>\n<p>8 semaines de travaux.<\/p>\n<p>24 nouveaux arroseurs.<\/p>\n","protected":false},"excerpt":{"rendered":"Adieu pelouse, bonjour pelouse. Ce n\u2019est pas parce que la saison de football est termin\u00e9e et qu\u2019aucun concert&hellip;\n","protected":false},"author":2,"featured_media":194011,"comment_status":"","ping_status":"","sticky":false,"template":"","format":"standard","meta":{"footnotes":""},"categories":[2819],"tags":[1111,11,1777,674,1011,27,12,2401,882,25,60,1352,3366],"class_list":{"0":"post-194010","1":"post","2":"type-post","3":"status-publish","4":"format-standard","5":"has-post-thumbnail","7":"category-nice","8":"tag-actu","9":"tag-actualites","10":"tag-eu","11":"tag-europe","12":"tag-fr","13":"tag-france","14":"tag-news","15":"tag-nice","16":"tag-provence-alpes-cote-dazur","17":"tag-republique-francaise","18":"tag-sports","19":"tag-urbanisme","20":"tag-vie-locale"},"share_on_mastodon":{"url":"https:\/\/pubeurope.com\/@fr\/114722647845127389","error":""},"_links":{"self":[{"href":"https:\/\/www.europesays.com\/fr\/wp-json\/wp\/v2\/posts\/194010","targetHints":{"allow":["GET"]}}],"collection":[{"href":"https:\/\/www.europesays.com\/fr\/wp-json\/wp\/v2\/posts"}],"about":[{"href":"https:\/\/www.europesays.com\/fr\/wp-json\/wp\/v2\/types\/post"}],"author":[{"embeddable":true,"href":"https:\/\/www.europesays.com\/fr\/wp-json\/wp\/v2\/users\/2"}],"replies":[{"embeddable":true,"href":"https:\/\/www.europesays.com\/fr\/wp-json\/wp\/v2\/comments?post=194010"}],"version-history":[{"count":0,"href":"https:\/\/www.europesays.com\/fr\/wp-json\/wp\/v2\/posts\/194010\/revisions"}],"wp:featuredmedia":[{"embeddable":true,"href":"https:\/\/www.europesays.com\/fr\/wp-json\/wp\/v2\/media\/194011"}],"wp:attachment":[{"href":"https:\/\/www.europesays.com\/fr\/wp-json\/wp\/v2\/media?parent=194010"}],"wp:term":[{"taxonomy":"category","embeddable":true,"href":"https:\/\/www.europesays.com\/fr\/wp-json\/wp\/v2\/categories?post=194010"},{"taxonomy":"post_tag","embeddable":true,"href":"https:\/\/www.europesays.com\/fr\/wp-json\/wp\/v2\/tags?post=194010"}],"curies":[{"name":"wp","href":"https:\/\/api.w.org\/{rel}","templated":true}]}}