{"id":194019,"date":"2025-06-21T18:01:10","date_gmt":"2025-06-21T18:01:10","guid":{"rendered":"https:\/\/www.europesays.com\/fr\/194019\/"},"modified":"2025-06-21T18:01:10","modified_gmt":"2025-06-21T18:01:10","slug":"sortir-a-toulouse-le-grand-retour-dadrienne-lecouvreur-au-theatre-du-capitole","status":"publish","type":"post","link":"https:\/\/www.europesays.com\/fr\/194019\/","title":{"rendered":"Sortir \u00e0 Toulouse. Le grand retour d\u2019Adrienne Lecouvreur au Th\u00e9\u00e2tre du Capitole"},"content":{"rendered":"<p>            Par<br \/>\n        <strong><br \/>\n            <a href=\"https:\/\/actu.fr\/auteur\/redaction-toulouse\" title=\"Consulter tous les articles de R\u00e9daction de Toulouse\" target=\"_blank\" rel=\"noopener\">R\u00e9daction de Toulouse<\/a><br \/>\n        <\/strong><\/p>\n<p>        Publi\u00e9 le<\/p>\n<p>            21 juin 2025 \u00e0 13h59        <\/p>\n<p>Le chef-d\u2019\u0153uvre de Francesco Cilea (1866-1950) revient sur la sc\u00e8ne du Capitole dans une nouvelle production venant directement d\u2019Italie o\u00f9 elle fut cr\u00e9\u00e9e en 2002 et fait depuis les grands soirs de cet op\u00e9ra.<\/p>\n<p>De la l\u00e9gende \u00e0 l\u2019op\u00e9ra\u00a0<\/p>\n<p class=\" wall-content\">Cet ouvrage au destin contrast\u00e9 s\u2019empare d\u2019une l\u00e9gende mettant en sc\u00e8ne une r\u00e9elle actrice de la Com\u00e9die-Fran\u00e7aise du 18e si\u00e8cle : Adrienne Lecouvreur (1692-1730). Se disputant les faveurs du beau Maurice de Saxe avec la redoutable Princesse de Bouillon, en r\u00e9alit\u00e9 Fran\u00e7oise de Lorraine, duchesse de Bouillon, elle finira empoisonn\u00e9e dans sa loge apr\u00e8s avoir re\u00e7u un bouquet de fleurs contenant une senteur\u2026 l\u00e9tale. C\u2019est cette tragique histoire que nous raconte Francesco Cilea, destin sur lequel il a pos\u00e9 une musique aussi g\u00e9n\u00e9reuse que bouleversante. Le r\u00f4le-titre est \u00e0 jamais marqu\u00e9 par l\u2019interpr\u00e9tation de Montserrat Caball\u00e9.<\/p>\n<p class=\" wall-content\">Le Th\u00e9\u00e2tre du Capitole a programm\u00e9 cet ouvrage pour la premi\u00e8re fois lors de la saison 87\/88 et ne l\u2019a jamais repris jusqu\u2019\u00e0 ce jour.<\/p>\n<p>Reprise royale<\/p>\n<p class=\" wall-content\">C\u2019est dans une production sign\u00e9e Ivan Stefanutti et sous la direction musicale de son compatriote italien Giampaolo Bisanti que se fait ce retour en majest\u00e9 d\u2019Adrienne Lecouvreur.<\/p>\n<p class=\" wall-content\">Sur le plateau, la soprano arm\u00e9nienne Lianna Haroutounian (Adrienne) devra affronter la volcanique mezzo roumaine Judit Kutasi, dont la derni\u00e8re apparition au cin\u00e9ma dans l\u2019A\u00efda du Metropolitan en d\u00e9but d\u2019ann\u00e9e nous promet un combat titanesque au 3e acte. Jos\u00e9 Cura fera ses d\u00e9buts dans le r\u00f4le de Maurice de Saxe. Nicola Alaimo (Michonnet de luxe !!!) et Roberto Scandiuzzi (Prince de Bouillon tout aussi luxueux) compl\u00e8tent la distribution des principaux r\u00f4les.<\/p>\n<p>Vid\u00e9os : en ce moment sur Actu<\/p>\n<p class=\" wall-content\">Une fin de saison italianissime et port\u00e9e par les promesses d\u2019un grand frisson lyrique.<\/p>\n<p class=\" wall-content\"><strong>Robert P\u00e9navayre<\/strong><\/p>\n<p>Repr\u00e9sentations : 24 et 26 juin \u00e0 20h, 22 et 29 juin \u00e0 15h Renseignements et r\u00e9servations : <a href=\"https:\/\/www.opera.toulouse.fr\/\" target=\"_blank\" rel=\"noopener\">www.opera.toulouse.fr<\/a><\/p>\n<p class=\" wall-content\">Suivez toute l\u2019actualit\u00e9 de vos villes et m\u00e9dias favoris en vous inscrivant \u00e0 <a href=\"https:\/\/moncompte.actu.fr\" title=\"D\u00e9couvez Mon Actu\" rel=\"nofollow noopener\" data-trk=\"{&quot;cta&quot;:{&quot;action&quot;:&quot;https:\\\/\\\/moncompte.actu.fr&quot;,&quot;category&quot;:&quot;mon compte&quot;,&quot;from&quot;:&quot;article footer&quot;,&quot;name&quot;:&quot;Mon actu&quot;,&quot;type&quot;:&quot;cta&quot;}}\" target=\"_blank\">Mon Actu<\/a>.<\/p>\n<ul class=\"ac-article-tag wall-content\">\n<li><a href=\"https:\/\/actu.fr\/tag\/capitole\" data-trk=\"{&quot;cta&quot;:{&quot;action&quot;:&quot;Capitole&quot;,&quot;category&quot;:&quot;tag&quot;,&quot;from&quot;:&quot;article footer&quot;,&quot;name&quot;:&quot;Capitole&quot;,&quot;type&quot;:&quot;cta&quot;}}\" target=\"_blank\" rel=\"noopener\">#Capitole<\/a><\/li>\n<li><a href=\"https:\/\/actu.fr\/tag\/sortir-a-toulouse\" data-trk=\"{&quot;cta&quot;:{&quot;action&quot;:&quot;Sortir \\u00e0 Toulouse&quot;,&quot;category&quot;:&quot;tag&quot;,&quot;from&quot;:&quot;article footer&quot;,&quot;name&quot;:&quot;Sortir \\u00e0 Toulouse&quot;,&quot;type&quot;:&quot;cta&quot;}}\" target=\"_blank\" rel=\"noopener\">#Sortir \u00e0 Toulouse<\/a><\/li>\n<\/ul>\n","protected":false},"excerpt":{"rendered":"Par R\u00e9daction de Toulouse Publi\u00e9 le 21 juin 2025 \u00e0 13h59 Le chef-d\u2019\u0153uvre de Francesco Cilea (1866-1950) revient&hellip;\n","protected":false},"author":2,"featured_media":194020,"comment_status":"","ping_status":"","sticky":false,"template":"","format":"standard","meta":{"footnotes":""},"categories":[2816],"tags":[1111,11,4519,1777,674,1011,27,1652,12,2680,25,1341,2312],"class_list":{"0":"post-194019","1":"post","2":"type-post","3":"status-publish","4":"format-standard","5":"has-post-thumbnail","7":"category-toulouse","8":"tag-actu","9":"tag-actualites","10":"tag-capitole","11":"tag-eu","12":"tag-europe","13":"tag-fr","14":"tag-france","15":"tag-loisirs-culture","16":"tag-news","17":"tag-occitanie","18":"tag-republique-francaise","19":"tag-sortir-a-toulouse","20":"tag-toulouse"},"share_on_mastodon":{"url":"https:\/\/pubeurope.com\/@fr\/114722667460423774","error":""},"_links":{"self":[{"href":"https:\/\/www.europesays.com\/fr\/wp-json\/wp\/v2\/posts\/194019","targetHints":{"allow":["GET"]}}],"collection":[{"href":"https:\/\/www.europesays.com\/fr\/wp-json\/wp\/v2\/posts"}],"about":[{"href":"https:\/\/www.europesays.com\/fr\/wp-json\/wp\/v2\/types\/post"}],"author":[{"embeddable":true,"href":"https:\/\/www.europesays.com\/fr\/wp-json\/wp\/v2\/users\/2"}],"replies":[{"embeddable":true,"href":"https:\/\/www.europesays.com\/fr\/wp-json\/wp\/v2\/comments?post=194019"}],"version-history":[{"count":0,"href":"https:\/\/www.europesays.com\/fr\/wp-json\/wp\/v2\/posts\/194019\/revisions"}],"wp:featuredmedia":[{"embeddable":true,"href":"https:\/\/www.europesays.com\/fr\/wp-json\/wp\/v2\/media\/194020"}],"wp:attachment":[{"href":"https:\/\/www.europesays.com\/fr\/wp-json\/wp\/v2\/media?parent=194019"}],"wp:term":[{"taxonomy":"category","embeddable":true,"href":"https:\/\/www.europesays.com\/fr\/wp-json\/wp\/v2\/categories?post=194019"},{"taxonomy":"post_tag","embeddable":true,"href":"https:\/\/www.europesays.com\/fr\/wp-json\/wp\/v2\/tags?post=194019"}],"curies":[{"name":"wp","href":"https:\/\/api.w.org\/{rel}","templated":true}]}}