{"id":194025,"date":"2025-06-21T18:05:11","date_gmt":"2025-06-21T18:05:11","guid":{"rendered":"https:\/\/www.europesays.com\/fr\/194025\/"},"modified":"2025-06-21T18:05:11","modified_gmt":"2025-06-21T18:05:11","slug":"video-le-tres-chaud-retour-de-la-fete-des-ecoles-sur-le-vieux-port-de-marseille","status":"publish","type":"post","link":"https:\/\/www.europesays.com\/fr\/194025\/","title":{"rendered":"VID\u00c9O. Le tr\u00e8s chaud retour de la f\u00eate des \u00e9coles sur le Vieux-Port de Marseille"},"content":{"rendered":"<p>\u00ab\u00a0Il y aura des boissons fra\u00eeches et des y\u00e9tis pour tout le monde.\u00a0\u00bb Pour la premi\u00e8re <a href=\"https:\/\/www.laprovence.com\/article\/societe\/4985196\/marseille-5000-enfants-des-choregraphies-pleines-de-couleurs-toutes-les-photos-et-videos-de-la-70e-fete-\" target=\"_blank\" rel=\"noopener\">f\u00eate des \u00e9coles<\/a> de son mandat, le maire (DVG) de Marseille, Beno\u00eet Payan, se veut rassurant et veut croire que \u00ab\u00a0ces festivit\u00e9s qui vont rassembler tous les enfants de la ville vont \u00eatre un pr\u00e9lude en fanfare de <a href=\"https:\/\/www.laprovence.com\/article\/sortie-loisirs\/27810249244090\/vieux-port-pietonnise-marche-artisanal-l-ete-marseillais-s-installe-pour-deux-mois\" target=\"_blank\" rel=\"noopener\">l\u2019\u00c9t\u00e9 marseillais<\/a>\u00ab\u00a0.<\/p>\n<p>Sur le Vieux-Port et sur l\u2019esplanade Bargemon (2e), la chaleur caniculaire de ce premier jour de l\u2019\u00e9t\u00e9 n\u2019a en effet pas d\u00e9courag\u00e9 les familles, qui se sont press\u00e9es \u00e0 cette grande c\u00e9l\u00e9bration des \u00e9coliers organis\u00e9e par la Ville. Un \u00e9v\u00e9nement qui faisait <a href=\"https:\/\/www.laprovence.com\/article\/region\/7324658540983614\/marseille-la-fete-des-ecoles-revient-mi-juin-au-velodrome-apres-plusieurs-annees-d-absence\" target=\"_blank\" rel=\"noopener\">son retour, apr\u00e8s six ann\u00e9es d\u2019absence<\/a>.<\/p>\n<p>\u00ab\u00a0Le plus cool, c\u2019est de se faire applaudir\u00a0\u00bb<\/p>\n<p>Si <a href=\"https:\/\/www.laprovence.com\/article\/societe\/43437439762541\/a-marseille-la-fete-des-ecoles-naura-finalement-pas-lieu-au-velodrome\" target=\"_blank\" rel=\"noopener\">la f\u00eate a perdu le lustre du V\u00e9lodrome<\/a> &#8211;\u00a0\u00ab\u00a0Tous<a href=\"https:\/\/www.laprovence.com\/article\/region\/32487558310238\/a-marseille-plus-de-8-000-eleves-ont-visite-le-stade-velodrome-le-coeur-battant-de-la-ville\" target=\"_blank\" rel=\"noopener\"> les CM2 y effectuent une visite privil\u00e9gi\u00e9e<\/a> et il aurait fallu booker le stade trois jours pour faire rentrer tout le monde pour la f\u00eate des \u00e9coles\u00a0\u00bb, argue Beno\u00eet Payan -, les quais du Vieux-Port se pr\u00eatent \u00e0 merveille \u00e0 la grande parade, sur le th\u00e8me de la M\u00e9diterran\u00e9e cette ann\u00e9e. Sous les oriflammes ciel et blancs confectionn\u00e9s en classe, 200\u00a0\u00e9l\u00e8ves de 24 \u00e9coles de la Ville chantent, dansent, miment les animaux marins et les dangers qui les guettent.<\/p>\n","protected":false},"excerpt":{"rendered":"\u00ab\u00a0Il y aura des boissons fra\u00eeches et des y\u00e9tis pour tout le monde.\u00a0\u00bb Pour la premi\u00e8re f\u00eate des&hellip;\n","protected":false},"author":2,"featured_media":194026,"comment_status":"","ping_status":"","sticky":false,"template":"","format":"standard","meta":{"footnotes":""},"categories":[2814],"tags":[17,1111,11,6100,154,4019,1777,674,4768,1011,27,884,12,882,25,8133,104,933,133],"class_list":{"0":"post-194025","1":"post","2":"type-post","3":"status-publish","4":"format-standard","5":"has-post-thumbnail","7":"category-marseille","8":"tag-17","9":"tag-actu","10":"tag-actualites","11":"tag-chaud","12":"tag-des","13":"tag-ecoles","14":"tag-eu","15":"tag-europe","16":"tag-fete","17":"tag-fr","18":"tag-france","19":"tag-marseille","20":"tag-news","21":"tag-provence-alpes-cote-dazur","22":"tag-republique-francaise","23":"tag-retour","24":"tag-societe","25":"tag-tres","26":"tag-video"},"share_on_mastodon":{"url":"https:\/\/pubeurope.com\/@fr\/114722683172846133","error":""},"_links":{"self":[{"href":"https:\/\/www.europesays.com\/fr\/wp-json\/wp\/v2\/posts\/194025","targetHints":{"allow":["GET"]}}],"collection":[{"href":"https:\/\/www.europesays.com\/fr\/wp-json\/wp\/v2\/posts"}],"about":[{"href":"https:\/\/www.europesays.com\/fr\/wp-json\/wp\/v2\/types\/post"}],"author":[{"embeddable":true,"href":"https:\/\/www.europesays.com\/fr\/wp-json\/wp\/v2\/users\/2"}],"replies":[{"embeddable":true,"href":"https:\/\/www.europesays.com\/fr\/wp-json\/wp\/v2\/comments?post=194025"}],"version-history":[{"count":0,"href":"https:\/\/www.europesays.com\/fr\/wp-json\/wp\/v2\/posts\/194025\/revisions"}],"wp:featuredmedia":[{"embeddable":true,"href":"https:\/\/www.europesays.com\/fr\/wp-json\/wp\/v2\/media\/194026"}],"wp:attachment":[{"href":"https:\/\/www.europesays.com\/fr\/wp-json\/wp\/v2\/media?parent=194025"}],"wp:term":[{"taxonomy":"category","embeddable":true,"href":"https:\/\/www.europesays.com\/fr\/wp-json\/wp\/v2\/categories?post=194025"},{"taxonomy":"post_tag","embeddable":true,"href":"https:\/\/www.europesays.com\/fr\/wp-json\/wp\/v2\/tags?post=194025"}],"curies":[{"name":"wp","href":"https:\/\/api.w.org\/{rel}","templated":true}]}}