{"id":194029,"date":"2025-06-21T18:07:08","date_gmt":"2025-06-21T18:07:08","guid":{"rendered":"https:\/\/www.europesays.com\/fr\/194029\/"},"modified":"2025-06-21T18:07:08","modified_gmt":"2025-06-21T18:07:08","slug":"une-greve-tcl-ce-lundi-decouvrez-le-detail-des-fortes-perturbations","status":"publish","type":"post","link":"https:\/\/www.europesays.com\/fr\/194029\/","title":{"rendered":"une gr\u00e8ve TCL ce lundi, d\u00e9couvrez le d\u00e9tail des fortes perturbations"},"content":{"rendered":"<p>Si toutes les lignes de m\u00e9tros, tramways, funiculaires, Junior Direct et Navig\u00f4ne circuleront normalement, beaucoup de bus ne sortiront pas du d\u00e9p\u00f4t.<\/p>\n<p><strong>Les lignes de bus suivantes ne circuleront pas lundi :<\/strong><\/p>\n<p>C1, C5, C7, C9, C11, C15E, C16, C17, C18, C22, C23, 3, 5, 7, 8, 10, 10E, 14, 15E,16, 17, 18, 19, 20, 22, 24, 25, 26, 27, 34, 35, 38, 39, 40, 43, 45, 46, 49, 50, 55, 57, 59, 62, 64, 65, 66, 67, 69, 70, 71, 76, 78, 79, 81, 88, 89D, 90, 93, 98, S1, S4a, S4b, S9, S11, S15, Zi1, Zi2, Zi3, Zi4, Zi8, N83.<\/p>\n<p><strong>Les lignes de bus suivantes circuleront uniquement entre 6h30 et 19h30 avec une fr\u00e9quence all\u00e9g\u00e9e :<\/strong><\/p>\n<p>C2 : toutes les 12 min<br \/>C3 : toutes les 5 \u00e0 7 min<br \/>C8 : toutes les 12 min<br \/>C10 : toutes les 14 min entre Bellecour et Saint-Genis, et toutes les 28 min entre Bellecour et Brignais<br \/>C13 : toutes les 15 min<br \/>C15 : toutes les 15 min<br \/>C19 : toutes les 13 min<br \/>C20\/C20E : toutes les 13 min<br \/>C21 : toutes les 14 min<br \/>C24 : toutes les 15 \u00e0 20 min<br \/>C26 : toutes les 15 min<br \/>9 : toutes les 15 min<br \/>15 : toutes les 14 min<br \/>21 : toutes les 20 min<br \/>31 : toutes les 30 min entre Perrache et Cit\u00e9 Edouard Herriot, et toutes les 15 min entre Gare de Vaise et Cit\u00e9 Edouard Herriot<br \/>37 : toutes les 15 min<br \/>52 : toutes les 16 min<br \/>63 : toutes les 25 min<br \/>68 : toutes les 22 min<br \/>80 : toutes les 28 min<br \/>85 : toutes les 25 min<br \/>87 : toutes les 20 min<br \/>89 : toutes les 24 min<br \/>95 : toutes les 35 min<br \/>S6 : toutes les 25 min<\/p>\n<p><strong>Attention, ces lignes de bus circuleront partiellement de 6h30 \u00e0 19h30, avec une fr\u00e9quence all\u00e9g\u00e9e :<\/strong><\/p>\n<p>C6 : Circule uniquement entre Campus Lyon Ouest et Gare de Vaise &#8211; G. Collomb, toutes les 11 min.<br \/>C12 : Circule uniquement entre H\u00f4pital Feyzin V\u00e9nissieux et Jean Mac\u00e9 , toutes les 13 \u00e0 14 min.<br \/>C14 : Circule uniquement entre Les Sources et Gare de Vaise &#8211; G. Collomb, toutes les 13 min.<br \/>C25 : Circule uniquement entre Saint-Priest Plaine de Saythe et Parilly, toutes les 15 min.<br \/>2 : Circule uniquement entre Plateau de St-Rambert et Gare de Vaise &#8211; G. Collomb, toutes les 25 min.<br \/>33 : Circule uniquement entre Rillieux Les Alagniers et Cuire, toutes les 15 min.<br \/>54 : Circule uniquement entre Gare de V\u00e9nissieux et Corbas le Taillis, toutes les 20 min.<br \/>60 : Circule uniquement entre Feyzin les Razes et Debourg, toutes les 15 \u00e0 20 min.<\/p>\n<p><strong>Les lignes de bus suivantes circuleront normalement :<\/strong><\/p>\n<p>6, 11, 12, 23, 28, 29, 32, 47, 48, 61, 72, 77, 84, 86, 96, 97, S2, S3, S5, S7, S8, S10, S14, ZI5, GE2, GE4, GE6, R2, T36, 1E, 111, 112, 2EX, 115, 118, 132, 142, 171.<\/p>\n<p>Pour rappel, les syndicats UNSA, CFDT et CGT des TCL ont lanc\u00e9 cette gr\u00e8ve apr\u00e8s une r\u00e9union de la N\u00e9gociation Annuelle Obligatoire (NAO) peu concluante avec la direction de Keolis. Ils r\u00e9clament un meilleur rapport salaires-conditions de travail.<\/p>\n","protected":false},"excerpt":{"rendered":"Si toutes les lignes de m\u00e9tros, tramways, funiculaires, Junior Direct et Navig\u00f4ne circuleront normalement, beaucoup de bus ne&hellip;\n","protected":false},"author":2,"featured_media":194030,"comment_status":"","ping_status":"","sticky":false,"template":"","format":"standard","meta":{"footnotes":""},"categories":[1889],"tags":[1111,11,2813,2190,2430,1109,251,1112,2811,1777,674,118,1011,27,1922,1110,1114,2428,2810,12,241,316,25,2812,517,800],"class_list":{"0":"post-194029","1":"post","2":"type-post","3":"status-publish","4":"format-standard","5":"has-post-thumbnail","7":"category-lyon","8":"tag-actu","9":"tag-actualites","10":"tag-article","11":"tag-asvel","12":"tag-auvergne-rhone-alpes","13":"tag-breves","14":"tag-culture","15":"tag-depeches","16":"tag-economique","17":"tag-eu","18":"tag-europe","19":"tag-faits-divers","20":"tag-fr","21":"tag-france","22":"tag-info","23":"tag-informations","24":"tag-infos","25":"tag-lyon","26":"tag-lyonmag","27":"tag-news","28":"tag-ol","29":"tag-politique","30":"tag-republique-francaise","31":"tag-sociale","32":"tag-sport","33":"tag-transports"},"share_on_mastodon":{"url":"https:\/\/pubeurope.com\/@fr\/114722691078088678","error":""},"_links":{"self":[{"href":"https:\/\/www.europesays.com\/fr\/wp-json\/wp\/v2\/posts\/194029","targetHints":{"allow":["GET"]}}],"collection":[{"href":"https:\/\/www.europesays.com\/fr\/wp-json\/wp\/v2\/posts"}],"about":[{"href":"https:\/\/www.europesays.com\/fr\/wp-json\/wp\/v2\/types\/post"}],"author":[{"embeddable":true,"href":"https:\/\/www.europesays.com\/fr\/wp-json\/wp\/v2\/users\/2"}],"replies":[{"embeddable":true,"href":"https:\/\/www.europesays.com\/fr\/wp-json\/wp\/v2\/comments?post=194029"}],"version-history":[{"count":0,"href":"https:\/\/www.europesays.com\/fr\/wp-json\/wp\/v2\/posts\/194029\/revisions"}],"wp:featuredmedia":[{"embeddable":true,"href":"https:\/\/www.europesays.com\/fr\/wp-json\/wp\/v2\/media\/194030"}],"wp:attachment":[{"href":"https:\/\/www.europesays.com\/fr\/wp-json\/wp\/v2\/media?parent=194029"}],"wp:term":[{"taxonomy":"category","embeddable":true,"href":"https:\/\/www.europesays.com\/fr\/wp-json\/wp\/v2\/categories?post=194029"},{"taxonomy":"post_tag","embeddable":true,"href":"https:\/\/www.europesays.com\/fr\/wp-json\/wp\/v2\/tags?post=194029"}],"curies":[{"name":"wp","href":"https:\/\/api.w.org\/{rel}","templated":true}]}}