{"id":194033,"date":"2025-06-21T18:11:09","date_gmt":"2025-06-21T18:11:09","guid":{"rendered":"https:\/\/www.europesays.com\/fr\/194033\/"},"modified":"2025-06-21T18:11:09","modified_gmt":"2025-06-21T18:11:09","slug":"un-employe-du-rassemblement-national-entre-la-vie-et-la-mort-apres-une-tentative-de-suicide","status":"publish","type":"post","link":"https:\/\/www.europesays.com\/fr\/194033\/","title":{"rendered":"un employ\u00e9 du Rassemblement national entre la vie et la mort apr\u00e8s une tentative de suicide"},"content":{"rendered":"<p>            Par<br \/>\n        <strong><br \/>\n            <a href=\"https:\/\/actu.fr\/auteur\/redaction-paris\" title=\"Consulter tous les articles de R\u00e9daction Paris\" target=\"_blank\" rel=\"noopener\">R\u00e9daction Paris<\/a><br \/>\n        <\/strong><\/p>\n<p>        Publi\u00e9 le<\/p>\n<p>            21 juin 2025 \u00e0 19h25        <\/p>\n<p>Un employ\u00e9 du RN tente de<strong> mettre fin \u00e0 ses jours<\/strong>. Selon une information r\u00e9v\u00e9l\u00e9e par <a href=\"https:\/\/www.parismatch.com\/actu\/politique\/info-paris-match-paris-tentative-de-suicide-au-siege-du-rassemblement-national-253104\" target=\"_blank\" rel=\"noopener\">Paris-Match<\/a> et confirm\u00e9e par le <a href=\"https:\/\/actu.fr\/tag\/rassemblement-national-rn\" target=\"_blank\" rel=\"noopener\">Rassemblement national<\/a> \u00e0 l\u2019Agence France-Presse (AFP), l\u2019ancien assistant parlementaire du maire de Perpignan Louis Aliot, <strong>Laurent Salles<\/strong>, a fait une tentative de suicide \u00e0 <a href=\"https:\/\/actu.fr\/paris\/\" target=\"_blank\" rel=\"noopener\">Paris<\/a> ce samedi 21\u00a0juin 2025.<\/p>\n<p>Six mois de prison avec sursis dans l\u2019affaire des assistants parlementaires<\/p>\n<p class=\" wall-content\">Le parti d\u2019extr\u00eame droite a indiqu\u00e9 \u00e0 l\u2019AFP que le motif de cet acte \u00e9tait \u00ab<strong>\u2009personnel<\/strong>\u2009\u00bb, ajoutant que son pronostic vital \u00e9tait <strong>engag\u00e9<\/strong>. Les faits ont eu lieu dans l\u2019apr\u00e8s-midi. L\u2019ex-assistant parlementaire a \u00e9t\u00e9 conduit \u00e0 <strong>l\u2019h\u00f4pital Lariboisi\u00e8re<\/strong>. Le pr\u00e9sident du RN <a href=\"https:\/\/actu.fr\/tag\/jordan-bardella\" target=\"_blank\" rel=\"noopener\">Jordan Bardella<\/a> s\u2019est rendu au si\u00e8ge. D\u2019apr\u00e8s cette m\u00eame source, son geste serait \u00ab\u2009li\u00e9 \u00e0 une relation amoureuse\u2009\u00bb. L\u2019homme de 55\u00a0ans aurait \u00ab\u2009\u00e9crit \u00e0 des proches\u2009\u00bb en ce sens.<\/p>\n<p class=\" wall-content\">Sa trajectoire politique au sein du Front national, devenu Rassemblement national, a \u00e9t\u00e9 entach\u00e9e par <a href=\"https:\/\/actu.fr\/politique\/proces-des-assistants-parlementaires-du-rn-pourquoi-marine-le-pen-est-jugee-a-partir-de-ce-lundi_61643857.html\" target=\"_blank\" rel=\"noopener\">l\u2019affaire des assistants parlementaires<\/a>, dans laquelle ont \u00e9t\u00e9 impliqu\u00e9es <strong>24\u00a0personnes<\/strong>. Embauch\u00e9 par Louis Aliot, ex-compagnon de Marine Le Pen, Laurent Salles, a \u00e9t\u00e9 condamn\u00e9 \u00e0 six de prison avec sursis.<\/p>\n<p class=\" wall-content\">L\u2019enqu\u00eate, r\u00e9sum\u00e9e par le tribunal, n\u2019a relev\u00e9 \u00ab\u2009aucune trace\u2009\u00bb d\u2019un quelconque travail de Laurent Salles pour Louis Aliot et relev\u00e9 un <strong>\u00ab\u2009unique SMS<\/strong>\u2009\u00bb \u00e9chang\u00e9 en huit mois entre les deux hommes. Tout laisse \u00e0 penser en fait, selon l\u2019accusation, que Laurent Salles travaillait en r\u00e9alit\u00e9 pour Yann Le Pen, la s\u0153ur de <a href=\"https:\/\/actu.fr\/tag\/marine-le-pen\" target=\"_blank\" rel=\"noopener\">Marine Le Pen<\/a>, \u00e0 l\u2019organisation des grands \u00e9v\u00e8nements du parti. Durant le proc\u00e8s, Laurent Salles avait souhait\u00e9 exercer son droit au silence.<\/p>\n<p class=\" wall-content\"><strong>Source\u2009: AFP<\/strong><\/p>\n<p class=\" wall-content\">Suivez toute l\u2019actualit\u00e9 de vos villes et m\u00e9dias favoris en vous inscrivant \u00e0 <a href=\"https:\/\/moncompte.actu.fr\" title=\"D\u00e9couvez Mon Actu\" rel=\"nofollow noopener\" data-trk=\"{&quot;cta&quot;:{&quot;action&quot;:&quot;https:\\\/\\\/moncompte.actu.fr&quot;,&quot;category&quot;:&quot;mon compte&quot;,&quot;from&quot;:&quot;article footer&quot;,&quot;name&quot;:&quot;Mon actu&quot;,&quot;type&quot;:&quot;cta&quot;}}\" target=\"_blank\">Mon Actu<\/a>.<\/p>\n<ul class=\"ac-article-tag wall-content\">\n<li><a href=\"https:\/\/actu.fr\/tag\/rassemblement-national-rn\" data-trk=\"{&quot;cta&quot;:{&quot;action&quot;:&quot;Rassemblement National (RN)&quot;,&quot;category&quot;:&quot;tag&quot;,&quot;from&quot;:&quot;article footer&quot;,&quot;name&quot;:&quot;Rassemblement National (RN)&quot;,&quot;type&quot;:&quot;cta&quot;}}\" target=\"_blank\" rel=\"noopener\">#Rassemblement National (RN)<\/a><\/li>\n<\/ul>\n","protected":false},"excerpt":{"rendered":"Par R\u00e9daction Paris Publi\u00e9 le 21 juin 2025 \u00e0 19h25 Un employ\u00e9 du RN tente de mettre fin&hellip;\n","protected":false},"author":2,"featured_media":194034,"comment_status":"","ping_status":"","sticky":false,"template":"","format":"standard","meta":{"footnotes":""},"categories":[1888],"tags":[1111,1928,11,1927,1777,674,1011,27,12,1926,626,1925,316,2556,25],"class_list":{"0":"post-194033","1":"post","2":"type-post","3":"status-publish","4":"format-standard","5":"has-post-thumbnail","7":"category-paris","8":"tag-actu","9":"tag-actu-paris","10":"tag-actualites","11":"tag-actualites-paris","12":"tag-eu","13":"tag-europe","14":"tag-fr","15":"tag-france","16":"tag-news","17":"tag-news-paris","18":"tag-paris","19":"tag-paris-news","20":"tag-politique","21":"tag-rassemblement-national-rn","22":"tag-republique-francaise"},"share_on_mastodon":{"url":"https:\/\/pubeurope.com\/@fr\/114722706754145695","error":""},"_links":{"self":[{"href":"https:\/\/www.europesays.com\/fr\/wp-json\/wp\/v2\/posts\/194033","targetHints":{"allow":["GET"]}}],"collection":[{"href":"https:\/\/www.europesays.com\/fr\/wp-json\/wp\/v2\/posts"}],"about":[{"href":"https:\/\/www.europesays.com\/fr\/wp-json\/wp\/v2\/types\/post"}],"author":[{"embeddable":true,"href":"https:\/\/www.europesays.com\/fr\/wp-json\/wp\/v2\/users\/2"}],"replies":[{"embeddable":true,"href":"https:\/\/www.europesays.com\/fr\/wp-json\/wp\/v2\/comments?post=194033"}],"version-history":[{"count":0,"href":"https:\/\/www.europesays.com\/fr\/wp-json\/wp\/v2\/posts\/194033\/revisions"}],"wp:featuredmedia":[{"embeddable":true,"href":"https:\/\/www.europesays.com\/fr\/wp-json\/wp\/v2\/media\/194034"}],"wp:attachment":[{"href":"https:\/\/www.europesays.com\/fr\/wp-json\/wp\/v2\/media?parent=194033"}],"wp:term":[{"taxonomy":"category","embeddable":true,"href":"https:\/\/www.europesays.com\/fr\/wp-json\/wp\/v2\/categories?post=194033"},{"taxonomy":"post_tag","embeddable":true,"href":"https:\/\/www.europesays.com\/fr\/wp-json\/wp\/v2\/tags?post=194033"}],"curies":[{"name":"wp","href":"https:\/\/api.w.org\/{rel}","templated":true}]}}