{"id":194039,"date":"2025-06-21T18:14:23","date_gmt":"2025-06-21T18:14:23","guid":{"rendered":"https:\/\/www.europesays.com\/fr\/194039\/"},"modified":"2025-06-21T18:14:23","modified_gmt":"2025-06-21T18:14:23","slug":"panique-a-disneyland-paris-un-homme-privatise-le-parc-pour-se-marier-avec-une-fillette-de-9-ans-femme-actuelle-le-mag","status":"publish","type":"post","link":"https:\/\/www.europesays.com\/fr\/194039\/","title":{"rendered":"Panique \u00e0 Disneyland Paris : un homme privatise le parc pour se marier avec une fillette de 9 ans : Femme Actuelle Le MAG"},"content":{"rendered":"<p>Les \u00e9quipes de <a href=\"https:\/\/www.femmeactuelle.fr\/vie-pratique\/famille\/disneyland-paris-fait-son-festival-3-raisons-de-ne-pas-manquer-ce-rendez-vous-musical-2192277\" rel=\"nofollow noopener\" target=\"_blank\">Disneyland Paris<\/a> ont commenc\u00e9 leur journ\u00e9e du samedi 21 juin d\u2019une fa\u00e7on peu banale et pour le moins choquante ! T\u00f4t le matin, le parc d&rsquo;attractions de la banlieue parisienne avait \u00e9t\u00e9 privatis\u00e9 par un \u00e9tranger pour c\u00e9l\u00e9brer son mariage. Mais la stupeur a envahi le personnel de Disney pr\u00e9sent sur place lorsqu\u2019ils ont vu la soi-disant mari\u00e9e arriver. Il s\u2019agissait en fait d\u2019une petite fille \u00e2g\u00e9e de 9 ans, comme le r\u00e9v\u00e8le <a href=\"https:\/\/www.leparisien.fr\/faits-divers\/un-homme-privatise-disneyland-paris-pour-son-mariage-avec-une-fillette-de-9-ans-21-06-2025-7AK6C67J6FFUTPNWWI3GCFDECI.php\" rel=\"nofollow noopener\" target=\"_blank\">Le Parisien<\/a>. Malgr\u00e9 le choc, les employ\u00e9s du parc ont imm\u00e9diatement pr\u00e9venu la police et annul\u00e9 l\u2019\u00e9v\u00e9nement. La centaine de convives pr\u00e9vue pour l\u2019occasion n\u2019a donc pas eu le droit d\u2019entrer dans l\u2019enceinte du <a href=\"https:\/\/www.femmeactuelle.fr\/vie-pratique\/voyage\/5-parcs-d-attractions-en-france-adaptes-aux-enfants-et-bebes-de-moins-de-3-ans-2194681\" rel=\"nofollow noopener\" target=\"_blank\">parc d\u2019attractions<\/a> et la privatisation a imm\u00e9diatement \u00e9t\u00e9 stopp\u00e9e. <a href=\"https:\/\/www.femmeactuelle.fr\/vie-pratique\/news-vie-pratique\/attention-cette-offre-trop-allechante-pour-aller-a-disneyland-paris-recue-par-mail-est-une-arnaque-2187092\" rel=\"nofollow noopener\" target=\"_blank\">Disneyland Paris<\/a> a ainsi d\u00e9clar\u00e9 : \u00ab\u00a0Apr\u00e8s l\u2019identification d\u2019importantes irr\u00e9gularit\u00e9s, les forces de l\u2019ordre ont \u00e9t\u00e9 alert\u00e9es et sont intervenues sur place dans les plus brefs d\u00e9lais.\u00a0\u00bb Le parc d\u2019attractions parisien a par ailleurs affirm\u00e9 coop\u00e9rer pleinement avec les autorit\u00e9s dans le cadre de l\u2019enqu\u00eate.<\/p>\n<p>    Une plainte d\u00e9pos\u00e9e et une enqu\u00eate ouverte<\/p>\n<p>Disneyland Paris a \u00e9galement pr\u00e9cis\u00e9 avoir d\u00e9pos\u00e9 plainte \u00ab\u00a0aupr\u00e8s des autorit\u00e9s comp\u00e9tentes\u00a0\u00bb. Une enqu\u00eate p\u00e9nale a \u00e9t\u00e9 ouverte par le parquet de Meaux et quatre personnes ont \u00e9t\u00e9 plac\u00e9es en garde \u00e0 vue au commissariat de police de Chessy. Le motif de l\u2019infraction est pour l\u2019heure inconnu. L\u2019origine de ces personnes n\u2019a pas non plus \u00e9t\u00e9 communiqu\u00e9e.<br \/>Apr\u00e8s cet incident, les \u00e9quipes de Disney ont tenu \u00e0 ce que la vie du parc reprenne son cours. Les \u00e9v\u00e9nements priv\u00e9s \u00e9tant, de toute fa\u00e7on, organis\u00e9s hors des horaires d\u2019ouverture, le lieu a pu ouvrir comme \u00e0 son habitude.<\/p>\n","protected":false},"excerpt":{"rendered":"Les \u00e9quipes de Disneyland Paris ont commenc\u00e9 leur journ\u00e9e du samedi 21 juin d\u2019une fa\u00e7on peu banale et&hellip;\n","protected":false},"author":2,"featured_media":194040,"comment_status":"","ping_status":"","sticky":false,"template":"","format":"standard","meta":{"footnotes":""},"categories":[1888],"tags":[1111,11,4906,1777,674,25982,118,6348,1011,27,3237,1930,12,33285,626,5856,25,602,9989],"class_list":{"0":"post-194039","1":"post","2":"type-post","3":"status-publish","4":"format-standard","5":"has-post-thumbnail","7":"category-paris","8":"tag-actu","9":"tag-actualites","10":"tag-disneyland-paris","11":"tag-eu","12":"tag-europe","13":"tag-fac","14":"tag-faits-divers","15":"tag-flux","16":"tag-fr","17":"tag-france","18":"tag-jo","19":"tag-mariage","20":"tag-news","21":"tag-news-actu","22":"tag-paris","23":"tag-paris-2024","24":"tag-republique-francaise","25":"tag-tourisme","26":"tag-wochit"},"share_on_mastodon":{"url":"https:\/\/pubeurope.com\/@fr\/114722718609994900","error":""},"_links":{"self":[{"href":"https:\/\/www.europesays.com\/fr\/wp-json\/wp\/v2\/posts\/194039","targetHints":{"allow":["GET"]}}],"collection":[{"href":"https:\/\/www.europesays.com\/fr\/wp-json\/wp\/v2\/posts"}],"about":[{"href":"https:\/\/www.europesays.com\/fr\/wp-json\/wp\/v2\/types\/post"}],"author":[{"embeddable":true,"href":"https:\/\/www.europesays.com\/fr\/wp-json\/wp\/v2\/users\/2"}],"replies":[{"embeddable":true,"href":"https:\/\/www.europesays.com\/fr\/wp-json\/wp\/v2\/comments?post=194039"}],"version-history":[{"count":0,"href":"https:\/\/www.europesays.com\/fr\/wp-json\/wp\/v2\/posts\/194039\/revisions"}],"wp:featuredmedia":[{"embeddable":true,"href":"https:\/\/www.europesays.com\/fr\/wp-json\/wp\/v2\/media\/194040"}],"wp:attachment":[{"href":"https:\/\/www.europesays.com\/fr\/wp-json\/wp\/v2\/media?parent=194039"}],"wp:term":[{"taxonomy":"category","embeddable":true,"href":"https:\/\/www.europesays.com\/fr\/wp-json\/wp\/v2\/categories?post=194039"},{"taxonomy":"post_tag","embeddable":true,"href":"https:\/\/www.europesays.com\/fr\/wp-json\/wp\/v2\/tags?post=194039"}],"curies":[{"name":"wp","href":"https:\/\/api.w.org\/{rel}","templated":true}]}}