{"id":194045,"date":"2025-06-21T18:17:11","date_gmt":"2025-06-21T18:17:11","guid":{"rendered":"https:\/\/www.europesays.com\/fr\/194045\/"},"modified":"2025-06-21T18:17:11","modified_gmt":"2025-06-21T18:17:11","slug":"en-direct-israel-continue-de-bombarder-liran-les-usa-rapprochent-des-bombardiers-b-2-21-06-2025-a-2003","status":"publish","type":"post","link":"https:\/\/www.europesays.com\/fr\/194045\/","title":{"rendered":"EN DIRECT-Isra\u00ebl continue de bombarder l&rsquo;Iran, les USA rapprochent des bombardiers B-2 &#8211; 21\/06\/2025 \u00e0 20:03"},"content":{"rendered":"<p>\n Isra\u00ebl a poursuivi samedi sa<br \/>\ncampagne de bombardements sur l&rsquo;Iran, tandis que les Etats-Unis<br \/>\nont entrepris de transf\u00e9rer des bombardiers B-2, susceptibles de<br \/>\ntransporter des bombes capables de frapper des cibles enfouies<br \/>\nen profondeur dans le sol, vers l&rsquo;\u00eele de Guam, les rapprochant<br \/>\nainsi du Moyen-Orient.\n<\/p>\n<p>\n Donald Trump a pr\u00e9venu qu&rsquo;il s&rsquo;accordait jusqu&rsquo;\u00e0 deux<br \/>\nsemaines pour d\u00e9cider d&rsquo;un \u00e9ventuel engagement militaire<br \/>\nam\u00e9ricain aux c\u00f4t\u00e9s d&rsquo;Isra\u00ebl, esp\u00e9rant que \u00ab\u00a0les esprits<br \/>\ns&rsquo;\u00e9claircissent\u00a0\u00bb.\n<\/p>\n<p>\n Un responsable iranien de haut rang a dit \u00e0 Reuters que les<br \/>\npropositions soumises par les Europ\u00e9ens au sujet du programme<br \/>\nnucl\u00e9aire iranien lors des discussions organis\u00e9es vendredi \u00e0<br \/>\nGen\u00e8ve \u00e9taient \u00ab\u00a0irr\u00e9alistes\u00a0\u00bb.\n<\/p>\n<p>\n LES DERNIERS D\u00c9VELOPPEMENTS:\n<\/p>\n<p>\n 18h25 &#8211; Les Etats-Unis ont entrepris de d\u00e9placer des<br \/>\nbombardiers B-2 vers l&rsquo;\u00eele de Guam, dans le Pacifique, ont<br \/>\nd\u00e9clar\u00e9 samedi deux responsables am\u00e9ricains \u00e0 Reuters. On ignore<br \/>\nsi ce d\u00e9ploiement est li\u00e9 au conflit entre Isra\u00ebl et l&rsquo;Iran.\n<\/p>\n<p>\n Les B-2 peuvent transporter des GBU-57, des bombes capables<br \/>\nde d\u00e9truire des cibles enfouies en profondeur dans le sol. Selon<br \/>\ndes experts, c&rsquo;est ce type de bombe qui pourrait \u00eatre utilis\u00e9e<br \/>\nle cas \u00e9ch\u00e9ant pour frapper les installations nucl\u00e9aires<br \/>\nsouterraines en Iran, notamment le site de Fordow.\n<\/p>\n<p>\n 18h06 &#8211; Le ministre isra\u00e9lien des Affaires \u00e9trang\u00e8res,<br \/>\nGideon Saar, d\u00e9clare que les autorit\u00e9s chypriotes, en<br \/>\ncoop\u00e9ration avec les services de s\u00e9curit\u00e9 isra\u00e9liens, ont d\u00e9jou\u00e9<br \/>\nun projet d&rsquo;attaque des Gardiens de la r\u00e9volution iraniens<br \/>\ncontre des ressortissants isra\u00e9liens \u00e0 Chypre. Dans son message<br \/>\nsur X, il ne fournit aucune pr\u00e9cision sur ce projet d&rsquo;attaque.\n<\/p>\n<p>\n 18h02 &#8211; L&rsquo;arm\u00e9e isra\u00e9lienne dit avoir bombard\u00e9 plusieurs<br \/>\ndizaines de cibles militaires dans le sud-ouest de l&rsquo;Iran.\n<\/p>\n<p>\n 15h40 &#8211; Une usine de fabrication de centrifugeuse a \u00e9t\u00e9<br \/>\ntouch\u00e9e \u00e0 Ispahan et cette attaque n&rsquo;aura aucune cons\u00e9quence en<br \/>\nterme de radioactivit\u00e9 en raison de l&rsquo;absence de mat\u00e9riau<br \/>\nnucl\u00e9aire sur ce site, dit l&rsquo;AIEA.\n<\/p>\n<p>\n 15h33 &#8211; Les propositions soumises par les Europ\u00e9ens au sujet<br \/>\ndu programme nucl\u00e9aire iranien lors des discussions organis\u00e9es<br \/>\nvendredi \u00e0 Gen\u00e8ve \u00e9taient irr\u00e9alistes et il ne sera pas possible<br \/>\nde s&rsquo;approcher d&rsquo;un accord si elles sont maintenues, a dit un<br \/>\nresponsable iranien de haut rang \u00e0 Reuters.\n<\/p>\n<p>\n Il a ajout\u00e9 que l&rsquo;hypoth\u00e8se d&rsquo;une absence totale<br \/>\nd&rsquo;enrichissement d&rsquo;uranium de la part de l&rsquo;Iran conduirait ces<br \/>\npourparlers dans une impasse et que T\u00e9h\u00e9ran ne n\u00e9gocierait pas<br \/>\nsur ses capacit\u00e9s de d\u00e9fense, notamment son programme de<br \/>\nmissiles.\n<\/p>\n<p>\n 15h21 &#8211; L&rsquo;Allemagne a d\u00e9plac\u00e9 le personnel de son ambassade<br \/>\n\u00e0 T\u00e9h\u00e9ran \u00e0 l&rsquo;\u00e9tranger en raison des menaces actuelles, a dit un<br \/>\nrepr\u00e9sentant du minist\u00e8re allemand des Affaires \u00e9trang\u00e8res.\n<\/p>\n<p>\n 13h55 &#8211; L&rsquo;arm\u00e9e isra\u00e9lienne annonce le bombardement d&rsquo;un<br \/>\nsite militaire situ\u00e9 dans le sud-ouest de l&rsquo;Iran. L&rsquo;agence Fars<br \/>\nsignale quant \u00e0 elle des explosions dans la province du<br \/>\nKhouzistan, \u00e9galement stiu\u00e9e dans le sud-ouest du pays.\n<\/p>\n<p>\n 13h20 &#8211; Le pr\u00e9sident fran\u00e7ais Emmanuel Macron a dit samedi<br \/>\nvouloir une acc\u00e9l\u00e9ration des n\u00e9gociations diplomatiques engag\u00e9es<br \/>\npar la France et ses partenaires europ\u00e9ens avec l&rsquo;Iran, dans le<br \/>\nbut de d\u00e9samorcer les tensions r\u00e9gionales et d&rsquo;\u00e9viter une<br \/>\nescalade militaire.\n<\/p>\n<p>\n Cette d\u00e9claration intervient \u00e0 l&rsquo;issue d&rsquo;un \u00e9change<br \/>\nt\u00e9l\u00e9phonique avec le pr\u00e9sident iranien Massoud Pezeshkian, au<br \/>\ncours duquel Emmanuel Macron a \u00e9galement exprim\u00e9 sa \u00ab\u00a0profonde<br \/>\ninqui\u00e9tude\u00a0\u00bb concernant le programme nucl\u00e9aire iranien.\n<\/p>\n<p>\n 12h10 &#8211; L&rsquo;arm\u00e9e isra\u00e9lienne a vis\u00e9 un site militaire situ\u00e9<br \/>\ndans la ville m\u00e9didionale de Shiraz, rapporte l&rsquo;agence Isna<br \/>\nselon laquelle aucune victime n&rsquo;a \u00e9t\u00e9 recens\u00e9e.\n<\/p>\n<p>\n 10h55 &#8211; Au moins 430 personnes sont mortes et 3.500 autres<br \/>\nont \u00e9t\u00e9 bless\u00e9es depuis le vendredi 13 juin, point de d\u00e9part de<br \/>\nl&rsquo;offensive a\u00e9rienne isra\u00e9lienne, rapporte l&rsquo;agence Noor qui<br \/>\ncite le minist\u00e8re iranien de la Sant\u00e9.\n<\/p>\n<p>\n 10h50 &#8211; L&rsquo;offensive conduite par Isra\u00ebl entra\u00eene la r\u00e9gion<br \/>\nvers un \u00ab\u00a0d\u00e9sastre total\u00a0\u00bb, a d\u00e9nonc\u00e9 samedi le chef de la<br \/>\ndiplomatie turque, Hakan Fidan, devant les ministres des<br \/>\nAffaires \u00e9trang\u00e8res des pays membres de l&rsquo;Organisation de la<br \/>\ncoop\u00e9ration islamique (OCI), r\u00e9unis \u00e0 Istanbul.\n<\/p>\n<p>\n 10h45 &#8211; L&rsquo;ing\u00e9nieur nucl\u00e9aire iranien Isar Tabatabai-Qamsheh<br \/>\net son \u00e9pouse ont \u00e9t\u00e9 tu\u00e9s dans une attaque isra\u00e9lienne,<br \/>\nrapporte l&rsquo;agence de presse semi-officielle iranienne Mehr.\n<\/p>\n<p>\n 9h00 &#8211; Tsahal annonce la mort de Benham Shariyari, un autre<br \/>\ncommandant de la force Al Qods, tu\u00e9 dans l&rsquo;attaque de son<br \/>\nv\u00e9hicule dans l&rsquo;ouest de T\u00e9h\u00e9ran.\n<\/p>\n<p>\n 7h25 &#8211; L&rsquo;arm\u00e9e isra\u00e9lienne a tu\u00e9 Saeed Izadi, un commandant<br \/>\nde la Force Qods, la branche des op\u00e9rations ext\u00e9rieures des<br \/>\nGardiens de la r\u00e9volution iraniens, lors d&rsquo;une frappe visant un<br \/>\nappartement \u00e0 Qom, en Iran, a annonc\u00e9 le ministre isra\u00e9lien de<br \/>\nla D\u00e9fense, Isra\u00ebl Katz.\n<\/p>\n<p>\n 6h30 &#8211; Le site nucl\u00e9aire d&rsquo;Ispahan en Iran a \u00e9t\u00e9 vis\u00e9 par<br \/>\nIsra\u00ebl, a rapport\u00e9 samedi l&rsquo;agence de presse iranienne Fars,<br \/>\najoutant qu&rsquo;aucune fuite de mati\u00e8res dangereuses n&rsquo;avait \u00e9t\u00e9<br \/>\nconstat\u00e9e.\n<\/p>\n<p>\n (R\u00e9daction de Reuters)<\/p>\n","protected":false},"excerpt":{"rendered":"Isra\u00ebl a poursuivi samedi sa campagne de bombardements sur l&rsquo;Iran, tandis que les Etats-Unis ont entrepris de transf\u00e9rer&hellip;\n","protected":false},"author":2,"featured_media":2486,"comment_status":"","ping_status":"","sticky":false,"template":"","format":"standard","meta":{"footnotes":""},"categories":[1589],"tags":[400,11,398,408,405,73,1866,403,402,399,404,12,401,406,1864,1865,1863,308,407],"class_list":{"0":"post-194045","1":"post","2":"type-post","3":"status-publish","4":"format-standard","5":"has-post-thumbnail","7":"category-etats-unis","8":"tag-action-cac-40","9":"tag-actualites","10":"tag-bourse-de-paris","11":"tag-boursorama","12":"tag-cotations","13":"tag-etats-unis","14":"tag-etats-unis-damerique","15":"tag-indices-devises","16":"tag-investir","17":"tag-investissement","18":"tag-marche-boursier","19":"tag-news","20":"tag-sicav","21":"tag-trackers","22":"tag-united-states","23":"tag-united-states-of-america","24":"tag-us","25":"tag-usa","26":"tag-warrants"},"share_on_mastodon":{"url":"https:\/\/pubeurope.com\/@fr\/114722730342600870","error":""},"_links":{"self":[{"href":"https:\/\/www.europesays.com\/fr\/wp-json\/wp\/v2\/posts\/194045","targetHints":{"allow":["GET"]}}],"collection":[{"href":"https:\/\/www.europesays.com\/fr\/wp-json\/wp\/v2\/posts"}],"about":[{"href":"https:\/\/www.europesays.com\/fr\/wp-json\/wp\/v2\/types\/post"}],"author":[{"embeddable":true,"href":"https:\/\/www.europesays.com\/fr\/wp-json\/wp\/v2\/users\/2"}],"replies":[{"embeddable":true,"href":"https:\/\/www.europesays.com\/fr\/wp-json\/wp\/v2\/comments?post=194045"}],"version-history":[{"count":0,"href":"https:\/\/www.europesays.com\/fr\/wp-json\/wp\/v2\/posts\/194045\/revisions"}],"wp:featuredmedia":[{"embeddable":true,"href":"https:\/\/www.europesays.com\/fr\/wp-json\/wp\/v2\/media\/2486"}],"wp:attachment":[{"href":"https:\/\/www.europesays.com\/fr\/wp-json\/wp\/v2\/media?parent=194045"}],"wp:term":[{"taxonomy":"category","embeddable":true,"href":"https:\/\/www.europesays.com\/fr\/wp-json\/wp\/v2\/categories?post=194045"},{"taxonomy":"post_tag","embeddable":true,"href":"https:\/\/www.europesays.com\/fr\/wp-json\/wp\/v2\/tags?post=194045"}],"curies":[{"name":"wp","href":"https:\/\/api.w.org\/{rel}","templated":true}]}}