{"id":194048,"date":"2025-06-21T18:19:12","date_gmt":"2025-06-21T18:19:12","guid":{"rendered":"https:\/\/www.europesays.com\/fr\/194048\/"},"modified":"2025-06-21T18:19:12","modified_gmt":"2025-06-21T18:19:12","slug":"bonne-nouvelle-pour-maza-a-leverkusen-2","status":"publish","type":"post","link":"https:\/\/www.europesays.com\/fr\/194048\/","title":{"rendered":"Bonne nouvelle pour Maza \u00e0 Leverkusen !"},"content":{"rendered":"<p><strong\/><\/p>\n<p><strong>C\u2019est une nouvelle qui pourrait bien acc\u00e9l\u00e9rer<br \/>\nl\u2019\u00e9closion d\u2019un jeune talent alg\u00e9rien : Florian Wirtz, v\u00e9ritable<br \/>\njoyau du Bayer Leverkusen, a officiellement quitt\u00e9 le club pour<br \/>\nrejoindre Liverpool. Le d\u00e9part du milieu offensif allemand,<br \/>\ntransf\u00e9r\u00e9 contre la somme colossale de 136 millions d\u2019euros, ouvre<br \/>\nla voie \u00e0 une nouvelle hi\u00e9rarchie dans l\u2019entrejeu du champion<br \/>\nd\u2019Allemagne. Et Ibrahim Maza est l\u2019un de ceux qui pourraient en<br \/>\nprofiter pleinement.<\/strong><\/p>\n<p data-start=\"525\" data-end=\"996\">Arriv\u00e9 au Bayer il y a quelques<br \/>\nsemaines en provenance du Hertha Berlin, Maza repr\u00e9sente l\u2019un des<br \/>\nplus beaux espoirs du football alg\u00e9rien. \u00c0 seulement 19 ans, il a<br \/>\nd\u00e9j\u00e0 attir\u00e9 l\u2019attention de plusieurs cadors europ\u00e9ens, dont<br \/>\nManchester City, l\u2019Atl\u00e9tico Madrid ou encore l\u2019Inter Milan. Mais<br \/>\nl\u2019international alg\u00e9rien a fait le choix du projet, privil\u00e9giant un<br \/>\nenvironnement propice \u00e0 son d\u00e9veloppement. Leverkusen, solide et<br \/>\nambitieux, s\u2019est impos\u00e9 comme l\u2019\u00e9tape id\u00e9ale.<\/p>\n<p data-start=\"998\" data-end=\"1429\">Le d\u00e9part de Wirtz, titulaire<br \/>\nindiscutable et joueur-cl\u00e9 de l\u2019animation offensive, bouleverse la<br \/>\ndonne et pourrait pr\u00e9cipiter l\u00a0\u00bbint\u00e9gration de Maza dans le onze de<br \/>\nLeverkusen. Dot\u00e9 d\u2019une excellente vision de jeu, d\u2019un sens du<br \/>\ndribble rare et d\u2019une belle qualit\u00e9 de passe, <strong>Maza a le<br \/>\nprofil parfait pour occuper le r\u00f4le laiss\u00e9 vacant par<br \/>\nl\u2019international allemand.<\/strong><\/p>\n<p data-start=\"1431\" data-end=\"1795\"><strong>S\u2019il devra encore<br \/>\nconvaincre lors de la pr\u00e9paration estivale et s\u2019adapter aux<br \/>\nexigences du tr\u00e8s haut niveau, tous les voyants sont au vert pour<br \/>\nqu\u2019il s\u2019impose d\u00e8s cette saison<\/strong>. Avec la Ligue des<br \/>\nChampions au programme et un effectif en pleine \u00e9volution, les<br \/>\nopportunit\u00e9s ne manqueront pas pour l\u2019Alg\u00e9rien, qui r\u00eave d\u00e9j\u00e0 de<br \/>\nporter le Bayer vers de nouveaux sommets.<\/p>\n<p data-start=\"1797\" data-end=\"1972\" data-is-last-node=\"\" data-is-only-node=\"\">En l\u2019espace de quelques semaines, le destin<br \/>\nd\u2019Ibrahim Maza a bascul\u00e9. Et avec le d\u00e9part de Wirtz, c\u2019est<br \/>\npeut-\u00eatre une place de choix qui l\u2019attend au c\u0153ur du jeu de<br \/>\nLeverkusen.<\/p>\n<p style=\"text-align: right;\" data-start=\"1797\" data-end=\"1972\" data-is-last-node=\"\" data-is-only-node=\"\">DZfoot<\/p>\n","protected":false},"excerpt":{"rendered":"C\u2019est une nouvelle qui pourrait bien acc\u00e9l\u00e9rer l\u2019\u00e9closion d\u2019un jeune talent alg\u00e9rien : Florian Wirtz, v\u00e9ritable joyau du&hellip;\n","protected":false},"author":2,"featured_media":192919,"comment_status":"","ping_status":"","sticky":false,"template":"","format":"standard","meta":{"footnotes":""},"categories":[1587],"tags":[11,672,1804,1805,1803,1777,674,1801,12,1802],"class_list":{"0":"post-194048","1":"post","2":"type-post","3":"status-publish","4":"format-standard","5":"has-post-thumbnail","7":"category-allemagne","8":"tag-actualites","9":"tag-allemagne","10":"tag-bundesrepublik-deutschland","11":"tag-de","12":"tag-deutschland","13":"tag-eu","14":"tag-europe","15":"tag-germany","16":"tag-news","17":"tag-republique-federale-dallemagne"},"share_on_mastodon":{"url":"https:\/\/pubeurope.com\/@fr\/114722738271948535","error":""},"_links":{"self":[{"href":"https:\/\/www.europesays.com\/fr\/wp-json\/wp\/v2\/posts\/194048","targetHints":{"allow":["GET"]}}],"collection":[{"href":"https:\/\/www.europesays.com\/fr\/wp-json\/wp\/v2\/posts"}],"about":[{"href":"https:\/\/www.europesays.com\/fr\/wp-json\/wp\/v2\/types\/post"}],"author":[{"embeddable":true,"href":"https:\/\/www.europesays.com\/fr\/wp-json\/wp\/v2\/users\/2"}],"replies":[{"embeddable":true,"href":"https:\/\/www.europesays.com\/fr\/wp-json\/wp\/v2\/comments?post=194048"}],"version-history":[{"count":0,"href":"https:\/\/www.europesays.com\/fr\/wp-json\/wp\/v2\/posts\/194048\/revisions"}],"wp:featuredmedia":[{"embeddable":true,"href":"https:\/\/www.europesays.com\/fr\/wp-json\/wp\/v2\/media\/192919"}],"wp:attachment":[{"href":"https:\/\/www.europesays.com\/fr\/wp-json\/wp\/v2\/media?parent=194048"}],"wp:term":[{"taxonomy":"category","embeddable":true,"href":"https:\/\/www.europesays.com\/fr\/wp-json\/wp\/v2\/categories?post=194048"},{"taxonomy":"post_tag","embeddable":true,"href":"https:\/\/www.europesays.com\/fr\/wp-json\/wp\/v2\/tags?post=194048"}],"curies":[{"name":"wp","href":"https:\/\/api.w.org\/{rel}","templated":true}]}}