{"id":194049,"date":"2025-06-21T18:20:16","date_gmt":"2025-06-21T18:20:16","guid":{"rendered":"https:\/\/www.europesays.com\/fr\/194049\/"},"modified":"2025-06-21T18:20:16","modified_gmt":"2025-06-21T18:20:16","slug":"statistiques-le-racing-a-domine-leurope-sur-le-bilan-jeunesse-alsasports","status":"publish","type":"post","link":"https:\/\/www.europesays.com\/fr\/194049\/","title":{"rendered":"STATISTIQUES. Le Racing a domin\u00e9 l&rsquo;Europe sur le bilan \u00ab\u00a0jeunesse\u00a0\u00bb ! \u2014 Alsa&rsquo;Sports"},"content":{"rendered":"<p><strong>L\u2019effectif du Racing Club de Strasbourg a non seulement \u00e9t\u00e9 le plus jeune d\u2019Europe dans les 5 grands championnats (de tr\u00e8s loin), mais a \u00e9galement \u00e9t\u00e9 celui o\u00f9 les jeunes joueurs ont le plus brill\u00e9. Voici les chiffres fournis par la Ligue 1 sur la saison \u00e9coul\u00e9e. <\/strong><\/p>\n<p>Certains chiffres nous sont parvenus au fil de la saison, mais le bilan complet de la saison \u00e9coul\u00e9e permet de constater d\u00e9finitivement que le RCSA a domin\u00e9 les d\u00e9bats concernant l\u2019\u00e9closion des jeunes joueurs en Europe. Voici plusieurs chiffres communiqu\u00e9s par la Ligue 1 qui font \u00e9tat de l\u2019incroyable bilan jeunesse \u00e0 Strasbourg. <\/p>\n<ul class=\"wp-block-list\">\n<li>Le Racing s\u2019est appuy\u00e9 sur un effectif total \u00e0 la moyenne d\u2019\u00e2ge de 21 ans et 318 jours, avec un onze de d\u00e9part type encore plus jeune (21 ans et 287 jours)<\/li>\n<\/ul>\n<ul class=\"wp-block-list\">\n<li>Face \u00e0 Toulouse le 16 mars, Strasbourg a align\u00e9 le onze de d\u00e9part le plus jeune en moyenne en premi\u00e8re division depuis au moins 1947\/48 : 21 ans et 120 jours !<\/li>\n<li>Strasbourg a align\u00e9 19 joueurs de moins de 21 ans cette saison en championnat, un record dans les cinq grands championnats europ\u00e9ens. Devant Reims (17 joueurs U21 utilis\u00e9s), Montpellier (14), Valladolid et Barcelone (13). <\/li>\n<\/ul>\n<ul class=\"wp-block-list\">\n<li>Pour le temps de jeu accord\u00e9 \u00e0 ces jeunes joueurs, Strasbourg domine encore avec 20 050 minutes cumul\u00e9es par ses joueurs U21. Devant le FC Barcelone (13 594 minutes), Reims (9 944) et le RB Leipzig (9 891). <\/li>\n<\/ul>\n<ul class=\"wp-block-list\">\n<li>Les statistiques offensives \u00e0 pr\u00e9sent. Le Racing est encore leader sur le nombre d\u2019actions d\u00e9cisives de ses joueurs de moins de 21 ans avec 60 (34 buts et 26 passes d\u00e9cisives). Devant Barcelone (51), Leipzig (41), Paris (37), Lyon (32) et Monaco (29). <\/li>\n<\/ul>\n<p><strong>Voici le classement des effectifs les plus jeunes de Ligue 1 lors de cette saison 2024\/2025. <\/strong><\/p>\n<p><img loading=\"lazy\" decoding=\"async\" width=\"1436\" height=\"954\" src=\"https:\/\/www.europesays.com\/fr\/wp-content\/uploads\/2025\/06\/Capture-decran-2025-06-21-a-14.47.57.png\" alt=\"\" class=\"wp-image-73155\"  \/><\/p>\n<p><strong>Voici celui comprenant les \u00e9quipes du Top 5 europ\u00e9en. <\/strong><\/p>\n<p><img loading=\"lazy\" decoding=\"async\" width=\"1360\" height=\"550\" src=\"https:\/\/www.europesays.com\/fr\/wp-content\/uploads\/2025\/06\/Capture-decran-2025-06-21-a-14.48.46.png\" alt=\"\" class=\"wp-image-73156\"  \/><\/p>\n","protected":false},"excerpt":{"rendered":"L\u2019effectif du Racing Club de Strasbourg a non seulement \u00e9t\u00e9 le plus jeune d\u2019Europe dans les 5 grands&hellip;\n","protected":false},"author":2,"featured_media":194050,"comment_status":"","ping_status":"","sticky":false,"template":"","format":"standard","meta":{"footnotes":""},"categories":[1586],"tags":[11,1777,674,63,1011,27,66,12,4448,25],"class_list":{"0":"post-194049","1":"post","2":"type-post","3":"status-publish","4":"format-standard","5":"has-post-thumbnail","7":"category-europe","8":"tag-actualites","9":"tag-eu","10":"tag-europe","11":"tag-football","12":"tag-fr","13":"tag-france","14":"tag-ligue-1","15":"tag-news","16":"tag-rc-strasbourg","17":"tag-republique-francaise"},"share_on_mastodon":{"url":"https:\/\/pubeurope.com\/@fr\/114722742272196713","error":""},"_links":{"self":[{"href":"https:\/\/www.europesays.com\/fr\/wp-json\/wp\/v2\/posts\/194049","targetHints":{"allow":["GET"]}}],"collection":[{"href":"https:\/\/www.europesays.com\/fr\/wp-json\/wp\/v2\/posts"}],"about":[{"href":"https:\/\/www.europesays.com\/fr\/wp-json\/wp\/v2\/types\/post"}],"author":[{"embeddable":true,"href":"https:\/\/www.europesays.com\/fr\/wp-json\/wp\/v2\/users\/2"}],"replies":[{"embeddable":true,"href":"https:\/\/www.europesays.com\/fr\/wp-json\/wp\/v2\/comments?post=194049"}],"version-history":[{"count":0,"href":"https:\/\/www.europesays.com\/fr\/wp-json\/wp\/v2\/posts\/194049\/revisions"}],"wp:featuredmedia":[{"embeddable":true,"href":"https:\/\/www.europesays.com\/fr\/wp-json\/wp\/v2\/media\/194050"}],"wp:attachment":[{"href":"https:\/\/www.europesays.com\/fr\/wp-json\/wp\/v2\/media?parent=194049"}],"wp:term":[{"taxonomy":"category","embeddable":true,"href":"https:\/\/www.europesays.com\/fr\/wp-json\/wp\/v2\/categories?post=194049"},{"taxonomy":"post_tag","embeddable":true,"href":"https:\/\/www.europesays.com\/fr\/wp-json\/wp\/v2\/tags?post=194049"}],"curies":[{"name":"wp","href":"https:\/\/api.w.org\/{rel}","templated":true}]}}