{"id":194054,"date":"2025-06-21T18:23:10","date_gmt":"2025-06-21T18:23:10","guid":{"rendered":"https:\/\/www.europesays.com\/fr\/194054\/"},"modified":"2025-06-21T18:23:10","modified_gmt":"2025-06-21T18:23:10","slug":"le-garrec-et-gailleton-en-patrons-le-retour-manque-de-woki-les-tops-et-flops","status":"publish","type":"post","link":"https:\/\/www.europesays.com\/fr\/194054\/","title":{"rendered":"Le Garrec et Gailleton en patrons, le retour manqu\u00e9 de Woki&#8230; Les tops et flops"},"content":{"rendered":"<p>Ce samedi \u00e0 Twickenham, les Bleus se sont impos\u00e9s (24-26) et pr\u00e9parent parfaitement leur tourn\u00e9e d\u2019\u00e9t\u00e9 en Nouvelle-Z\u00e9lande. Ce qui a plu et d\u00e9plu \u00e0 notre r\u00e9daction.<\/p>\n<p class=\"fig-paragraph\">TOPS<\/p>\n<p>Un final tonitruant<\/p>\n<p class=\"fig-paragraph\">Qui aurait pu imaginer un tel sc\u00e9nario\u00a0? Alors que les Bleus \u00e9taient men\u00e9s 24-12 \u00e0 la 74e minute et qu\u2019on apercevait certaines attitudes loin d\u2019\u00eatre positives, ces derniers ont r\u00e9ussi \u00e0 totalement renverser l\u2019Angleterre en l\u2019espace de quelques minutes pour\u00a0<a href=\"http:\/\/www.lefigaro.fr\/sports\/rugby\/xv-de-france\/rugby-renversant-le-xv-de-france-a-s-impose-au-bout-du-suspense-a-twickenham-20250621\" data-fig-type=\"NewsFlash\" data-gtm-custom-categorie=\"navigation\" data-gtm-custom-action=\"crossclick\" data-gtm-custom-label=\"Contextuel\" data-gtm-event=\"customEventSPE\" data-fig-domain=\"LEFIGARO\" target=\"_blank\" rel=\"noopener\">l\u2019emporter 26-24<\/a>. Par deux fois, gr\u00e2ce \u00e0 des essais en puissance. Le premier de Paul Mallez (75e), puis le suivant, inscrit par Romain Taofifenua dans les ultimes secondes de la rencontre (83e). Leur point commun\u00a0? Ces deux hommes ont d\u00e9marr\u00e9 sur le banc et ont su apporter toute leur fra\u00eecheur, en seconde p\u00e9riode, quand cette \u00e9quipe de France A en avait bien besoin. Il y aura beaucoup \u00e0 tirer de cette rencontre pour le staff du XV de France, mais Fabien Galthi\u00e9 peut d\u00e9j\u00e0 se r\u00e9jouir d\u2019un succ\u00e8s inesp\u00e9r\u00e9 dans le temple du rugby, preuve de la force de caract\u00e8re de cette \u00e9quipe remani\u00e9e.<\/p>\n<p>Le Garrec en patron<\/p>\n<p class=\"fig-paragraph\">Il faisait partie des hommes habitu\u00e9s de la tunique bleue (avec Slimani, Fickou ou encore Attissogbe) \u00e0 \u00eatre titularis\u00e9s ce samedi en Angleterre. Et Nolann Le Garrec a parfaitement tenu son rang. L\u2019habituelle doublure d\u2019Antoine Dupont a \u00e9t\u00e9 tr\u00e8s juste dans tous ses choix, royale dans son jeu au pied pour donner de l\u2019air aux siens, et tr\u00e8s solide en d\u00e9fense. Parfait r\u00e9gulateur du jeu tricolore, il s\u2019est m\u00eame vu refuser un essai en seconde p\u00e9riode, bien servi par l\u2019intenable Gailleton. Si le Clermontois Baptiste Jauneau a \u00e9galement tenu la baraque lors de son entr\u00e9e en jeu pour renverser les Anglais, Le Garrec est bien le patron de cette \u00e9quipe \u00e0 la charni\u00e8re et a certainement marqu\u00e9 des points en vue de la tourn\u00e9e chez les All Blacks.<\/p>\n<p class=\"fig-body-link\">\n            \u00c0 lire aussi<br \/>\n        <a class=\"fig-body-link__link fig-premium-mark\" href=\"http:\/\/www.lefigaro.fr\/sports\/rugby\/top-14\/j-aimerais-qu-on-se-souvienne-de-moi-comme-d-un-joueur-qui-a-tout-donne-au-racing-92-les-confidences-de-nolann-le-garrec-au-figaro-20250418\" data-fig-type=\"Article\" data-gtm-custom-categorie=\"navigation\" data-gtm-custom-action=\"crossclick\" data-gtm-custom-label=\"Contextuel\" data-gtm-event=\"customEventSPE\" data-fig-domain=\"LEFIGARO\" target=\"_blank\" rel=\"noopener\">\u00abJ\u2019aimerais qu\u2019on se souvienne de moi comme d\u2019un joueur qui a tout donn\u00e9 au Racing 92\u00bb\u00a0: les confidences de Nolann Le\u00a0Garrec au Figaro<br \/>\n    <\/a>\n<\/p>\n<p>Gailleton avait beaucoup \u00e0 prouver<\/p>\n<p class=\"fig-paragraph\">Le Palois ne r\u00e9alise pas la meilleure saison de sa jeune carri\u00e8re mais a \u00e9t\u00e9 tr\u00e8s solide dans le temple du rugby anglais, ce samedi. Associ\u00e9 au capitaine Ga\u00ebl Fickou,\u00a0<a href=\"http:\/\/www.lefigaro.fr\/sports\/rugby\/xv-de-france-je-le-prepare-comme-un-match-international-emilien-gailleton-pret-a-relever-le-defi-face-a-l-angleterre-20250617\" data-fig-type=\"NewsFlash\" data-gtm-custom-categorie=\"navigation\" data-gtm-custom-action=\"crossclick\" data-gtm-custom-label=\"Contextuel\" data-gtm-event=\"customEventSPE\" data-fig-domain=\"LEFIGARO\" target=\"_blank\" rel=\"noopener\">\u00c9milien Gailleton<\/a>\u00a0a \u00e9galement \u00e9t\u00e9 tr\u00e8s juste dans ses choix, ses passes et ses attitudes d\u00e9fensives. \u00c0 l\u2019origine de l\u2019essai refus\u00e9 \u00e0 Le Garrec avec une magnifique course tranchante, on l\u2019a \u00e9galement vu porter \u00e0 plusieurs reprises pour fixer la d\u00e9fense adverse. On aurait \u00e9videmment pu citer Attissogbe, solide en premi\u00e8re p\u00e9riode, Guillard, qui a jou\u00e9 le match entier apr\u00e8s une saison \u00e9reintante, ou encore Duguid, auteur d\u2019une tr\u00e8s jolie performance pour sa premi\u00e8re.<\/p>\n<p class=\"fig-paragraph\">FLOPS<\/p>\n<p>Le retour manqu\u00e9 de Cameron Woki<\/p>\n<p class=\"fig-paragraph\">Il n\u2019avait plus port\u00e9 le maillot bleu depuis le Tournoi des six nations 2024 et un match nul moribond face \u00e0 l\u2019Italie. Le grand retour de Cameron Woki sous la tunique bleue est malheureusement manqu\u00e9. Alors qu\u2019il \u00e9tait entr\u00e9 depuis quelques minutes, le deuxi\u00e8me ligne du Racing 92 s\u2019est rendu coupable d\u2019un d\u00e9blayage \u00e0 la t\u00eate sur un joueur vuln\u00e9rable au sol. Apr\u00e8s avoir re\u00e7u un carton jaune, la sanction a \u00e9t\u00e9 rehauss\u00e9e \u00e0 un carton rouge, et Woki a ainsi termin\u00e9 la rencontre sur le banc, simple spectateur de la folle remont\u00e9e de ses partenaires dans les derniers instants. Il y aura certainement des jours meilleurs pour le Francilien, qui r\u00e9alise une saison tr\u00e8s encourageante avec les Ciel et Blanc.<\/p>\n<p>La discipline<\/p>\n<p class=\"fig-paragraph\">Les Bleus savent d\u00e9j\u00e0 ce qu\u2019ils ont \u00e0 travailler avant de s\u2019envoler vers l\u2019Oc\u00e9anie. L\u2019indiscipline aurait pu co\u00fbter cher aux hommes de Fabien Galthi\u00e9 en cet apr\u00e8s-midi. Apr\u00e8s dix premi\u00e8res minutes spectaculaires, Guillard et les siens ont subi la puissance anglaise, leur obligeant \u00e0 commettre de trop nombreuses fautes. Dans les zones de rucks, en m\u00eal\u00e9e ou sur des instants trop faciles (le hors-jeu de Moustin en premi\u00e8re p\u00e9riode), les Fran\u00e7ais ont offert des situations qui ne pardonneront pas face aux All Blacks.<\/p>\n<p>Une Angleterre moribonde<\/p>\n<p class=\"fig-paragraph\">Alors que les Bleus ont tent\u00e9, jou\u00e9 et test\u00e9 des choses au cours de ce match de pr\u00e9paration, les Anglais, dans le sillage de l\u2019inusable George Ford, se sont globalement content\u00e9s de jouer dans leur style caract\u00e9ristique, en montant des grandes chandelles dans le ciel de Twickenham ou en usant de leur puissance physique. Triste, alors que certaines s\u00e9quences (trop peu nombreuses) ont montr\u00e9 que les hommes de Steve Borthwick \u00e9taient capables de proposer un jeu s\u00e9duisant et rythm\u00e9.<\/p>\n","protected":false},"excerpt":{"rendered":"Ce samedi \u00e0 Twickenham, les Bleus se sont impos\u00e9s (24-26) et pr\u00e9parent parfaitement leur tourn\u00e9e d\u2019\u00e9t\u00e9 en Nouvelle-Z\u00e9lande.&hellip;\n","protected":false},"author":2,"featured_media":194055,"comment_status":"","ping_status":"","sticky":false,"template":"","format":"standard","meta":{"footnotes":""},"categories":[2],"tags":[2306,47,11,525,33286,3984,451,64,1011,27,33069,1922,9414,12,15351,25,1980,479,2259,2307,513],"class_list":{"0":"post-194054","1":"post","2":"type-post","3":"status-publish","4":"format-standard","5":"has-post-thumbnail","7":"category-actualites","8":"tag-6-nations","9":"tag-actualite","10":"tag-actualites","11":"tag-calendrier","12":"tag-cameron-woki","13":"tag-composition","14":"tag-coupe-du-monde","15":"tag-equipe-de-france","16":"tag-fr","17":"tag-france","18":"tag-gael-fickou","19":"tag-info","20":"tag-marcoussis","21":"tag-news","22":"tag-nolann-le-garrec","23":"tag-republique-francaise","24":"tag-resultats","25":"tag-rugby","26":"tag-score","27":"tag-six-nations","28":"tag-xv-de-france"},"share_on_mastodon":{"url":"https:\/\/pubeurope.com\/@fr\/114722754112576583","error":""},"_links":{"self":[{"href":"https:\/\/www.europesays.com\/fr\/wp-json\/wp\/v2\/posts\/194054","targetHints":{"allow":["GET"]}}],"collection":[{"href":"https:\/\/www.europesays.com\/fr\/wp-json\/wp\/v2\/posts"}],"about":[{"href":"https:\/\/www.europesays.com\/fr\/wp-json\/wp\/v2\/types\/post"}],"author":[{"embeddable":true,"href":"https:\/\/www.europesays.com\/fr\/wp-json\/wp\/v2\/users\/2"}],"replies":[{"embeddable":true,"href":"https:\/\/www.europesays.com\/fr\/wp-json\/wp\/v2\/comments?post=194054"}],"version-history":[{"count":0,"href":"https:\/\/www.europesays.com\/fr\/wp-json\/wp\/v2\/posts\/194054\/revisions"}],"wp:featuredmedia":[{"embeddable":true,"href":"https:\/\/www.europesays.com\/fr\/wp-json\/wp\/v2\/media\/194055"}],"wp:attachment":[{"href":"https:\/\/www.europesays.com\/fr\/wp-json\/wp\/v2\/media?parent=194054"}],"wp:term":[{"taxonomy":"category","embeddable":true,"href":"https:\/\/www.europesays.com\/fr\/wp-json\/wp\/v2\/categories?post=194054"},{"taxonomy":"post_tag","embeddable":true,"href":"https:\/\/www.europesays.com\/fr\/wp-json\/wp\/v2\/tags?post=194054"}],"curies":[{"name":"wp","href":"https:\/\/api.w.org\/{rel}","templated":true}]}}