{"id":194062,"date":"2025-06-21T18:28:10","date_gmt":"2025-06-21T18:28:10","guid":{"rendered":"https:\/\/www.europesays.com\/fr\/194062\/"},"modified":"2025-06-21T18:28:10","modified_gmt":"2025-06-21T18:28:10","slug":"atp-mouratoglou-sur-les-declarations-darthur-fils-a-mes-yeux-il-est-une-exception","status":"publish","type":"post","link":"https:\/\/www.europesays.com\/fr\/194062\/","title":{"rendered":"ATP > Mouratoglou sur les d\u00e9clarations d&rsquo;Arthur Fils : \u00ab\u00a0\u00c0 mes yeux, il est une exception&#8230;\u00a0\u00bb"},"content":{"rendered":"<p><a href=\"https:\/\/www.welovetennis.fr\/insolite\/mouratoglou-sur-la-mentalite-a-la-francaise-en-france-si-on-a-une-bagnole-correcte-on-se-la-fait-rayer-dans-la-journee-cest-irreel-parce-que-les-gens-sont-jaloux-en-fait\" data-wpel-link=\"internal\" rel=\"nofollow noopener\" target=\"_blank\">Quelques mois apr\u00e8s avoir critiqu\u00e9 la \u00ab\u202fmenta\u00adlit\u00e9 fran\u00ad\u00e7aise\u202f\u00bb<\/a>, l\u2019en\u00adtra\u00ee\u00adneur fran\u00ad\u00e7ais Patrick Mouratoglou a persist\u00e9 et sign\u00e9 dans une prise de parole sur Linkedln.<\/p>\n<p><strong>\u00ab\u202fLa menta\u00adlit\u00e9 fran\u00ad\u00e7aise n\u2019est pas id\u00e9ale pour la perfor\u00admance de haut niveau. Ici, les gens n\u2019aiment pas vrai\u00adment l\u2019am\u00adbi\u00adtion. Et les personnes confiantes sont souvent quali\u00adfi\u00e9es d\u2019ar\u00adro\u00adgantes.  J\u2019ai senti que cela avait suscit\u00e9 beau\u00adcoup de r\u00e9ac\u00adtions quand j\u2019avais dit cela et je me suis demand\u00e9 pour\u00adquoi. La r\u00e9ponse est simple\u00a0: parce que c\u2019est vrai. Dans le sport de haut niveau, l\u2019am\u00adbi\u00adtion n\u2019est pas facul\u00adta\u00adtive, elle est fonda\u00admen\u00adtale. On ne devient pas cham\u00adpion par hasard. Mais en France, affi\u00adcher sa confiance peut vous valoir d\u2019\u00eatre qualifi\u00e9 d\u2019ar\u00adro\u00adgant. \u00catre ouver\u00adte\u00adment ambi\u00adtieux\u202f? Risqu\u00e9. R\u00e9ussir et en \u00eatre fier\u202f? Encore pire. R\u00e9sultat\u202f? Beaucoup de jeunes athl\u00e8tes fran\u00ad\u00e7ais n\u2019as\u00adsument jamais plei\u00adne\u00adment leurs ambi\u00adtions. Ils doutent d\u2019eux\u2010m\u00eames avant que les autres ne le fassent. Et ce conflit interne peut saboter silen\u00adcieu\u00adse\u00adment une carri\u00e8re. Arthur Fils est une excep\u00adtion \u00e0 mes yeux\u202f; il affiche sa confiance et son ambi\u00adtion sans complexe. Et regardez ses r\u00e9sul\u00adtats. Et si nous voulons former davan\u00adtage de cham\u00adpions dans ce pays, nous devons commencer par valo\u00adriser la confiance au lieu de la craindre.\u202f\u00bb<\/strong><\/p>\n<p class=\"post-published-date\" style=\"color: silver; font-size: 75%; text-align: left;\">Publi\u00e9 le samedi 21 juin 2025 \u00e0 19:42<\/p>\n","protected":false},"excerpt":{"rendered":"Quelques mois apr\u00e8s avoir critiqu\u00e9 la \u00ab\u202fmenta\u00adlit\u00e9 fran\u00ad\u00e7aise\u202f\u00bb, l\u2019en\u00adtra\u00ee\u00adneur fran\u00ad\u00e7ais Patrick Mouratoglou a persist\u00e9 et sign\u00e9 dans une&hellip;\n","protected":false},"author":2,"featured_media":15493,"comment_status":"","ping_status":"","sticky":false,"template":"","format":"standard","meta":{"footnotes":""},"categories":[1415],"tags":[3768,1011,27,60,1467],"class_list":{"0":"post-194062","1":"post","2":"type-post","3":"status-publish","4":"format-standard","5":"has-post-thumbnail","7":"category-tennis","8":"tag-arthur-fils","9":"tag-fr","10":"tag-france","11":"tag-sports","12":"tag-tennis"},"share_on_mastodon":{"url":"https:\/\/pubeurope.com\/@fr\/114722773649622418","error":""},"_links":{"self":[{"href":"https:\/\/www.europesays.com\/fr\/wp-json\/wp\/v2\/posts\/194062","targetHints":{"allow":["GET"]}}],"collection":[{"href":"https:\/\/www.europesays.com\/fr\/wp-json\/wp\/v2\/posts"}],"about":[{"href":"https:\/\/www.europesays.com\/fr\/wp-json\/wp\/v2\/types\/post"}],"author":[{"embeddable":true,"href":"https:\/\/www.europesays.com\/fr\/wp-json\/wp\/v2\/users\/2"}],"replies":[{"embeddable":true,"href":"https:\/\/www.europesays.com\/fr\/wp-json\/wp\/v2\/comments?post=194062"}],"version-history":[{"count":0,"href":"https:\/\/www.europesays.com\/fr\/wp-json\/wp\/v2\/posts\/194062\/revisions"}],"wp:featuredmedia":[{"embeddable":true,"href":"https:\/\/www.europesays.com\/fr\/wp-json\/wp\/v2\/media\/15493"}],"wp:attachment":[{"href":"https:\/\/www.europesays.com\/fr\/wp-json\/wp\/v2\/media?parent=194062"}],"wp:term":[{"taxonomy":"category","embeddable":true,"href":"https:\/\/www.europesays.com\/fr\/wp-json\/wp\/v2\/categories?post=194062"},{"taxonomy":"post_tag","embeddable":true,"href":"https:\/\/www.europesays.com\/fr\/wp-json\/wp\/v2\/tags?post=194062"}],"curies":[{"name":"wp","href":"https:\/\/api.w.org\/{rel}","templated":true}]}}