{"id":194063,"date":"2025-06-21T18:29:12","date_gmt":"2025-06-21T18:29:12","guid":{"rendered":"https:\/\/www.europesays.com\/fr\/194063\/"},"modified":"2025-06-21T18:29:12","modified_gmt":"2025-06-21T18:29:12","slug":"basket-retrograde-en-region-le-roannais-basket-feminin-a-fait-appel","status":"publish","type":"post","link":"https:\/\/www.europesays.com\/fr\/194063\/","title":{"rendered":"Basket. R\u00e9trograd\u00e9 en R\u00e9gion, le Roannais Basket f\u00e9minin a fait appel"},"content":{"rendered":"<p>Dans le cadre du suivi des clubs \u00e9voluant dans les divisions NF1\/NF2\/NF3\/NM2\/NM3, la commission de contr\u00f4le de gestion FFBB a rendu public ses d\u00e9cisions. Pour l\u2019instant, le Roannais Basket f\u00e9minin est r\u00e9trograd\u00e9 en \u00ab\u00a0championnat de ligue r\u00e9gionale\u00a0\u00bb. Le club, pr\u00e9venu la semaine derni\u00e8re, a imm\u00e9diatement fait appel. Il devrait \u00eatre entendu le 25\u00a0juin ou le 10\u00a0juillet.<\/p>\n<p>Le plus t\u00f4t sera le mieux car le RBF a un autre rendez-vous capital pour son suivi au tribunal avec sa p\u00e9riode d\u2019observation quant \u00e0 son <a href=\"https:\/\/www.leprogres.fr\/sport\/2025\/05\/23\/le-roannais-basket-feminin-echappe-a-la-liquidation-judiciaire\" target=\"_blank\" rel=\"noopener\">redressement judiciaire<\/a>, le 11\u00a0juillet. Le club a d\u00e9j\u00e0 annonc\u00e9 une masse salariale qui passera de 183\u00a0000\u00a0euros \u00e0 85\u00a0000\u00a0euros pour \u00e9voluer en NF2 avec plusieurs jeunes filles issues de leur formation. Sportivement comme \u00e9conomiquement, le club esp\u00e8re repartir en NF2. Par ailleurs, l\u2019engagement du BC Montbrison en NM3 a \u00e9t\u00e9 act\u00e9.<\/p>\n","protected":false},"excerpt":{"rendered":"Dans le cadre du suivi des clubs \u00e9voluant dans les divisions NF1\/NF2\/NF3\/NM2\/NM3, la commission de contr\u00f4le de gestion&hellip;\n","protected":false},"author":2,"featured_media":194064,"comment_status":"","ping_status":"","sticky":false,"template":"","format":"standard","meta":{"footnotes":""},"categories":[1414],"tags":[1465,1791,1464,16734,1011,27,9838,20195,517,60],"class_list":{"0":"post-194063","1":"post","2":"type-post","3":"status-publish","4":"format-standard","5":"has-post-thumbnail","7":"category-basket","8":"tag-basket","9":"tag-basket-ball","10":"tag-basketball","11":"tag-edition-loire-nord","12":"tag-fr","13":"tag-france","14":"tag-roanne","15":"tag-roanne-ville","16":"tag-sport","17":"tag-sports"},"share_on_mastodon":{"url":"https:\/\/pubeurope.com\/@fr\/114722777599448028","error":""},"_links":{"self":[{"href":"https:\/\/www.europesays.com\/fr\/wp-json\/wp\/v2\/posts\/194063","targetHints":{"allow":["GET"]}}],"collection":[{"href":"https:\/\/www.europesays.com\/fr\/wp-json\/wp\/v2\/posts"}],"about":[{"href":"https:\/\/www.europesays.com\/fr\/wp-json\/wp\/v2\/types\/post"}],"author":[{"embeddable":true,"href":"https:\/\/www.europesays.com\/fr\/wp-json\/wp\/v2\/users\/2"}],"replies":[{"embeddable":true,"href":"https:\/\/www.europesays.com\/fr\/wp-json\/wp\/v2\/comments?post=194063"}],"version-history":[{"count":0,"href":"https:\/\/www.europesays.com\/fr\/wp-json\/wp\/v2\/posts\/194063\/revisions"}],"wp:featuredmedia":[{"embeddable":true,"href":"https:\/\/www.europesays.com\/fr\/wp-json\/wp\/v2\/media\/194064"}],"wp:attachment":[{"href":"https:\/\/www.europesays.com\/fr\/wp-json\/wp\/v2\/media?parent=194063"}],"wp:term":[{"taxonomy":"category","embeddable":true,"href":"https:\/\/www.europesays.com\/fr\/wp-json\/wp\/v2\/categories?post=194063"},{"taxonomy":"post_tag","embeddable":true,"href":"https:\/\/www.europesays.com\/fr\/wp-json\/wp\/v2\/tags?post=194063"}],"curies":[{"name":"wp","href":"https:\/\/api.w.org\/{rel}","templated":true}]}}