{"id":194065,"date":"2025-06-21T18:30:13","date_gmt":"2025-06-21T18:30:13","guid":{"rendered":"https:\/\/www.europesays.com\/fr\/194065\/"},"modified":"2025-06-21T18:30:13","modified_gmt":"2025-06-21T18:30:13","slug":"meme-alex-marquez-sinterroge-mais-comment-il-a-fait-ca","status":"publish","type":"post","link":"https:\/\/www.europesays.com\/fr\/194065\/","title":{"rendered":"M\u00eame \u00c1lex M\u00e1rquez s&rsquo;interroge\u00a0:\u00a0\u00ab\u00a0Mais comment il a fait \u00e7a\u00a0?\u00a0\u00bb"},"content":{"rendered":"<p>On ne change pas le duo qui gagne en MotoGP : pour la neuvi\u00e8me fois, le sprint qui s&rsquo;est couru aujourd&rsquo;hui en Italie a livr\u00e9 un doubl\u00e9 M\u00e1rquez. Et, \u00e0 la seule exception de Silverstone, c&rsquo;est toujours Marc qui l&#8217;emporte \u00e0 ce petit jeu, rel\u00e9guant son fr\u00e8re \u00c1lex \u00e0 la deuxi\u00e8me place.<\/p>\n<p>Celui-ci a pourtant bien cru qu&rsquo;il aurait une chance aujourd&rsquo;hui, d&rsquo;une part car il sait que le circuit du Mugello est loin de plaire \u00e0 son a\u00een\u00e9, et d&rsquo;autre part car il l&rsquo;a vu compl\u00e8tement manquer son d\u00e9part. Pourtant, le leader du championnat a livr\u00e9 une partition \u00e9poustouflante pour r\u00e9ussir \u00e0 effacer tr\u00e8s rapidement le retard pris \u00e0 l&rsquo;extinction des feux, notamment gr\u00e2ce \u00e0 un premier tour digne du maestro qu&rsquo;il est.<\/p>\n<p>\u00ab\u00a0\u00c7a a \u00e9t\u00e9 tr\u00e8s similaire \u00e0 ce qui s&rsquo;est produit en Arag\u00f3n avec lui\u00a0\u00bb, constate <a href=\"https:\/\/fr.motorsport.com\/driver\/alex-marquez\/96324\/\" target=\"_blank\" rel=\"noopener\">\u00c1lex M\u00e1rquez<\/a> au micro du site officiel du MotoGP. \u00ab\u00a0Il a eu un probl\u00e8me au d\u00e9part alors je me suis dit que je devais tenter ma chance, parce que je savais que j&rsquo;avais en quelque sorte la possibilit\u00e9 de me battre avec Marc. Mais il a \u00e9t\u00e9 tr\u00e8s malin.\u00a0\u00bb<\/p>\n<p>Le pilote Gresini, qui a men\u00e9 durant deux tours apr\u00e8s s&rsquo;\u00eatre d\u00e9fait de <a href=\"https:\/\/fr.motorsport.com\/driver\/pecco-bagnaia\/109394\/\" target=\"_blank\" rel=\"noopener\">Pecco Bagnaia<\/a>, juge que son a\u00een\u00e9 l&rsquo;a attaqu\u00e9 \u00ab\u00a0au bon moment dans la course\u00a0\u00bb, montrant son intelligence de course. \u00ab\u00a0Il \u00e9tait en mode attaque, et quand j&rsquo;ai attaqu\u00e9 Pecco j&rsquo;ai vu qu&rsquo;il \u00e9tait d\u00e9j\u00e0 l\u00e0. Je me suis demand\u00e9 &lsquo;mais comment il a fait \u00e7a ?&rsquo;.\u00a0\u00bb<\/p>\n<p>Lire aussi :<\/p>\n<p>\u00ab\u00a0Moi, je me suis donn\u00e9 \u00e0 100%. Ensuite, quand j&rsquo;\u00e9tais en position d&rsquo;attaque, j&rsquo;ai fait une erreur au virage 5, j&rsquo;ai failli partir en highside\u00a0\u00bb, poursuit l&rsquo;Espagnol. \u00ab\u00a0J&rsquo;ai perdu trois ou quatre dixi\u00e8mes \u00e0 ce moment-l\u00e0 et \u00e7a a \u00e9t\u00e9 difficile, \u00e7a a cr\u00e9\u00e9 comme un trou.\u00a0\u00bb<\/p>\n<p>\u00ab\u00a0Ensuite, j&rsquo;ai d\u00fb contr\u00f4ler un peu parce que le pneu avant devenait de plus en plus chaud. J&rsquo;ai donc d\u00e9cid\u00e9 de contr\u00f4ler pour finir, tout en me donnant \u00e0 100% au cas o\u00f9 Marc ait une baisse et que \u00e7a me donne une chance \u00e0 la fin. Mais il a maintenu son rythme.\u00a0\u00bb<\/p>\n<p>\u00c1lex M\u00e1rquez pense avoir trop attaqu\u00e9<\/p>\n<p>Une fois <a href=\"https:\/\/fr.motorsport.com\/driver\/marc-marquez\/92646\/\" target=\"_blank\" rel=\"noopener\">Marc M\u00e1rquez<\/a> pass\u00e9 en t\u00eate, son fr\u00e8re a effectivement eu le m\u00e9rite de s&rsquo;affirmer encore une fois comme son plus proche poursuivant, mais sans ne plus avoir les moyens de le menacer. Avec le recul, le #73 estime qu&rsquo;il a sans doute trop attaqu\u00e9 dans les premiers instants pour battre Bagnaia et prendre les commandes.<\/p>\n<p>\u00ab\u00a0C&rsquo;est la course sprint dans laquelle j&rsquo;ai pris le plus de risques cette ann\u00e9e, parce que je savais aujourd&rsquo;hui que j&rsquo;avais une possibilit\u00e9 de battre Marc\u00a0\u00bb, r\u00e9sume-t-il. Mais \u00c1lex M\u00e1rquez n&rsquo;h\u00e9site pas un instant entre la satisfaction d&rsquo;\u00eatre le plus proche du vainqueur et d\u00e9ception de s&rsquo;\u00eatre encore fait battre. \u00ab\u00a0Satisfait\u00a0\u00bb, tranche-t-il. \u00ab\u00a0Je suis le seul pilote \u00e0 l&rsquo;avoir battu dans un sprint, alors c&rsquo;est une satisfaction. Quand on est tout le temps deuxi\u00e8me alors que le premier change, \u00e7a peut devenir un peu frustrant, mais quand [le premier] est le meilleur, le pilote qui fait le plus la diff\u00e9rence, il faut juste l&rsquo;accepter et se maintenir.\u00a0\u00bb<\/p>\n<p>\u00ab\u00a0Ma satisfaction vient du fait que j&rsquo;essaye toujours, je fais toujours de mon mieux, et j&rsquo;essaye toujours de le d\u00e9passer ou de le suivre. Quand j&rsquo;ai une opportunit\u00e9 comme celle d&rsquo;aujourd&rsquo;hui, j&rsquo;essaye d&rsquo;\u00eatre agressif, sinon il faut calculer un peu plus, comme par exemple en Tha\u00eflande.\u00a0\u00bb<\/p>\n<p>   <img decoding=\"async\" draggable=\"false\" src=\"https:\/\/www.europesays.com\/fr\/wp-content\/uploads\/2025\/06\/1750530613_286_alex-marquez-gresini-racing.jpg\" alt=\"Neuvi\u00e8me sprint et neuvi\u00e8me m\u00e9daille pour \u00c1lex M\u00e1rquez !\" width=\"1200\" height=\"800\" loading=\"lazy\"\/> <\/p>\n<p class=\"title\">Neuvi\u00e8me sprint et neuvi\u00e8me m\u00e9daille pour \u00c1lex M\u00e1rquez !<\/p>\n<p class=\"photographer\">Photo de: Tiziana Fabi \/ AFP via Getty Images<\/p>\n<p>Dimanche, le pilote Gresini aura une nouvelle opportunit\u00e9, avec une distance doubl\u00e9e sur un circuit qui, quoi qu&rsquo;il arrive, lui pla\u00eet beaucoup. Il est persuad\u00e9 que le choix de pneu sera d\u00e9terminant, et peut-\u00eatre faudra-t-il tenter de prendre la t\u00eate pour s&rsquo;\u00e9viter une hausse de temp\u00e9rature probl\u00e9matique sur la gomme avant.<\/p>\n<p>\u00ab\u00a0C&rsquo;est ce que j&rsquo;ai essay\u00e9 de faire aujourd&rsquo;hui, mener la course pour \u00e9conomiser un peu mon pneu avant, mais je n&rsquo;ai pas pu le faire parce que Marc \u00e9tait plus rapide. Je vais essayer, c&rsquo;est certain, mais il faudrait aussi que je contr\u00f4le un peu plus la limite\u00a0\u00bb, estime \u00c1lex M\u00e1rquez. \u00ab\u00a0Aujourd&rsquo;hui, j&rsquo;ai pouss\u00e9 un peu trop fort avec cette chaleur, j&rsquo;ai pris beaucoup de risques. Il faut donc que je contr\u00f4le un petit peu \u00e7a. Mais je suis content de la course que j&rsquo;ai faite aujourd&rsquo;hui et il faut continuer \u00e0 pousser demain.\u00a0\u00bb<\/p>\n<p>\u00ab\u00a0Il faut rester concentr\u00e9 pour demain, analyser le choix de pneus qu&rsquo;on a fait aujourd&rsquo;hui. Heureusement, je suis rapide \u00e0 la fois avec le medium et avec le soft, alors il faudra \u00eatre intelligent demain aussi\u00a0\u00bb, ajoute-t-il.\u00a0\u00ab\u00a0Plus que toute am\u00e9lioration \u00e0 apporter \u00e0 la moto, il faut surtout qu&rsquo;on choisisse le bon pneu arri\u00e8re. C&rsquo;est \u00e7a qui sera le plus important. \u00c7a va aussi d\u00e9pendre de la strat\u00e9gie de chacun dans la course, entre attaquer d\u00e8s le d\u00e9but ou attendre un peu plus. On va faire de notre mieux, faire des analyses et ensuite essayer de faire les bons choix.\u00a0\u00bb<\/p>\n<p>Lire aussi :<\/p>\n<p>Dans cet article<\/p>\n<p>    L\u00e9na Buffa\n<\/p>\n<p>    MotoGP\n<\/p>\n<p>    \u00c1lex M\u00e1rquez\n<\/p>\n<p>    Gresini Racing\n<\/p>\n<p>Soyez le premier inform\u00e9 et souscrivez aux alertes mails pour recevoir les infos en temps r\u00e9el<\/p>\n<p>    S&rsquo;abonner aux alertes de news<\/p>\n","protected":false},"excerpt":{"rendered":"On ne change pas le duo qui gagne en MotoGP : pour la neuvi\u00e8me fois, le sprint qui&hellip;\n","protected":false},"author":2,"featured_media":194066,"comment_status":"","ping_status":"","sticky":false,"template":"","format":"standard","meta":{"footnotes":""},"categories":[1413],"tags":[1011,27,31123,3452,1457,1456,1458,31124,60,7896],"class_list":{"0":"post-194065","1":"post","2":"type-post","3":"status-publish","4":"format-standard","5":"has-post-thumbnail","7":"category-moto","8":"tag-fr","9":"tag-france","10":"tag-gp-ditalie","11":"tag-gresini-racing","12":"tag-moto","13":"tag-motocycle","14":"tag-motogp","15":"tag-mugello","16":"tag-sports","17":"tag-u00c1lex-mu00e1rquez"},"share_on_mastodon":{"url":"https:\/\/pubeurope.com\/@fr\/114722781534908107","error":""},"_links":{"self":[{"href":"https:\/\/www.europesays.com\/fr\/wp-json\/wp\/v2\/posts\/194065","targetHints":{"allow":["GET"]}}],"collection":[{"href":"https:\/\/www.europesays.com\/fr\/wp-json\/wp\/v2\/posts"}],"about":[{"href":"https:\/\/www.europesays.com\/fr\/wp-json\/wp\/v2\/types\/post"}],"author":[{"embeddable":true,"href":"https:\/\/www.europesays.com\/fr\/wp-json\/wp\/v2\/users\/2"}],"replies":[{"embeddable":true,"href":"https:\/\/www.europesays.com\/fr\/wp-json\/wp\/v2\/comments?post=194065"}],"version-history":[{"count":0,"href":"https:\/\/www.europesays.com\/fr\/wp-json\/wp\/v2\/posts\/194065\/revisions"}],"wp:featuredmedia":[{"embeddable":true,"href":"https:\/\/www.europesays.com\/fr\/wp-json\/wp\/v2\/media\/194066"}],"wp:attachment":[{"href":"https:\/\/www.europesays.com\/fr\/wp-json\/wp\/v2\/media?parent=194065"}],"wp:term":[{"taxonomy":"category","embeddable":true,"href":"https:\/\/www.europesays.com\/fr\/wp-json\/wp\/v2\/categories?post=194065"},{"taxonomy":"post_tag","embeddable":true,"href":"https:\/\/www.europesays.com\/fr\/wp-json\/wp\/v2\/tags?post=194065"}],"curies":[{"name":"wp","href":"https:\/\/api.w.org\/{rel}","templated":true}]}}