{"id":194067,"date":"2025-06-21T18:31:18","date_gmt":"2025-06-21T18:31:18","guid":{"rendered":"https:\/\/www.europesays.com\/fr\/194067\/"},"modified":"2025-06-21T18:31:18","modified_gmt":"2025-06-21T18:31:18","slug":"les-bleues-atomisent-la-suisse-avec-74-points-decart-avant-dattaquer-les-quarts-de-finale-de-leuro","status":"publish","type":"post","link":"https:\/\/www.europesays.com\/fr\/194067\/","title":{"rendered":"les Bleues atomisent la Suisse avec&#8230; 74 points d\u2019\u00e9cart avant d\u2019attaquer les quarts de finale de l\u2019Euro"},"content":{"rendered":"<p>L\u2019\u00e9quipe de France n\u2019a pas fait de d\u00e9tail contre la Suisse ce samedi, au Pir\u00e9e, pour le compte de la derni\u00e8re journ\u00e9e de la phase de poules. Elles finissent en t\u00eate du groupe A.<\/p>\n<p class=\"fig-paragraph\">Il n\u2019y a pas eu de match. Mais alors vraiment pas. Malgr\u00e9 les nombreuses absences dans ses rangs (<a href=\"http:\/\/www.lefigaro.fr\/sports\/basket\/basket-format-favoris-bleues-decimees-5-questions-sur-l-euro-feminin-20250617\" data-fig-type=\"NewsFlash\" data-gtm-custom-categorie=\"navigation\" data-gtm-custom-action=\"crossclick\" data-gtm-custom-label=\"Contextuel\" data-gtm-event=\"customEventSPE\" data-fig-domain=\"LEFIGARO\" rel=\"nofollow noopener\" target=\"_blank\">Williams, Johannes, Fauthoux<\/a>\u2026), les Bleues sont une classe au-dessus de la modeste \u00e9quipe de Suisse, 24e nation europ\u00e9enne. Plusieurs classes en fait. La preuve avec le score final du match qui opposait les deux formations ce samedi, au Pir\u00e9e, lors de la troisi\u00e8me et derni\u00e8re journ\u00e9e de phase de poules de l\u2019Euro f\u00e9minin\u00a0: 111-37 en faveur des filles de Jean-Aim\u00e9 Toupane. Vous avez bien lu. Ce n\u2019est pas une faute de frappe. Il n\u2019y avait d\u00e9j\u00e0 plus de suspense \u00e0 la mi-temps, quand les Tricolores menaient 60-14, avec d\u00e9j\u00e0 16 points de Val\u00e9riane Ayayi et 13 pour Janelle Salaun. Elles avaient compt\u00e9 jusqu\u2019\u00e0 47 points d\u2019avance dans ce premier acte, marqu\u00e9 par un cinglant 19-0 pour s\u2019envoler d\u00e9finitivement.<\/p>\n<p class=\"fig-paragraph\">Rappelons que l\u2019\u00e9quipe de France \u00e9tait d\u00e9j\u00e0 qualifi\u00e9e pour les quarts de finale apr\u00e8s avoir battu\u00a0<a href=\"http:\/\/www.lefigaro.fr\/sports\/basket\/basket-les-francaises-souffrent-mais-s-imposent-contre-la-turquie-lors-de-leur-entree-en-lice-a-l-euro-20250618\" data-fig-type=\"NewsFlash\" data-gtm-custom-categorie=\"navigation\" data-gtm-custom-action=\"crossclick\" data-gtm-custom-label=\"Contextuel\" data-gtm-event=\"customEventSPE\" data-fig-domain=\"LEFIGARO\" rel=\"nofollow noopener\" target=\"_blank\">la Turquie (71-69)<\/a>, puis\u00a0<a href=\"http:\/\/www.lefigaro.fr\/sports\/basket\/basket-les-francaises-domptent-la-grece-et-se-qualifient-pour-les-quarts-de-l-euro-20250619\" data-fig-type=\"NewsFlash\" data-gtm-custom-categorie=\"navigation\" data-gtm-custom-action=\"crossclick\" data-gtm-custom-label=\"Contextuel\" data-gtm-event=\"customEventSPE\" data-fig-domain=\"LEFIGARO\" rel=\"nofollow noopener\" target=\"_blank\">la Gr\u00e8ce (92-56)<\/a>, au Stade de la Paix et de l\u2019Amiti\u00e9, l\u2019habituel antre l\u2019Olympiakos, l\u00e0 o\u00f9 se d\u00e9roulera la phase finale de l\u2019Euro. En quarts, les vice-championnes olympiques affronteront les deuxi\u00e8mes de la poule B, l\u2019Italie ou la Lituanie, le 24 juin.<\/p>\n<p class=\"fig-body-link\">\n            \u00c0 lire aussi<br \/>\n        <a class=\"fig-body-link__link\" href=\"http:\/\/www.lefigaro.fr\/sports\/basket\/basket-pourquoi-rudy-gobert-declare-forfait-pour-l-euro-avec-les-bleus-20250621\" data-fig-type=\"NewsFlash\" data-gtm-custom-categorie=\"navigation\" data-gtm-custom-action=\"crossclick\" data-gtm-custom-label=\"Contextuel\" data-gtm-event=\"customEventSPE\" data-fig-domain=\"LEFIGARO\" rel=\"nofollow noopener\" target=\"_blank\">Basket\u00a0: pourquoi Rudy Gobert d\u00e9clare forfait pour l\u2019Euro avec les Bleus<br \/>\n    <\/a>\n<\/p>\n<p>Tout petit rel\u00e2chement<\/p>\n<p class=\"fig-paragraph\">En d\u00e9but de deuxi\u00e8me p\u00e9riode, les Suissesses inscrivaient six points en 1\u201930, soit plus que\u2026 sur tout le deuxi\u00e8me quart, remport\u00e9 35-9 par la France. Evita Herminjard inscrivait six des huit premiers points de son \u00e9quipe apr\u00e8s le break (62-22). \u00c9videmment, il en aurait fallu davantage pour inverser la tendance\u2026 Petit rel\u00e2chement de quelques minutes pour les Fran\u00e7aises, qui retrouvaient vite leurs esprits (69-22). Salaun reprenait son r\u00e9cital et la France, sa balade. 82-29 au score \u00e0 la fin du troisi\u00e8me quart, alors que la France avait pouss\u00e9 son avance \u00e0 +54. Au final, l\u2019\u00e9quipe de France a eu jusqu\u2019\u00e0 76 longueurs d\u2019avance pour l\u2019emporter 111-37. 23 points pour Janelle Salaun, meilleure scoreuse d\u2019une partie lors de laquelle les 12 Fran\u00e7aises ont marqu\u00e9. 19 unit\u00e9s pour Val\u00e9riane Ayayi, 15 de No\u00e9mie Brochant et Marie-Paule Foppossi. Aucune joueuse n\u2019a pass\u00e9 plus de 20 minutes ce samedi.<\/p>\n<p class=\"fig-paragraph\">Avec trois victoires en trois sorties, la France est donc assur\u00e9e de terminer en t\u00eate du groupe A et la Suisse (3 d\u00e9faites), derni\u00e8re. \u00c0 voir qui de la Turquie (1-1) ou de la Gr\u00e8ce (1-1) prendra la deuxi\u00e8me place de la poule. Les Tricolores attendent d\u00e9sormais le r\u00e9sultat du dernier match du groupe B pour conna\u00eetre leurs futures adversaires en quarts. Elles d\u00e9fieront les perdantes du duel entre l\u2019Italie et la Lituanie, ce samedi, \u00e0 21h, du c\u00f4t\u00e9 de Bologne.<\/p>\n","protected":false},"excerpt":{"rendered":"L\u2019\u00e9quipe de France n\u2019a pas fait de d\u00e9tail contre la Suisse ce samedi, au Pir\u00e9e, pour le compte&hellip;\n","protected":false},"author":2,"featured_media":194068,"comment_status":"","ping_status":"","sticky":false,"template":"","format":"standard","meta":{"footnotes":""},"categories":[1412],"tags":[2190,1465,1464,2180,2192,814,64,27922,450,2183,1451,1452,1453,1454,1455,1011,27,2191,2193,820,2181,2182,2189,2186,2184,2185,1980,60,2188,2187],"class_list":{"0":"post-194067","1":"post","2":"type-post","3":"status-publish","4":"format-standard","5":"has-post-thumbnail","7":"category-f1","8":"tag-asvel","9":"tag-basket","10":"tag-basketball","11":"tag-championnats-deurope","12":"tag-cholet","13":"tag-direct","14":"tag-equipe-de-france","15":"tag-equipe-de-france-de-basket-feminine","16":"tag-euro","17":"tag-euroligue","18":"tag-f1","19":"tag-formula-1","20":"tag-formula1","21":"tag-formule-1","22":"tag-formule1","23":"tag-fr","24":"tag-france","25":"tag-le-mans","26":"tag-limoges","27":"tag-live","28":"tag-mondial","29":"tag-nba","30":"tag-photos","31":"tag-play-offs","32":"tag-pro-a","33":"tag-pro-b","34":"tag-resultats","35":"tag-sports","36":"tag-statistiques","37":"tag-stats"},"share_on_mastodon":{"url":"https:\/\/pubeurope.com\/@fr\/114722785397433490","error":""},"_links":{"self":[{"href":"https:\/\/www.europesays.com\/fr\/wp-json\/wp\/v2\/posts\/194067","targetHints":{"allow":["GET"]}}],"collection":[{"href":"https:\/\/www.europesays.com\/fr\/wp-json\/wp\/v2\/posts"}],"about":[{"href":"https:\/\/www.europesays.com\/fr\/wp-json\/wp\/v2\/types\/post"}],"author":[{"embeddable":true,"href":"https:\/\/www.europesays.com\/fr\/wp-json\/wp\/v2\/users\/2"}],"replies":[{"embeddable":true,"href":"https:\/\/www.europesays.com\/fr\/wp-json\/wp\/v2\/comments?post=194067"}],"version-history":[{"count":0,"href":"https:\/\/www.europesays.com\/fr\/wp-json\/wp\/v2\/posts\/194067\/revisions"}],"wp:featuredmedia":[{"embeddable":true,"href":"https:\/\/www.europesays.com\/fr\/wp-json\/wp\/v2\/media\/194068"}],"wp:attachment":[{"href":"https:\/\/www.europesays.com\/fr\/wp-json\/wp\/v2\/media?parent=194067"}],"wp:term":[{"taxonomy":"category","embeddable":true,"href":"https:\/\/www.europesays.com\/fr\/wp-json\/wp\/v2\/categories?post=194067"},{"taxonomy":"post_tag","embeddable":true,"href":"https:\/\/www.europesays.com\/fr\/wp-json\/wp\/v2\/tags?post=194067"}],"curies":[{"name":"wp","href":"https:\/\/api.w.org\/{rel}","templated":true}]}}