{"id":194077,"date":"2025-06-21T18:36:17","date_gmt":"2025-06-21T18:36:17","guid":{"rendered":"https:\/\/www.europesays.com\/fr\/194077\/"},"modified":"2025-06-21T18:36:17","modified_gmt":"2025-06-21T18:36:17","slug":"courmangoux-succession-danimations-autour-du-livre-avant-les-vacances-scolaires-le-progres","status":"publish","type":"post","link":"https:\/\/www.europesays.com\/fr\/194077\/","title":{"rendered":"Courmangoux. Succession d&#039;animations autour du livre avant les vacances scolaires &#8211; Le Progr\u00e8s"},"content":{"rendered":"<ol>\n<li><a href=\"https:\/\/news.google.com\/rss\/articles\/CBMivAFBVV95cUxOSGdraGdvRlRWWmZTNkdiWkE0bTZkeUZHMnpaTHJiQ2gtbDVkUVpSangtVkpBOEZJZW9rNUhqNHczbTU5TEJOV2lxajNwLWhHZUllMXhNdFFEemxvOVFER1V2dm10T1BxOTA3c2JwamE1M1pvV1BBNEhvbFIwbDdYbldxUGpxVGpxbzVIN0NnQzFRTGFvWkpHQzZ0OUZHZ2FSWGVUZmNtYng2bjY0ajFzVjhLT3o2bV92cGU1eg?oc=5\" target=\"_blank\" rel=\"nofollow noopener\">Courmangoux. Succession d&rsquo;animations autour du livre avant les vacances scolaires<\/a>&nbsp;&nbsp;Le Progr\u00e8s<\/li>\n<li><a href=\"https:\/\/news.google.com\/rss\/articles\/CBMizgFBVV95cUxOZzFJS284bGhiZzVlZWE0Q29iaURDdXBxTHB4M2R6cjRaNFljVVBHU1dnV3JlZlFVZjdxVVQ1UjdSTXRsaEpEbWppeXhvLWpuMXVZY2ZkdUEyd29zVldFLUhCUDdQQVM0R0dMOUdwQUtYcTI0Q1RZQ3BKeklJZ3BNUDZWbUJueVYyOUItMUczbGZ5ZS1Dc1Y4bUhkTlJ3bkt0QUJ3SXZUVzAyY0VGTUtuTF9zbnRwTUhGMXJYb1hHdUQ3UGRJUlV2YVBjcDlGUQ?oc=5\" target=\"_blank\" rel=\"nofollow noopener\">Jayat. Une animation sur le th\u00e8me \u00ab les animaux et nous \u00bb organis\u00e9e \u00e0 la biblioth\u00e8que, samedi<\/a>&nbsp;&nbsp;Le Progr\u00e8s<\/li>\n<li><a href=\"https:\/\/news.google.com\/rss\/articles\/CBMiqgFBVV95cUxQcnJXQktZaWd2ZDZud0Y4eE9iRWZVQjRCU2p4WXpZNEx4clhLVkM3MV9UcEU1QVFXZ1dQcFVwalVhcmpualNFMHRnRHpkOW1tbldjNEVidDFvOTF2cklrSldubmlQWWtTMUs2MFdzazFFTlVDTGtBRGdzQmtCdGZiZGt3dEFMeXlwQ01nOVNTOW5mLWcyVUZadUNUaGR3ckRhZjBiZy1mMm1Sdw?oc=5\" target=\"_blank\" rel=\"nofollow noopener\">L\u2019op\u00e9ration \u00ab Partir en livre \u00bb lanc\u00e9e \u00e0 Pont-Sainte-Marie<\/a>&nbsp;&nbsp;L&rsquo;Est \u00e9clair<\/li>\n<li><a href=\"https:\/\/news.google.com\/rss\/articles\/CBMi4wFBVV95cUxNVXlMM0NKa0ZWRTVmc3RhZWFJSlkxTG1GdnA4T29qYXVfNUlTNFhxQWtUUEctUTV1ZXlNZVZHdFNjMFR6b0ZFbDdORTFBa2RQREdKdmFDUEdtX0NpeU80dGdJMW9BYTVjYzkyM1hSbFhvTDI3YVZRN2tGLVI0UkhGZ0tFbjgzbjFWQ1h0RVRhRVc4S2RTSm0tZk45bUdKc2tTVWtidnpyMHk2bFdVaHA4ejJ0cXhrcThjX0NoRmpoTzNXZV9SY0pJQmptQWVRX3k1c0RzQno3aGxQTVZobVJYeGVRaw?oc=5\" target=\"_blank\" rel=\"nofollow noopener\">Au bonheur de la lecture avec Susie Morgenstern, Guillaume Gallienne et R\u00e9gine Hatchondo<\/a>&nbsp;&nbsp;Public S\u00e9nat<\/li>\n<li><a href=\"https:\/\/news.google.com\/rss\/articles\/CBMitgFBVV95cUxQVU5TTUFkWGpHcF9oX1NnR2JWZDU4WFlSM3l6cTZFajBwbVFwWl94YXBPZXJXSF91cDI5Y0stUGFYMEhJYzRVSEJVTkhLLVZCVTlZbXhhV051MWJFR2xzQXY2Zkx2SEc4NjNDdWwyaDBOZ1FRYnY0QTM4d1hBNEZhWWREVThLZVc5WXlFdlNRUmc3dWhmWjUxblVSOVJueTQxM0tYOXlzejQxTzFyWWE3M1FLU1RJdw?oc=5\" target=\"_blank\" rel=\"nofollow noopener\">\u00c9vron. Des livres au parc de la Ro\u00eb pour Partir en livre<\/a>&nbsp;&nbsp;Maville Laval<\/li>\n<\/ol>\n","protected":false},"excerpt":{"rendered":"Courmangoux. Succession d&rsquo;animations autour du livre avant les vacances scolaires&nbsp;&nbsp;Le Progr\u00e8s Jayat. Une animation sur le th\u00e8me \u00ab&hellip;\n","protected":false},"author":2,"featured_media":194078,"comment_status":"","ping_status":"","sticky":false,"template":"","format":"standard","meta":{"footnotes":""},"categories":[1357],"tags":[1379,33288,1687,58,6751,59,1011,27,1380,2410,33289],"class_list":{"0":"post-194077","1":"post","2":"type-post","3":"status-publish","4":"format-standard","5":"has-post-thumbnail","7":"category-livres","8":"tag-books","9":"tag-courmangoux","10":"tag-culture-loisirs","11":"tag-divertissement","12":"tag-edition-ain-ouest","13":"tag-entertainment","14":"tag-fr","15":"tag-france","16":"tag-livres","17":"tag-livres-bd","18":"tag-val-revermont-bassin"},"share_on_mastodon":{"url":"https:\/\/pubeurope.com\/@fr\/114722805147486098","error":""},"_links":{"self":[{"href":"https:\/\/www.europesays.com\/fr\/wp-json\/wp\/v2\/posts\/194077","targetHints":{"allow":["GET"]}}],"collection":[{"href":"https:\/\/www.europesays.com\/fr\/wp-json\/wp\/v2\/posts"}],"about":[{"href":"https:\/\/www.europesays.com\/fr\/wp-json\/wp\/v2\/types\/post"}],"author":[{"embeddable":true,"href":"https:\/\/www.europesays.com\/fr\/wp-json\/wp\/v2\/users\/2"}],"replies":[{"embeddable":true,"href":"https:\/\/www.europesays.com\/fr\/wp-json\/wp\/v2\/comments?post=194077"}],"version-history":[{"count":0,"href":"https:\/\/www.europesays.com\/fr\/wp-json\/wp\/v2\/posts\/194077\/revisions"}],"wp:featuredmedia":[{"embeddable":true,"href":"https:\/\/www.europesays.com\/fr\/wp-json\/wp\/v2\/media\/194078"}],"wp:attachment":[{"href":"https:\/\/www.europesays.com\/fr\/wp-json\/wp\/v2\/media?parent=194077"}],"wp:term":[{"taxonomy":"category","embeddable":true,"href":"https:\/\/www.europesays.com\/fr\/wp-json\/wp\/v2\/categories?post=194077"},{"taxonomy":"post_tag","embeddable":true,"href":"https:\/\/www.europesays.com\/fr\/wp-json\/wp\/v2\/tags?post=194077"}],"curies":[{"name":"wp","href":"https:\/\/api.w.org\/{rel}","templated":true}]}}