{"id":194085,"date":"2025-06-21T18:40:11","date_gmt":"2025-06-21T18:40:11","guid":{"rendered":"https:\/\/www.europesays.com\/fr\/194085\/"},"modified":"2025-06-21T18:40:11","modified_gmt":"2025-06-21T18:40:11","slug":"faut-il-manger-epice-pour-ne-pas-crever-de-chaud","status":"publish","type":"post","link":"https:\/\/www.europesays.com\/fr\/194085\/","title":{"rendered":"faut-il manger \u00e9pic\u00e9 pour ne pas crever de chaud ?"},"content":{"rendered":"<p>La France <a href=\"https:\/\/www.presse-citron.net\/canicule-pourquoi-vague-chaleur-alarmer\/\" rel=\"nofollow noopener\" target=\"_blank\">fait face \u00e0 une vague de chaleur intense depuis quelques jours<\/a>, et elle \u00e0 l\u2019\u00e9preuve la capacit\u00e9 de chacun \u00e0 rester au frais et en s\u00e9curit\u00e9. Ce week-end, les temp\u00e9ratures atteignent des niveaux caniculaires (40\u00b0C \u00e0 Bordeaux, 37\u00b0C \u00e0 Paris, 38\u00b0C \u00e0 Strasbourg) et elles nous obligent d\u2019adapter nos habitudes pour \u00e9viter tout risque de coup de chaleur.<\/p>\n<p>Parmi les strat\u00e9gies de rafra\u00eechissement, une pratique surprenante revient sur le devant de la sc\u00e8ne\u00a0: <strong>manger \u00e9pic\u00e9 pour stimuler la transpiration<\/strong>. Mais cette astuce, aussi insolite soit-elle, est-elle r\u00e9ellement efficace\u00a0? Et comment l\u2019int\u00e9grer dans une approche globale de lutte contre la canicule\u00a0?<\/p>\n<p>Une astuce contre-intuitive mais efficace<\/p>\n<p>L\u2019id\u00e9e de manger des plats relev\u00e9s <strong>en pleine canicule peut sembler contre-productive<\/strong>. Pourtant, la science et la tradition culinaire de nombreux pays chauds confirment l\u2019int\u00e9r\u00eat de cette pratique. Les \u00e9pice \u2013 et en particulier la capsa\u00efcine pr\u00e9sente dans les piments \u2013 provoquent une sensation de chaleur dans la bouche et sur la peau. Cette sensation envoie alors directement un signal au cerveau\u00a0: il faut \u00e9vacuer la chaleur. <strong>Le corps r\u00e9agit alors en augmentant la transpiration, ce qui, une fois la sueur \u00e9vapor\u00e9e, permet un refroidissement naturel de la peau<\/strong>.<\/p>\n<p>Ce m\u00e9canisme physiologique est utilis\u00e9 depuis des si\u00e8cles dans des r\u00e9gions o\u00f9 la chaleur est omnipr\u00e9sente comme en Inde ou en Tha\u00eflande. Les plats piment\u00e9s y sont courants pour leur saveu, mais aussi pour leur capacit\u00e9 \u00e0 <strong>aider le corps \u00e0 mieux supporter les temp\u00e9ratures \u00e9lev\u00e9es<\/strong>. La transpiration provoqu\u00e9e par les \u00e9pices joue donc un r\u00f4le cl\u00e9 dans la r\u00e9gulation thermique de l\u2019organisme.<\/p>\n<p>Pr\u00e9cautions \u00e0 prendre<\/p>\n<p>Attention, cette astuce ne convient pas \u00e0 tout le monde: l<strong>es personnes qui ne supportent pas la sensation de br\u00fblure ou qui ont des probl\u00e8mes de sant\u00e9<\/strong> (comme des troubles digestifs ou cardiaques) doivent rester prudentes. De plus, <strong>la transpiration entra\u00eene une perte d\u2019eau importante d\u2019o\u00f9 la n\u00e9cessit\u00e9 de bien s\u2019hydrater avant, pendant et apr\u00e8s la consommation<\/strong> de plats \u00e9pic\u00e9s. Boire de l\u2019eau r\u00e9guli\u00e8rement est essentiel pour compenser cette perte et \u00e9viter tout risque de d\u00e9shydratation.<\/p>\n<p>Pour profiter des bienfaits des \u00e9pices sans exc\u00e8s, il est conseill\u00e9 de commencer par des plats l\u00e9g\u00e8rement relev\u00e9s comme des salades tha\u00efes, des tacos piquants ou des tajines \u00e9pic\u00e9s. Le cumin, le poivre, le curry et le piment sont autant d\u2019\u00e9pices \u00e0 int\u00e9grer petit \u00e0 petit dans ses repas. L\u2019important est de respecter sa tol\u00e9rance personnelle et de toujours accompagner ces plats d\u2019une hydratation suffisante.<\/p>\n<p>Les autres astuces<\/p>\n<p>Outre l\u2019astuce du repas \u00e9pic\u00e9, il existe de nombreuses autres m\u00e9thodes pour rester au frais en p\u00e9riode de canicule. Par exemple,<strong> humidifier un linge ou un foulard et le placer autour du cou ou sur les poignets<\/strong> permet de profiter du rafra\u00eechissement par \u00e9vaporation.<\/p>\n<p><strong>Prendre une douche ti\u00e8de plut\u00f4t que froide<\/strong> \u00e9vite au corps de subir un choc thermique et favorise une sensation de fra\u00eecheur durable. <strong>Dormir avec une bouillotte remplie d\u2019eau froide<\/strong> ou un oreiller r\u00e9frig\u00e9rant peut \u00e9galement aider \u00e0 mieux dormir malgr\u00e9 la chaleur.<\/p>\n<blockquote>\n<p class=\"text-base text-neutral-700 dark:text-neutral-300\">\ud83d\udccd Pour ne manquer aucune actualit\u00e9 de Presse-citron, suivez-nous sur <a href=\"https:\/\/news.google.com\/publications\/CAAqBggKMIPiNTC70wU?hl=fr&amp;gl=FR&amp;ceid=FR%3Afr\" target=\"_blank\" rel=\"nofollow noopener\">Google Actualit\u00e9s<\/a> et <a href=\"https:\/\/whatsapp.com\/channel\/0029VaCkGuz4NViitBXbEr0b\" target=\"_blank\" rel=\"nofollow noopener\">WhatsApp<\/a>.<\/p>\n<\/blockquote>\n","protected":false},"excerpt":{"rendered":"La France fait face \u00e0 une vague de chaleur intense depuis quelques jours, et elle \u00e0 l\u2019\u00e9preuve la&hellip;\n","protected":false},"author":2,"featured_media":194086,"comment_status":"","ping_status":"","sticky":false,"template":"","format":"standard","meta":{"footnotes":""},"categories":[10],"tags":[1011,27,72,71],"class_list":{"0":"post-194085","1":"post","2":"type-post","3":"status-publish","4":"format-standard","5":"has-post-thumbnail","7":"category-sante","8":"tag-fr","9":"tag-france","10":"tag-health","11":"tag-sante"},"share_on_mastodon":{"url":"https:\/\/pubeurope.com\/@fr\/114722820824343734","error":""},"_links":{"self":[{"href":"https:\/\/www.europesays.com\/fr\/wp-json\/wp\/v2\/posts\/194085","targetHints":{"allow":["GET"]}}],"collection":[{"href":"https:\/\/www.europesays.com\/fr\/wp-json\/wp\/v2\/posts"}],"about":[{"href":"https:\/\/www.europesays.com\/fr\/wp-json\/wp\/v2\/types\/post"}],"author":[{"embeddable":true,"href":"https:\/\/www.europesays.com\/fr\/wp-json\/wp\/v2\/users\/2"}],"replies":[{"embeddable":true,"href":"https:\/\/www.europesays.com\/fr\/wp-json\/wp\/v2\/comments?post=194085"}],"version-history":[{"count":0,"href":"https:\/\/www.europesays.com\/fr\/wp-json\/wp\/v2\/posts\/194085\/revisions"}],"wp:featuredmedia":[{"embeddable":true,"href":"https:\/\/www.europesays.com\/fr\/wp-json\/wp\/v2\/media\/194086"}],"wp:attachment":[{"href":"https:\/\/www.europesays.com\/fr\/wp-json\/wp\/v2\/media?parent=194085"}],"wp:term":[{"taxonomy":"category","embeddable":true,"href":"https:\/\/www.europesays.com\/fr\/wp-json\/wp\/v2\/categories?post=194085"},{"taxonomy":"post_tag","embeddable":true,"href":"https:\/\/www.europesays.com\/fr\/wp-json\/wp\/v2\/tags?post=194085"}],"curies":[{"name":"wp","href":"https:\/\/api.w.org\/{rel}","templated":true}]}}