{"id":194091,"date":"2025-06-21T18:43:10","date_gmt":"2025-06-21T18:43:10","guid":{"rendered":"https:\/\/www.europesays.com\/fr\/194091\/"},"modified":"2025-06-21T18:43:10","modified_gmt":"2025-06-21T18:43:10","slug":"une-ombre-artificielle-projetee-sur-le-soleil-revele-une-structure-interne-jamais-observee","status":"publish","type":"post","link":"https:\/\/www.europesays.com\/fr\/194091\/","title":{"rendered":"Une ombre artificielle projet\u00e9e sur le Soleil r\u00e9v\u00e8le une structure interne jamais observ\u00e9e"},"content":{"rendered":"<p><img fetchpriority=\"high\" decoding=\"async\" width=\"1024\" height=\"559\" src=\"https:\/\/www.europesays.com\/fr\/wp-content\/uploads\/2025\/06\/soleil-plonger-nuit-equipe-scientifique-1024x559.webp.webp\" alt=\"\u00c9ruption solaire en gros plan sur le bord gauche du Soleil, image en ultraviolet extr\u00eame.\" class=\"wp-image-979864\"  \/>Une \u00e9ruption solaire observ\u00e9e en ultraviolet : cette image r\u00e9v\u00e8le les d\u00e9tails de la surface et de l\u2019atmosph\u00e8re du Soleil, avec une protub\u00e9rance particuli\u00e8rement active sur la gauche. <\/p>\n<p><strong>Gr\u00e2ce \u00e0 une \u00e9clipse artificielle orchestr\u00e9e depuis l\u2019espace, deux <a href=\"https:\/\/dailygeekshow.com\/elon-musk-bombarde-lespace-avec-28-nouveaux-starlink-pendant-que-trump-sabre-les-budgets-de-la-nasa\/\" rel=\"nofollow noopener\" target=\"_blank\">satellites<\/a> europ\u00e9ens ont capt\u00e9 des images in\u00e9dites de la couronne solaire. Une avanc\u00e9e majeure qui pourrait enfin lever le voile sur les myst\u00e8res les plus br\u00fblants de notre \u00e9toile.<\/strong><\/p>\n<p>Gr\u00e2ce \u00e0 un ballet spatial in\u00e9dit, le Soleil d\u00e9voile ses secrets<\/p>\n<p><strong>Et si on pouvait cr\u00e9er une \u00e9clipse solaire quand on le voulait ?<\/strong> C\u2019est exactement ce que permet aujourd\u2019hui la mission <strong>Proba-3<\/strong> de l\u2019Agence spatiale europ\u00e9enne. En effet, deux petits satellites europ\u00e9ens se d\u00e9placent en formation, s\u00e9par\u00e9s par seulement <strong>150 m\u00e8tres<\/strong>. L\u2019un agit comme un cache-soleil, l\u2019autre comme un \u0153il grand ouvert sur la lumi\u00e8re. Gr\u00e2ce \u00e0 cela, ils g\u00e9n\u00e8rent une <strong><a href=\"https:\/\/dailygeekshow.com\/eclipse-solaire-egypte\/\" rel=\"nofollow noopener\" target=\"_blank\">\u00e9clipse<\/a> artificielle<\/strong> qui dure\u2026 jusqu\u2019\u00e0 <strong>six heures d\u2019affil\u00e9e<\/strong> !<\/p>\n<p>Lire aussi <a href=\"https:\/\/dailygeekshow.com\/poles-soleil\/\" rel=\"nofollow noopener\" target=\"_blank\">Cette r\u00e9gion du Soleil encore jamais observ\u00e9e se d\u00e9voile pour la premi\u00e8re fois<\/a><\/p>\n<p><img loading=\"lazy\" decoding=\"async\" width=\"1024\" height=\"559\" src=\"https:\/\/www.europesays.com\/fr\/wp-content\/uploads\/2025\/06\/illustration-vol-orbite-1024x559.webp.webp\" alt=\"Illustration des satellites de la mission Proba-3 cr\u00e9ant une \u00e9clipse artificielle en orbite.\" class=\"wp-image-979865\"  \/>Illustration du vol orbital de Proba\u20113 : en formation millim\u00e9trique, les deux satellites de l\u2019ESA recr\u00e9ent une \u00e9clipse solaire artificielle pour observer la couronne avec une pr\u00e9cision in\u00e9dite \u2013 source \u2013 ESA\u2013P. Carril<\/p>\n<p>Contrairement aux \u00e9clipses naturelles, br\u00e8ves et rares, ce syst\u00e8me permet d\u2019en observer une <strong>toutes les 19,6 heures<\/strong>. Ainsi, les chercheurs peuvent scruter le Soleil dans des conditions optimales, encore jamais atteintes.<\/p>\n<p>Une structure interne r\u00e9v\u00e9l\u00e9e par un simple jeu d\u2019ombre et de lumi\u00e8re<\/p>\n<p>Mais ce qui fascine le plus, c\u2019est ce que cette innovation technologique rend visible. Le 23 mai 2025, le coronographe <strong>ASPIICS<\/strong> a capt\u00e9 une <strong>structure interne de la couronne solaire<\/strong> jusqu\u2019ici invisible. Il s\u2019agit de fins filaments de plasma, r\u00e9v\u00e9l\u00e9s gr\u00e2ce \u00e0 un <strong>filtre vert<\/strong> in\u00e9dit et un traitement d\u2019image pr\u00e9cis. <strong>Autrement dit<\/strong>, une mati\u00e8re solaire insaisissable devient soudain observable.<\/p>\n<p>Pourquoi cela compte ? Tout simplement parce que la couronne est l\u2019un des plus grands myst\u00e8res du Soleil. <strong>Bien que<\/strong> situ\u00e9e \u00e0 la p\u00e9riph\u00e9rie de l\u2019\u00e9toile, elle est <strong>plus chaude que sa surface<\/strong>, et ce d\u2019un facteur de mille. Cette anomalie thermique intrigue les astrophysiciens depuis des d\u00e9cennies. Gr\u00e2ce \u00e0 ces nouvelles images, ils esp\u00e8rent enfin en percer l\u2019origine.<\/p>\n<p>Lire aussi <a href=\"https:\/\/dailygeekshow.com\/vitesse-trou-noir-voie-lactee\/\" rel=\"nofollow noopener\" target=\"_blank\">Des astronomes font des d\u00e9couvertes \u00e9bouriffantes au sujet du trou noir g\u00e9ant de notre galaxie<\/a><\/p>\n<p>Une mission aux multiples facettes scientifiques<\/p>\n<p><a href=\"https:\/\/www.esa.int\/Space_in_Member_States\/France\/Premiere_eclipse_solaire_artificielle_de_Proba-3\" rel=\"nofollow noopener\" target=\"_blank\">Proba-3<\/a>, cependant, ne se contente pas de produire de jolies images. En parall\u00e8le, un autre instrument nomm\u00e9 <strong>DARA<\/strong> mesure l\u2019<strong>irradiance solaire<\/strong>, c\u2019est-\u00e0-dire l\u2019intensit\u00e9 du rayonnement solaire \u00e0 chaque instant. Cela permet de mieux comprendre le r\u00f4le du Soleil dans le <strong>climat terrestre<\/strong>.<\/p>\n<p>De plus, un troisi\u00e8me instrument baptis\u00e9 <strong>3DEES<\/strong> observe les <strong><a href=\"https:\/\/dailygeekshow.com\/record-electrons-cosmiques\/\" rel=\"nofollow noopener\" target=\"_blank\">\u00e9lectrons<\/a> solaires<\/strong> dans les ceintures de radiation de la Terre. Ces particules ont un impact direct sur les satellites, les communications et les r\u00e9seaux \u00e9lectriques. <strong>Ainsi<\/strong>, la mission contribue \u00e0 la fois \u00e0 la recherche fondamentale et \u00e0 la s\u00e9curit\u00e9 technologique.<\/p>\n<p>Une premi\u00e8re mondiale : le vol autonome de pr\u00e9cision<\/p>\n<p>Ce qui impressionne tout autant, c\u2019est la mani\u00e8re dont ces deux satellites op\u00e8rent. En effet, ils volent en formation <strong>sans commande directe depuis la <a href=\"https:\/\/dailygeekshow.com\/super-terre-2\/\" rel=\"nofollow noopener\" target=\"_blank\">Terre<\/a><\/strong>, s\u2019ajustant gr\u00e2ce \u00e0 des <strong>cam\u00e9ras \u00e9toiles, des lasers et des syst\u00e8mes d\u2019auto-guidage<\/strong>. Cette autonomie leur permet de s\u2019aligner avec une <strong>pr\u00e9cision de 1,5 mm<\/strong>, une prouesse in\u00e9dite dans l\u2019histoire spatiale.<\/p>\n<p>Lire aussi <a href=\"https:\/\/dailygeekshow.com\/la-super-pleine-lune-des-fraises-un-phenomene-rare-que-que-vous-regretterez-davoir-manque\/\" rel=\"nofollow noopener\" target=\"_blank\">La Super Pleine Lune des fraises : un ph\u00e9nom\u00e8ne rare que vous regretterez d\u2019avoir manqu\u00e9<\/a><\/p>\n<p>Par cons\u00e9quent, chaque \u00e9clipse est parfaitement calibr\u00e9e, et les images obtenues sont d\u2019une finesse jamais vue. C\u2019est ce qui distingue Proba-3 des coronographes classiques, qui, plac\u00e9s trop pr\u00e8s de leur objectif, masquent une grande partie de la couronne.<\/p>\n<p>Une nouvelle \u00e8re pour l\u2019exploration solaire<\/p>\n<p>D\u2019ici fin 2027, Proba-3 devrait r\u00e9aliser environ <strong>200 \u00e9clipses artificielles<\/strong>, soit <strong>plus de 1 000 heures d\u2019observation continue<\/strong>. C\u2019est une r\u00e9volution pour les scientifiques, mais aussi pour nous tous. <strong>Finalement<\/strong>, en observant mieux notre \u00e9toile, c\u2019est notre rapport au temps, \u00e0 la lumi\u00e8re et \u00e0 l\u2019univers que nous transformons.<\/p>\n<p>Personnellement, je suis fascin\u00e9 par ce m\u00e9lange de simplicit\u00e9 visuelle \u2014 faire de l\u2019ombre \u2014 et de complexit\u00e9 technique extr\u00eame. <strong>En effet<\/strong>, cr\u00e9er une \u00e9clipse \u00e0 volont\u00e9, c\u2019est comme tirer un rideau cosmique pour voir ce qui se cache derri\u00e8re. <strong>Et ce qu\u2019on d\u00e9couvre, c\u2019est une mati\u00e8re vivante<\/strong>, une chevelure incandescente qui palpite, qui vit.<\/p>\n<p>Lire aussi <a href=\"https:\/\/dailygeekshow.com\/volcan-nuages-mars\/\" rel=\"nofollow noopener\" target=\"_blank\">La NASA capture une image envo\u00fbtante d\u2019un volcan g\u00e9ant qui perce les nuages sur Mars<\/a><\/p>\n","protected":false},"excerpt":{"rendered":"Une \u00e9ruption solaire observ\u00e9e en ultraviolet : cette image r\u00e9v\u00e8le les d\u00e9tails de la surface et de l\u2019atmosph\u00e8re&hellip;\n","protected":false},"author":2,"featured_media":194092,"comment_status":"","ping_status":"","sticky":false,"template":"","format":"standard","meta":{"footnotes":""},"categories":[7],"tags":[1011,27,43,40,41,39,42,44],"class_list":{"0":"post-194091","1":"post","2":"type-post","3":"status-publish","4":"format-standard","5":"has-post-thumbnail","7":"category-sciences-et-technologies","8":"tag-fr","9":"tag-france","10":"tag-science","11":"tag-science-and-technology","12":"tag-sciences","13":"tag-sciences-et-technologies","14":"tag-technologies","15":"tag-technology"},"share_on_mastodon":{"url":"https:\/\/pubeurope.com\/@fr\/114722833224651890","error":""},"_links":{"self":[{"href":"https:\/\/www.europesays.com\/fr\/wp-json\/wp\/v2\/posts\/194091","targetHints":{"allow":["GET"]}}],"collection":[{"href":"https:\/\/www.europesays.com\/fr\/wp-json\/wp\/v2\/posts"}],"about":[{"href":"https:\/\/www.europesays.com\/fr\/wp-json\/wp\/v2\/types\/post"}],"author":[{"embeddable":true,"href":"https:\/\/www.europesays.com\/fr\/wp-json\/wp\/v2\/users\/2"}],"replies":[{"embeddable":true,"href":"https:\/\/www.europesays.com\/fr\/wp-json\/wp\/v2\/comments?post=194091"}],"version-history":[{"count":0,"href":"https:\/\/www.europesays.com\/fr\/wp-json\/wp\/v2\/posts\/194091\/revisions"}],"wp:featuredmedia":[{"embeddable":true,"href":"https:\/\/www.europesays.com\/fr\/wp-json\/wp\/v2\/media\/194092"}],"wp:attachment":[{"href":"https:\/\/www.europesays.com\/fr\/wp-json\/wp\/v2\/media?parent=194091"}],"wp:term":[{"taxonomy":"category","embeddable":true,"href":"https:\/\/www.europesays.com\/fr\/wp-json\/wp\/v2\/categories?post=194091"},{"taxonomy":"post_tag","embeddable":true,"href":"https:\/\/www.europesays.com\/fr\/wp-json\/wp\/v2\/tags?post=194091"}],"curies":[{"name":"wp","href":"https:\/\/api.w.org\/{rel}","templated":true}]}}