{"id":194103,"date":"2025-06-21T18:49:10","date_gmt":"2025-06-21T18:49:10","guid":{"rendered":"https:\/\/www.europesays.com\/fr\/194103\/"},"modified":"2025-06-21T18:49:10","modified_gmt":"2025-06-21T18:49:10","slug":"rouler-a-145-km-h-sur-un-circuit-auto","status":"publish","type":"post","link":"https:\/\/www.europesays.com\/fr\/194103\/","title":{"rendered":"rouler \u00e0 145 km\/h sur un circuit auto"},"content":{"rendered":"<p>Yolande Cordioli, ce qu\u2019elle aime, c\u2019est la vitesse. \u00c0 presque 90 ans, elle vit depuis quatre ans \u00e0 l\u2019Ehpad Emeis Fauriel et ne se d\u00e9place plus qu\u2019en fauteuil. \u00ab\u00a0Je souffre de sciatique paralysante. Mes jambes ne me portent plus et je suis pleine d\u2019arthrose.\u00a0\u00bb<\/p>\n<p>C\u2019est donc en fauteuil, mais le sourire aux l\u00e8vres, que Yolande a quitt\u00e9, mercredi apr\u00e8s-midi, sa chambre et les murs de sa maison de retraite du cours Fauriel.<\/p>\n<p>Cette sortie un peu sp\u00e9ciale a pu \u00eatre organis\u00e9e gr\u00e2ce \u00e0 l\u2019association R\u00eave de r\u00e9sident, dont le directeur de l\u2019Ehpad de Fauriel est \u00e9galement pr\u00e9sident. \u00ab\u00a0En six ans, nous avons r\u00e9alis\u00e9 une petite cinquantaine de r\u00eaves de r\u00e9sidents. J\u2019ai contact\u00e9 Thibault Noailly, g\u00e9rant du circuit&#8230;<\/p>\n","protected":false},"excerpt":{"rendered":"Yolande Cordioli, ce qu\u2019elle aime, c\u2019est la vitesse. \u00c0 presque 90 ans, elle vit depuis quatre ans \u00e0&hellip;\n","protected":false},"author":2,"featured_media":194104,"comment_status":"","ping_status":"","sticky":false,"template":"","format":"standard","meta":{"footnotes":""},"categories":[9653],"tags":[1111,11,17136,2430,7539,1777,674,107,1011,27,1943,1757,3367,12,25,4001,7538,4604,273,10806,104],"class_list":{"0":"post-194103","1":"post","2":"type-post","3":"status-publish","4":"format-standard","5":"has-post-thumbnail","7":"category-saint-etienne","8":"tag-actu","9":"tag-actualites","10":"tag-andrezieux-boutheon","11":"tag-auvergne-rhone-alpes","12":"tag-edition-loire-sud","13":"tag-eu","14":"tag-europe","15":"tag-fil-info","16":"tag-fr","17":"tag-france","18":"tag-handicap","19":"tag-insolite","20":"tag-loire","21":"tag-news","22":"tag-republique-francaise","23":"tag-saint-etienne","24":"tag-saint-etienne-ville","25":"tag-selection-abonne","26":"tag-selection-de-la-redaction","27":"tag-selection-de-la-redaction-42","28":"tag-societe"},"share_on_mastodon":{"url":"https:\/\/pubeurope.com\/@fr\/114722856166931691","error":""},"_links":{"self":[{"href":"https:\/\/www.europesays.com\/fr\/wp-json\/wp\/v2\/posts\/194103","targetHints":{"allow":["GET"]}}],"collection":[{"href":"https:\/\/www.europesays.com\/fr\/wp-json\/wp\/v2\/posts"}],"about":[{"href":"https:\/\/www.europesays.com\/fr\/wp-json\/wp\/v2\/types\/post"}],"author":[{"embeddable":true,"href":"https:\/\/www.europesays.com\/fr\/wp-json\/wp\/v2\/users\/2"}],"replies":[{"embeddable":true,"href":"https:\/\/www.europesays.com\/fr\/wp-json\/wp\/v2\/comments?post=194103"}],"version-history":[{"count":0,"href":"https:\/\/www.europesays.com\/fr\/wp-json\/wp\/v2\/posts\/194103\/revisions"}],"wp:featuredmedia":[{"embeddable":true,"href":"https:\/\/www.europesays.com\/fr\/wp-json\/wp\/v2\/media\/194104"}],"wp:attachment":[{"href":"https:\/\/www.europesays.com\/fr\/wp-json\/wp\/v2\/media?parent=194103"}],"wp:term":[{"taxonomy":"category","embeddable":true,"href":"https:\/\/www.europesays.com\/fr\/wp-json\/wp\/v2\/categories?post=194103"},{"taxonomy":"post_tag","embeddable":true,"href":"https:\/\/www.europesays.com\/fr\/wp-json\/wp\/v2\/tags?post=194103"}],"curies":[{"name":"wp","href":"https:\/\/api.w.org\/{rel}","templated":true}]}}