{"id":194105,"date":"2025-06-21T18:50:19","date_gmt":"2025-06-21T18:50:19","guid":{"rendered":"https:\/\/www.europesays.com\/fr\/194105\/"},"modified":"2025-06-21T18:50:19","modified_gmt":"2025-06-21T18:50:19","slug":"meurthe-et-moselle-changer-dere-a-nancy","status":"publish","type":"post","link":"https:\/\/www.europesays.com\/fr\/194105\/","title":{"rendered":"Meurthe-et-Moselle. Changer d\u2019\u00e8re \u00e0 Nancy"},"content":{"rendered":"<p>Un long cort\u00e8ge. Une lente procession. Un joyeux d\u00e9fil\u00e9. 35\u00b0C \u00e0 l\u2019ombre, ce vendredi soir d\u2019ouverture, au parc de la Cure d\u2019Air \u00e0 Nancy. Des familles avec leurs enfants, des couples et des \u00e9tudiants\u00a0: une foule sentimentale, joyeuse et impatiente, qui converge d\u2019un pas d\u00e9cid\u00e9 vers la guinguette offrant sans doute LE spot de la ville. \u00ab\u00a0C\u2019est notre soir\u00e9e de lancement\u00a0\u00bb, sourit J\u00e9r\u00f4me Vacchaidre, le responsable du site, entre le bar et l\u2019orchestre. \u00ab\u00a0Tout le monde est content de se retrouver. On a la chance d\u2019\u00eatre&#8230;<\/p>\n","protected":false},"excerpt":{"rendered":"Un long cort\u00e8ge. Une lente procession. Un joyeux d\u00e9fil\u00e9. 35\u00b0C \u00e0 l\u2019ombre, ce vendredi soir d\u2019ouverture, au parc&hellip;\n","protected":false},"author":2,"featured_media":194106,"comment_status":"","ping_status":"","sticky":false,"template":"","format":"standard","meta":{"footnotes":""},"categories":[9635],"tags":[1111,11,4406,1687,33,1777,674,1011,27,775,1702,12,25,104,3140,1631],"class_list":{"0":"post-194105","1":"post","2":"type-post","3":"status-publish","4":"format-standard","5":"has-post-thumbnail","7":"category-nancy","8":"tag-actu","9":"tag-actualites","10":"tag-commerce-et-services","11":"tag-culture-loisirs","12":"tag-economie","13":"tag-eu","14":"tag-europe","15":"tag-fr","16":"tag-france","17":"tag-grand-est","18":"tag-nancy","19":"tag-news","20":"tag-republique-francaise","21":"tag-societe","22":"tag-spectacle","23":"tag-vie-associative"},"share_on_mastodon":{"url":"https:\/\/pubeurope.com\/@fr\/114722860107669665","error":""},"_links":{"self":[{"href":"https:\/\/www.europesays.com\/fr\/wp-json\/wp\/v2\/posts\/194105","targetHints":{"allow":["GET"]}}],"collection":[{"href":"https:\/\/www.europesays.com\/fr\/wp-json\/wp\/v2\/posts"}],"about":[{"href":"https:\/\/www.europesays.com\/fr\/wp-json\/wp\/v2\/types\/post"}],"author":[{"embeddable":true,"href":"https:\/\/www.europesays.com\/fr\/wp-json\/wp\/v2\/users\/2"}],"replies":[{"embeddable":true,"href":"https:\/\/www.europesays.com\/fr\/wp-json\/wp\/v2\/comments?post=194105"}],"version-history":[{"count":0,"href":"https:\/\/www.europesays.com\/fr\/wp-json\/wp\/v2\/posts\/194105\/revisions"}],"wp:featuredmedia":[{"embeddable":true,"href":"https:\/\/www.europesays.com\/fr\/wp-json\/wp\/v2\/media\/194106"}],"wp:attachment":[{"href":"https:\/\/www.europesays.com\/fr\/wp-json\/wp\/v2\/media?parent=194105"}],"wp:term":[{"taxonomy":"category","embeddable":true,"href":"https:\/\/www.europesays.com\/fr\/wp-json\/wp\/v2\/categories?post=194105"},{"taxonomy":"post_tag","embeddable":true,"href":"https:\/\/www.europesays.com\/fr\/wp-json\/wp\/v2\/tags?post=194105"}],"curies":[{"name":"wp","href":"https:\/\/api.w.org\/{rel}","templated":true}]}}