{"id":194125,"date":"2025-06-21T19:06:10","date_gmt":"2025-06-21T19:06:10","guid":{"rendered":"https:\/\/www.europesays.com\/fr\/194125\/"},"modified":"2025-06-21T19:06:10","modified_gmt":"2025-06-21T19:06:10","slug":"meteo-a-nice-orages-violents-et-temperatures-tres-elevees-les-previsions","status":"publish","type":"post","link":"https:\/\/www.europesays.com\/fr\/194125\/","title":{"rendered":"M\u00e9t\u00e9o \u00e0 Nice. Orages violents et temp\u00e9ratures tr\u00e8s \u00e9lev\u00e9es, les pr\u00e9visions"},"content":{"rendered":"<p>            Par<br \/>\n        <strong><br \/>\n            <a href=\"https:\/\/actu.fr\/auteur\/ugo-maillard\" title=\"Consulter tous les articles de Ugo Maillard\" rel=\"nofollow noopener\" target=\"_blank\">Ugo Maillard<\/a><br \/>\n        <\/strong><\/p>\n<p>        Publi\u00e9 le<\/p>\n<p>            20 juin 2025 \u00e0 10h25        <\/p>\n<p>Un premier week-end estival agit\u00e9. Alors que la France est en proie \u00e0 des chaleurs anormales pour la saison, les <a href=\"https:\/\/actu.fr\/provence-alpes-cote-d-azur\/alpes-maritimes_06\" rel=\"nofollow noopener\" target=\"_blank\">Alpes-Maritimes<\/a> semblent \u00e9pargn\u00e9s par cette premi\u00e8re canicule de l\u2019ann\u00e9e.<\/p>\n<p class=\" wall-content\">En revanche, <a href=\"https:\/\/actu.fr\/tag\/meteo-france\" rel=\"nofollow noopener\" target=\"_blank\">M\u00e9t\u00e9o France<\/a> a plac\u00e9 le d\u00e9partement en <strong>vigilance jaune pour un risque<\/strong> <strong>d\u2019orages<\/strong>, les journ\u00e9es du vendredi\u00a020 et du samedi 21\u00a0juin.<\/p>\n<p class=\" wall-content\">Voici les pr\u00e9visions \u00e0 <a href=\"https:\/\/actu.fr\/nice\/\" rel=\"nofollow noopener\" target=\"_blank\">Nice<\/a> et dans le d\u00e9partement pour les prochaines heures.<\/p>\n<p>Le d\u00e9partement en vigilance jaune<\/p>\n<p class=\" wall-content\">Le d\u00e9partement des Alpes-Maritimes sera coup\u00e9 deux ce vendredi 20\u00a0juin 2025. Selon les pr\u00e9visions du service officiel de la m\u00e9t\u00e9orologie et de la climatologie en France, des orages vont frapper le nord du d\u00e9partement.<\/p>\n<p class=\" wall-content\">La <strong>foudre sera accompagn\u00e9e d\u2019averses<\/strong> dans l\u2019arri\u00e8re-pays ni\u00e7ois et sur les reliefs.<\/p>\n<p>Vid\u00e9os : en ce moment sur Actu<\/p>\n<p class=\" wall-content\">Le littoral sera \u00e9pargn\u00e9 et devrait b\u00e9n\u00e9ficier de conditions m\u00e9t\u00e9orologiques tr\u00e8s agr\u00e9ables avec un bel ensoleillement.<\/p>\n<p>Jusqu\u2019\u00e0 30\u00a0\u00b0C attendus<\/p>\n<p class=\" wall-content\">Contrairement aux <a href=\"https:\/\/actu.fr\/meteo\/fortes-chaleurs-16-departements-en-vigilance-orange-canicule-ce-vendredi-une-trentaine-en-jaune_62796945.html\" rel=\"nofollow noopener\" target=\"_blank\">16 d\u00e9partements<\/a> de l\u2019ouest et d\u2019Auvergne-Rh\u00f4ne-Alpes plac\u00e9s en <strong>vigilance orange canicule<\/strong>, les Alpes-Maritimes ne sont pas concern\u00e9s par les tr\u00e8s fortes chaleurs.<\/p>\n<p class=\" wall-content\">Malgr\u00e9 tout, le mercure devrait grimper ce week-end du samedi\u00a021 et dimanche 22\u00a0juin 2025.<\/p>\n<p class=\" wall-content\">Les plus fortes chaleurs devraient \u00eatre relev\u00e9es samedi, puisque la barre des 30\u00a0\u00b0C sera d\u00e9pass\u00e9e \u00e0 Nice, Antibes ou encore Grasse.<\/p>\n<p class=\" wall-content\">Suivez toute l\u2019actualit\u00e9 de vos villes et m\u00e9dias favoris en vous inscrivant \u00e0 <a href=\"https:\/\/moncompte.actu.fr\" title=\"D\u00e9couvez Mon Actu\" rel=\"nofollow noopener\" data-trk=\"{&quot;cta&quot;:{&quot;action&quot;:&quot;https:\\\/\\\/moncompte.actu.fr&quot;,&quot;category&quot;:&quot;mon compte&quot;,&quot;from&quot;:&quot;article footer&quot;,&quot;name&quot;:&quot;Mon actu&quot;,&quot;type&quot;:&quot;cta&quot;}}\" target=\"_blank\">Mon Actu<\/a>.<\/p>\n","protected":false},"excerpt":{"rendered":"Par Ugo Maillard Publi\u00e9 le 20 juin 2025 \u00e0 10h25 Un premier week-end estival agit\u00e9. Alors que la&hellip;\n","protected":false},"author":2,"featured_media":194126,"comment_status":"","ping_status":"","sticky":false,"template":"","format":"standard","meta":{"footnotes":""},"categories":[2819],"tags":[1111,11,6698,1777,674,1011,27,2487,2357,12,2401,4594,882,25],"class_list":{"0":"post-194125","1":"post","2":"type-post","3":"status-publish","4":"format-standard","5":"has-post-thumbnail","7":"category-nice","8":"tag-actu","9":"tag-actualites","10":"tag-canicule","11":"tag-eu","12":"tag-europe","13":"tag-fr","14":"tag-france","15":"tag-meteo","16":"tag-meteo-france","17":"tag-news","18":"tag-nice","19":"tag-orages","20":"tag-provence-alpes-cote-dazur","21":"tag-republique-francaise"},"share_on_mastodon":{"url":"https:\/\/pubeurope.com\/@fr\/114722923697615351","error":""},"_links":{"self":[{"href":"https:\/\/www.europesays.com\/fr\/wp-json\/wp\/v2\/posts\/194125","targetHints":{"allow":["GET"]}}],"collection":[{"href":"https:\/\/www.europesays.com\/fr\/wp-json\/wp\/v2\/posts"}],"about":[{"href":"https:\/\/www.europesays.com\/fr\/wp-json\/wp\/v2\/types\/post"}],"author":[{"embeddable":true,"href":"https:\/\/www.europesays.com\/fr\/wp-json\/wp\/v2\/users\/2"}],"replies":[{"embeddable":true,"href":"https:\/\/www.europesays.com\/fr\/wp-json\/wp\/v2\/comments?post=194125"}],"version-history":[{"count":0,"href":"https:\/\/www.europesays.com\/fr\/wp-json\/wp\/v2\/posts\/194125\/revisions"}],"wp:featuredmedia":[{"embeddable":true,"href":"https:\/\/www.europesays.com\/fr\/wp-json\/wp\/v2\/media\/194126"}],"wp:attachment":[{"href":"https:\/\/www.europesays.com\/fr\/wp-json\/wp\/v2\/media?parent=194125"}],"wp:term":[{"taxonomy":"category","embeddable":true,"href":"https:\/\/www.europesays.com\/fr\/wp-json\/wp\/v2\/categories?post=194125"},{"taxonomy":"post_tag","embeddable":true,"href":"https:\/\/www.europesays.com\/fr\/wp-json\/wp\/v2\/tags?post=194125"}],"curies":[{"name":"wp","href":"https:\/\/api.w.org\/{rel}","templated":true}]}}