{"id":194129,"date":"2025-06-21T19:08:22","date_gmt":"2025-06-21T19:08:22","guid":{"rendered":"https:\/\/www.europesays.com\/fr\/194129\/"},"modified":"2025-06-21T19:08:22","modified_gmt":"2025-06-21T19:08:22","slug":"des-actions-en-faveur-de-la-place-de-lanimal-en-ville-a-nantes","status":"publish","type":"post","link":"https:\/\/www.europesays.com\/fr\/194129\/","title":{"rendered":"Des actions en faveur de la place de l\u2019animal en ville, \u00e0 Nantes"},"content":{"rendered":"<p>Encourager une <strong>\u00ab\u00a0cohabitation harmonieuse entre humains et animaux sur le territoire\u00a0\u00bb<\/strong> de Nantes, d\u00e9clare S\u00e9verine Figuls, conseill\u00e8re municipale charg\u00e9e de <a href=\"https:\/\/nantes.maville.com\/actu\/actudet_-avec-ses-animaux-la-ville-de-nantes-se-donne-de-faux-airs-de-campagne-_8-5348420_actu.Htm\" target=\"_blank\" rel=\"noopener\">l\u2019animal dans la ville<\/a> et du parcours de la biodiversit\u00e9. C\u2019est un engagement de la Ville, qui s\u2019est mat\u00e9rialis\u00e9, vendredi 20\u00a0juin, lors du conseil municipal, par l\u2019adoption d\u2019un guide et d\u2019un plan d\u2019action \u00ab\u00a0Animal en ville\u00a0\u00bb, recensant \u00e0 ce jour vingt actions d\u00e9j\u00e0 r\u00e9alis\u00e9es ou en cours de r\u00e9alisation.<\/p>\n<p>Ces actions, en faveur de la condition animale, sont regroup\u00e9es en quatre grands axes. Des actions en faveur des animaux de compagnie afin de mieux les int\u00e9grer dans l\u2019espace urbain\u00a0; une proposition de gestion respectueuse des animaux liminaires, c\u2019est-\u00e0-dire ni sauvages ni domestiques, vivant en libert\u00e9\u00a0; des mesures pour soutenir la biodiversit\u00e9 et la faune\u00a0; des actions dans la pratique interne de la Ville, \u00e0 savoir faire \u00e9voluer la commande publique en faveur de la condition animale, int\u00e9grer des animaux dans l\u2019am\u00e9nagement du territoire, former les agents. Des actions qui seront enrichies au fil des ann\u00e9es, gr\u00e2ce \u00e0 des ateliers de travail.<\/p>\n<p>Rats<\/p>\n<p>De la place de l\u2019animal en ville, on en est venu \u00e0 parler de la <strong>\u00ab\u00a0prolif\u00e9ration des rats\u00a0\u00bb,<\/strong> dixit la conseill\u00e8re municipale d\u2019opposition Val\u00e9rie Oppelt (Renaissance). <strong>\u00ab\u00a0Il n\u2019y a pas plus de rats qu\u2019avant, pas plus que dans d\u2019autres grandes villes\u00a0\u00bb,<\/strong> a r\u00e9agi Mahel Coppey, \u00e9lue d\u00e9l\u00e9gu\u00e9e aux d\u00e9chets. En 2024, principalement \u00e0 Nantes, il y a eu 456\u00a0actions de d\u00e9ratisation, contre 560 en 2020, une tendance \u00e0 la stabilisation, selon elle. S\u00e9verine Figuls s\u2019est fendue de ce petit rappel\u00a0: <strong>\u00ab\u00a0Les rats ont un r\u00f4le \u00e0 jouer dans la biodiversit\u00e9.\u00a0\u00bb<\/strong><\/p>\n<p>\u00a0<\/p>\n","protected":false},"excerpt":{"rendered":"Encourager une \u00ab\u00a0cohabitation harmonieuse entre humains et animaux sur le territoire\u00a0\u00bb de Nantes, d\u00e9clare S\u00e9verine Figuls, conseill\u00e8re municipale&hellip;\n","protected":false},"author":2,"featured_media":194130,"comment_status":"","ping_status":"","sticky":false,"template":"","format":"standard","meta":{"footnotes":""},"categories":[2818],"tags":[15033,1111,11,18732,1777,674,17586,1011,27,766,12,2636,5536,25,6689,4824,9693],"class_list":{"0":"post-194129","1":"post","2":"type-post","3":"status-publish","4":"format-standard","5":"has-post-thumbnail","7":"category-nantes","8":"tag-actions","9":"tag-actu","10":"tag-actualites","11":"tag-animal","12":"tag-eu","13":"tag-europe","14":"tag-faveur","15":"tag-fr","16":"tag-france","17":"tag-nantes","18":"tag-news","19":"tag-pays-de-la-loire","20":"tag-place","21":"tag-republique-francaise","22":"tag-roche","23":"tag-ville","24":"tag-yon"},"share_on_mastodon":{"url":"https:\/\/pubeurope.com\/@fr\/114722930930288422","error":""},"_links":{"self":[{"href":"https:\/\/www.europesays.com\/fr\/wp-json\/wp\/v2\/posts\/194129","targetHints":{"allow":["GET"]}}],"collection":[{"href":"https:\/\/www.europesays.com\/fr\/wp-json\/wp\/v2\/posts"}],"about":[{"href":"https:\/\/www.europesays.com\/fr\/wp-json\/wp\/v2\/types\/post"}],"author":[{"embeddable":true,"href":"https:\/\/www.europesays.com\/fr\/wp-json\/wp\/v2\/users\/2"}],"replies":[{"embeddable":true,"href":"https:\/\/www.europesays.com\/fr\/wp-json\/wp\/v2\/comments?post=194129"}],"version-history":[{"count":0,"href":"https:\/\/www.europesays.com\/fr\/wp-json\/wp\/v2\/posts\/194129\/revisions"}],"wp:featuredmedia":[{"embeddable":true,"href":"https:\/\/www.europesays.com\/fr\/wp-json\/wp\/v2\/media\/194130"}],"wp:attachment":[{"href":"https:\/\/www.europesays.com\/fr\/wp-json\/wp\/v2\/media?parent=194129"}],"wp:term":[{"taxonomy":"category","embeddable":true,"href":"https:\/\/www.europesays.com\/fr\/wp-json\/wp\/v2\/categories?post=194129"},{"taxonomy":"post_tag","embeddable":true,"href":"https:\/\/www.europesays.com\/fr\/wp-json\/wp\/v2\/tags?post=194129"}],"curies":[{"name":"wp","href":"https:\/\/api.w.org\/{rel}","templated":true}]}}