{"id":194131,"date":"2025-06-21T19:09:11","date_gmt":"2025-06-21T19:09:11","guid":{"rendered":"https:\/\/www.europesays.com\/fr\/194131\/"},"modified":"2025-06-21T19:09:11","modified_gmt":"2025-06-21T19:09:11","slug":"manif-pour-gaza-a-nantes-tout-le-monde-devrait-etre-revolte","status":"publish","type":"post","link":"https:\/\/www.europesays.com\/fr\/194131\/","title":{"rendered":"Manif pour Gaza \u00e0 Nantes\u00a0: \u00ab\u00a0Tout le monde devrait \u00eatre r\u00e9volt\u00e9\u00a0\u00bb"},"content":{"rendered":"<p>Une centaine de personnes ont quitt\u00e9 la place Mangin vers 15\u00a0h ce samedi, en direction de l\u2019hypercentre de Nantes, o\u00f9 un rendez-vous est fix\u00e9 \u00e0 17\u00a0h place de l\u2019\u00c9cluse (cours des 50-Otages). Il s\u2019agit de l\u2019\u00e9tape nantaise des marches citoyennes organis\u00e9es vers Bruxelles, soutenues localement par plusieurs associations, syndicats et partis politiques,<strong> \u00ab\u00a0pour demander \u00e0 l\u2019Europe d\u2019agir <a href=\"https:\/\/www.ouest-france.fr\/monde\/gaza\/\" target=\"_self\" rel=\"nofollow noopener\">contre le g\u00e9nocide \u00e0 Gaza\u00a0\u00bb<\/a>.<\/strong><\/p>\n<p>Daniel, habitant de Bouguenais, au sud de Nantes, tenait \u00e0 participer\u00a0: <strong>\u00ab\u00a0\u00e0 Gaza, on est en train de massacrer un peuple. Ce sont la population civile, les enfants, qui souffrent. Et la France est complice\u00a0! Continuer \u00e0 laisser faire est intol\u00e9rable. Et \u00e7a devrait r\u00e9volter tout le monde.\u00a0\u00bb <\/strong>Le retrait\u00e9 pointe l\u2019id\u00e9e du pr\u00e9sident am\u00e9ricain Donald Trump de faire de ce territoire palestinien une \u00ab\u00a0Riviera\u00a0\u00bb\u00a0: <strong>\u00ab\u00a0Construire des appartements de luxe sur un immense cimeti\u00e8re\u00a0! Comment peut-on en arriver \u00e0 une telle absurdit\u00e9\u00a0?\u00a0\u00bb<\/strong><\/p>\n<p>\u00ab\u00a0Folie meurtri\u00e8re\u00a0\u00bb<\/p>\n<p>B\u00e9atrice et Isabelle, elles, ont tenu \u00e0 \u00eatre dans le cort\u00e8ge <strong>\u00ab\u00a0par lassitude\u00a0\u00bb\u00a0: \u00ab\u00a0Face \u00e0 toutes les catastrophes qui s\u2019y produisent au quotidien, ce n\u2019est plus possible que rien ne bouge ni \u00e0 Gaza, ni dans les territoires occup\u00e9s. On attend des sanctions contre Isra\u00ebl pour que s\u2019arr\u00eate cette folie meurtri\u00e8re.\u00a0\u00bb<\/strong><\/p>\n<p>\u00a0<\/p>\n","protected":false},"excerpt":{"rendered":"Une centaine de personnes ont quitt\u00e9 la place Mangin vers 15\u00a0h ce samedi, en direction de l\u2019hypercentre de&hellip;\n","protected":false},"author":2,"featured_media":194132,"comment_status":"","ping_status":"","sticky":false,"template":"","format":"standard","meta":{"footnotes":""},"categories":[2818],"tags":[1111,11,1777,674,1011,27,665,21273,74,766,12,2636,25,33299],"class_list":{"0":"post-194131","1":"post","2":"type-post","3":"status-publish","4":"format-standard","5":"has-post-thumbnail","7":"category-nantes","8":"tag-actu","9":"tag-actualites","10":"tag-eu","11":"tag-europe","12":"tag-fr","13":"tag-france","14":"tag-gaza","15":"tag-manif","16":"tag-monde","17":"tag-nantes","18":"tag-news","19":"tag-pays-de-la-loire","20":"tag-republique-francaise","21":"tag-revolte"},"share_on_mastodon":{"url":"https:\/\/pubeurope.com\/@fr\/114722934824368714","error":""},"_links":{"self":[{"href":"https:\/\/www.europesays.com\/fr\/wp-json\/wp\/v2\/posts\/194131","targetHints":{"allow":["GET"]}}],"collection":[{"href":"https:\/\/www.europesays.com\/fr\/wp-json\/wp\/v2\/posts"}],"about":[{"href":"https:\/\/www.europesays.com\/fr\/wp-json\/wp\/v2\/types\/post"}],"author":[{"embeddable":true,"href":"https:\/\/www.europesays.com\/fr\/wp-json\/wp\/v2\/users\/2"}],"replies":[{"embeddable":true,"href":"https:\/\/www.europesays.com\/fr\/wp-json\/wp\/v2\/comments?post=194131"}],"version-history":[{"count":0,"href":"https:\/\/www.europesays.com\/fr\/wp-json\/wp\/v2\/posts\/194131\/revisions"}],"wp:featuredmedia":[{"embeddable":true,"href":"https:\/\/www.europesays.com\/fr\/wp-json\/wp\/v2\/media\/194132"}],"wp:attachment":[{"href":"https:\/\/www.europesays.com\/fr\/wp-json\/wp\/v2\/media?parent=194131"}],"wp:term":[{"taxonomy":"category","embeddable":true,"href":"https:\/\/www.europesays.com\/fr\/wp-json\/wp\/v2\/categories?post=194131"},{"taxonomy":"post_tag","embeddable":true,"href":"https:\/\/www.europesays.com\/fr\/wp-json\/wp\/v2\/tags?post=194131"}],"curies":[{"name":"wp","href":"https:\/\/api.w.org\/{rel}","templated":true}]}}