{"id":194138,"date":"2025-06-21T19:13:10","date_gmt":"2025-06-21T19:13:10","guid":{"rendered":"https:\/\/www.europesays.com\/fr\/194138\/"},"modified":"2025-06-21T19:13:10","modified_gmt":"2025-06-21T19:13:10","slug":"innovation-cette-entreprise-aeronautique-de-toulouse-a-presente-un-projet-atypique-au-salon-du-bourget","status":"publish","type":"post","link":"https:\/\/www.europesays.com\/fr\/194138\/","title":{"rendered":"Innovation. Cette entreprise a\u00e9ronautique de Toulouse a pr\u00e9sent\u00e9 un projet atypique au salon du Bourget"},"content":{"rendered":"<p>            Par<br \/>\n        <strong><br \/>\n            <a href=\"https:\/\/actu.fr\/auteur\/ancelin-emeryhenriot\" title=\"Consulter tous les articles de Ancelin Emery-Henriot\" target=\"_blank\" rel=\"noopener\">Ancelin Emery-Henriot<\/a><br \/>\n        <\/strong><\/p>\n<p>        Publi\u00e9 le<\/p>\n<p>            21 juin 2025 \u00e0 18h26        <\/p>\n<p>S\u2019il y a bien une semaine \u00e0 ne pas manquer du c\u00f4t\u00e9 de <strong>l\u2019a\u00e9ronautique<\/strong>, c\u2019est bien le <strong>salon du Bourget<\/strong>. L\u2019\u00e9v\u00e9nement annuel a d\u00e9but\u00e9 ce lundi 16\u00a0juin 2025. Et pour <a href=\"https:\/\/actu.fr\/toulouse\/\" target=\"_blank\" rel=\"noopener\">Toulouse<\/a>, capitale Europ\u00e9enne de l\u2019A\u00e9ronautique, c\u2019est toujours un grand rendez-vous. <a href=\"https:\/\/actu.fr\/occitanie\/toulouse_31555\/salon-du-bourget-2025-voici-toutes-les-innovations-presentees-par-les-entreprises-de-toulouse_62761923.html\" target=\"_blank\" rel=\"noopener\">15 entreprises<\/a> ont fait le d\u00e9placement lors de cette \u00e9dition. L\u2019une d\u2019entre elles propose un concept assez fou\u2009: transformer des avions de lignes en <strong>bombardier d\u2019eau<\/strong>.<\/p>\n<p>De l\u2019avion de ligne au bombardier d\u2019eau<\/p>\n<p class=\" wall-content\">C\u2019est en effet le projet de <strong>Aerotec &amp; Concept<\/strong>, soci\u00e9t\u00e9 bas\u00e9e \u00e0 Blagnac. Cette derni\u00e8re parle d\u2019une \u201cann\u00e9e \u00e9coul\u00e9e [qui] a marqu\u00e9 un tournant d\u00e9cisif pour notre entreprise avec l\u2019int\u00e9gration de <strong>deux nouveaux programmes<\/strong> majeurs\u201d<\/p>\n<p class=\" wall-content\">Le premier concerne la transformation d\u2019un <strong>ATR72<\/strong> en bombardier \u00e0 attaque direct sur les feux naissants. Ce type d\u2019avions a pour but de mener des interventions r\u00e9actives et cibl\u00e9es. Aerotec &amp; Concept a donn\u00e9 plus d\u2019informations sur l\u2019\u00e9tat du projet. La phase de conception initiale serait d\u00e9sormais<strong> termin\u00e9e<\/strong>. Si les 3 \u00e0 suivre se d\u00e9roulent comme il faut, l\u2019avion sera livr\u00e9 \u00e0 l\u2019entreprise<strong> Kepplair<\/strong> d\u2019ici mi-2027.<\/p>\n<p>Deux projets atypiques<\/p>\n<p class=\" wall-content\">Un <strong>deuxi\u00e8me projet<\/strong>, dont l\u2019avanc\u00e9e est moins d\u00e9taill\u00e9e pour le moment, a vu le jour en novembre\u00a02024. Il vise \u00e0 transformer <strong>un A319<\/strong>, un avion moyen-courrier, en appareil lourd pour les attaques indirectes. L\u2019entreprise Blagnacaise parle d\u2019un \u201cd\u00e9fi technique et industriel <strong>ambitieux<\/strong> en raison des adaptations significatives pour assurer la performance et la fiabilit\u00e9 de l\u2019appareil\u201d. Il est \u00e9galement pr\u00e9vu pour 2027 au profit de <strong>Neptune Aviation<\/strong>.<\/p>\n<p class=\" wall-content\">Ce type de modification fait partie des sp\u00e9cialit\u00e9s de Aerotec &amp; Concept. Fond\u00e9e en <strong>1989<\/strong>, l\u2019entreprise a rejoint quelques ann\u00e9es plus tard la Ville rose. Elle a depuis int\u00e9gr\u00e9 la galaxie Expleo. C\u00f4t\u00e9 palmar\u00e8s, elle a collabor\u00e9 avec \u201c<strong>les plus grands<\/strong> \u00e9quipementiers mondiaux\u201d, tels que Rockwell Collins, Honeywell, Garmin ou Universal Avionics.<\/p>\n<p class=\" wall-content\">Suivez toute l\u2019actualit\u00e9 de vos villes et m\u00e9dias favoris en vous inscrivant \u00e0 <a href=\"https:\/\/moncompte.actu.fr\" title=\"D\u00e9couvez Mon Actu\" rel=\"nofollow noopener\" data-trk=\"{&quot;cta&quot;:{&quot;action&quot;:&quot;https:\\\/\\\/moncompte.actu.fr&quot;,&quot;category&quot;:&quot;mon compte&quot;,&quot;from&quot;:&quot;article footer&quot;,&quot;name&quot;:&quot;Mon actu&quot;,&quot;type&quot;:&quot;cta&quot;}}\" target=\"_blank\">Mon Actu<\/a>.<\/p>\n","protected":false},"excerpt":{"rendered":"Par Ancelin Emery-Henriot Publi\u00e9 le 21 juin 2025 \u00e0 18h26 S\u2019il y a bien une semaine \u00e0 ne&hellip;\n","protected":false},"author":2,"featured_media":194139,"comment_status":"","ping_status":"","sticky":false,"template":"","format":"standard","meta":{"footnotes":""},"categories":[2816],"tags":[1111,11,296,1777,674,27571,1011,27,5701,12,2680,25,2631,2312],"class_list":{"0":"post-194138","1":"post","2":"type-post","3":"status-publish","4":"format-standard","5":"has-post-thumbnail","7":"category-toulouse","8":"tag-actu","9":"tag-actualites","10":"tag-aeronautique","11":"tag-eu","12":"tag-europe","13":"tag-feux-de-foret","14":"tag-fr","15":"tag-france","16":"tag-innovation","17":"tag-news","18":"tag-occitanie","19":"tag-republique-francaise","20":"tag-sciences-technologie","21":"tag-toulouse"},"share_on_mastodon":{"url":"https:\/\/pubeurope.com\/@fr\/114722950525863067","error":""},"_links":{"self":[{"href":"https:\/\/www.europesays.com\/fr\/wp-json\/wp\/v2\/posts\/194138","targetHints":{"allow":["GET"]}}],"collection":[{"href":"https:\/\/www.europesays.com\/fr\/wp-json\/wp\/v2\/posts"}],"about":[{"href":"https:\/\/www.europesays.com\/fr\/wp-json\/wp\/v2\/types\/post"}],"author":[{"embeddable":true,"href":"https:\/\/www.europesays.com\/fr\/wp-json\/wp\/v2\/users\/2"}],"replies":[{"embeddable":true,"href":"https:\/\/www.europesays.com\/fr\/wp-json\/wp\/v2\/comments?post=194138"}],"version-history":[{"count":0,"href":"https:\/\/www.europesays.com\/fr\/wp-json\/wp\/v2\/posts\/194138\/revisions"}],"wp:featuredmedia":[{"embeddable":true,"href":"https:\/\/www.europesays.com\/fr\/wp-json\/wp\/v2\/media\/194139"}],"wp:attachment":[{"href":"https:\/\/www.europesays.com\/fr\/wp-json\/wp\/v2\/media?parent=194138"}],"wp:term":[{"taxonomy":"category","embeddable":true,"href":"https:\/\/www.europesays.com\/fr\/wp-json\/wp\/v2\/categories?post=194138"},{"taxonomy":"post_tag","embeddable":true,"href":"https:\/\/www.europesays.com\/fr\/wp-json\/wp\/v2\/tags?post=194138"}],"curies":[{"name":"wp","href":"https:\/\/api.w.org\/{rel}","templated":true}]}}