{"id":194142,"date":"2025-06-21T19:21:10","date_gmt":"2025-06-21T19:21:10","guid":{"rendered":"https:\/\/www.europesays.com\/fr\/194142\/"},"modified":"2025-06-21T19:21:10","modified_gmt":"2025-06-21T19:21:10","slug":"des-chercheurs-racontent-leur-exil-du-proche-orient-a-la-provence-2","status":"publish","type":"post","link":"https:\/\/www.europesays.com\/fr\/194142\/","title":{"rendered":"des chercheurs racontent leur exil du Proche-Orient \u00e0 la Provence"},"content":{"rendered":"<p>Une fois sa th\u00e8se de doctorat en oncologie pass\u00e9e \u00e0 Aix, en juin\u00a02018, Mohammed Taha avait choisi de retourner sa <a href=\"https:\/\/www.laprovence.com\/article\/france-monde\/94597202216118\/des-centaines-de-personnes-dont-le-depute-raphael-arnault-lfi-nfp-ont-defile-a-avignon-en-soutien-a-la-palestine\" target=\"_blank\" rel=\"noopener\">Gaza.<\/a> Pour y \u00eatre professeur \u00e0 l&rsquo;universit\u00e9 de Pharmacie, comme sa femme. \u00ab\u00a0Mais en octobre, \u00e0 la premi\u00e8re semaine de guerre, notre maison a \u00e9t\u00e9 d\u00e9truite, explique le scientifique. Survivre dans un camp, sous des tentes, ne pas pouvoir r\u00e9pondre \u00e0 nos trois enfants qui r\u00e9clamaient \u00e0 boire, ont \u00e9t\u00e9 les pires moments de ma vie. L&rsquo;espoir est venu de Marseille.\u00a0\u00bb Inutile de lui parler du Hamas et d&rsquo;Isra\u00ebl. Arriv\u00e9 il y a quelques mois en Provence, o\u00f9 il a \u00e9t\u00e9 accueilli par le Centre de recherche en <a href=\"https:\/\/www.laprovence.com\/article\/sante\/2067654025296214\/cancers-une-molecule-capable-de-detruire-les-cellules-resistantes-aux-traitements\" target=\"_blank\" rel=\"noopener\">canc\u00e9rologie<\/a> de Marseille, le Palestinien se dit simplement \u00ab\u00a0tr\u00e8s chanceux. Je travaille dans une \u00e9quipe pour trouver un traitement renfor\u00e7ant l&rsquo;immunit\u00e9 des enfants atteints de cancers. Notre vie est pass\u00e9e de la douleur \u00e0 la s\u00e9r\u00e9nit\u00e9. Nos enfants sont bien int\u00e9gr\u00e9s, c&rsquo;est le plus important.\u00a0\u00bb<\/p>\n<p>\u00ab\u00a0La guerre m&rsquo;a tout pris\u00a0\u00bb<\/p>\n<p>\u00c0 l&rsquo;\u00e9couter, comme on entend le t\u00e9moignage du professeur Badr Al Ali, un <a href=\"https:\/\/www.laprovence.com\/article\/france-monde\/2525554228309314\/en-syrie-des-deplaces-reviennent-camper-sur-les-ruines-de-leurs-maisons\" target=\"_blank\" rel=\"noopener\">Syrien<\/a> au parcours similaire, on se d\u00e9tache du tumulte de l&rsquo;information en continu et de l&rsquo;obsession des r\u00e9seaux sociaux. \u00ab\u00a0J&rsquo;ai obtenu mon dipl\u00f4me d&rsquo;oc\u00e9anologie en France en 2010, puis je suis retourn\u00e9 en Syrie, explique ce sp\u00e9cialiste des bact\u00e9ries bioluminescentes. La guerre m&rsquo;a tout pris. Je suis revenu avec mes enfants, non pas pour vivre de l&rsquo;\u00c9tat fran\u00e7ais, mais pour faire avancer la soci\u00e9t\u00e9 en participant aux recherches. Je suis tr\u00e8s attach\u00e9 aux valeurs de la France\u00a0\u00bb, insiste le scientifique qui b\u00e9n\u00e9ficie du programme \u00ab\u00a0Pause\u00a0\u00bb. Le mot est choisi. Et permet de r\u00e9fl\u00e9chir un peu. D&rsquo;\u00e9couter un autre Gazaoui arriv\u00e9 en avril, Abdulatif Abuashem, parler d&rsquo;une ville \u00ab\u00a0o\u00f9 les Grecs envoyaient leurs enfants \u00e9tudier la philosophie dans l&rsquo;Antiquit\u00e9, o\u00f9 la Chr\u00e9tient\u00e9 est toujours pr\u00e9sente, o\u00f9 les po\u00e8tes tentent de maintenir une culture mill\u00e9naire.\u00a0\u00bb Les fanatiques politiques et religieux sont venus, les sciences n&rsquo;ont plus que l&rsquo;exil. Et <a href=\"https:\/\/www.laprovence.com\/article\/societe\/2465238787225315\/le-president-d-aix-marseille-universite-et-hollande-pronent-la-creation-d-un-statut-de-refugie-scientifique\" target=\"_blank\" rel=\"noopener\">Marseille<\/a> au bout.<\/p>\n","protected":false},"excerpt":{"rendered":"Une fois sa th\u00e8se de doctorat en oncologie pass\u00e9e \u00e0 Aix, en juin\u00a02018, Mohammed Taha avait choisi de&hellip;\n","protected":false},"author":2,"featured_media":194143,"comment_status":"","ping_status":"","sticky":false,"template":"","format":"standard","meta":{"footnotes":""},"categories":[2814],"tags":[17,1111,11,7079,154,932,1777,674,1011,27,33258,884,12,882,31032,25,104,9867],"class_list":{"0":"post-194142","1":"post","2":"type-post","3":"status-publish","4":"format-standard","5":"has-post-thumbnail","7":"category-marseille","8":"tag-17","9":"tag-actu","10":"tag-actualites","11":"tag-chercheurs","12":"tag-des","13":"tag-est","14":"tag-eu","15":"tag-europe","16":"tag-fr","17":"tag-france","18":"tag-lespoir","19":"tag-marseille","20":"tag-news","21":"tag-provence-alpes-cote-dazur","22":"tag-racontent","23":"tag-republique-francaise","24":"tag-societe","25":"tag-venu"},"share_on_mastodon":{"url":"https:\/\/pubeurope.com\/@fr\/114722982041312615","error":""},"_links":{"self":[{"href":"https:\/\/www.europesays.com\/fr\/wp-json\/wp\/v2\/posts\/194142","targetHints":{"allow":["GET"]}}],"collection":[{"href":"https:\/\/www.europesays.com\/fr\/wp-json\/wp\/v2\/posts"}],"about":[{"href":"https:\/\/www.europesays.com\/fr\/wp-json\/wp\/v2\/types\/post"}],"author":[{"embeddable":true,"href":"https:\/\/www.europesays.com\/fr\/wp-json\/wp\/v2\/users\/2"}],"replies":[{"embeddable":true,"href":"https:\/\/www.europesays.com\/fr\/wp-json\/wp\/v2\/comments?post=194142"}],"version-history":[{"count":0,"href":"https:\/\/www.europesays.com\/fr\/wp-json\/wp\/v2\/posts\/194142\/revisions"}],"wp:featuredmedia":[{"embeddable":true,"href":"https:\/\/www.europesays.com\/fr\/wp-json\/wp\/v2\/media\/194143"}],"wp:attachment":[{"href":"https:\/\/www.europesays.com\/fr\/wp-json\/wp\/v2\/media?parent=194142"}],"wp:term":[{"taxonomy":"category","embeddable":true,"href":"https:\/\/www.europesays.com\/fr\/wp-json\/wp\/v2\/categories?post=194142"},{"taxonomy":"post_tag","embeddable":true,"href":"https:\/\/www.europesays.com\/fr\/wp-json\/wp\/v2\/tags?post=194142"}],"curies":[{"name":"wp","href":"https:\/\/api.w.org\/{rel}","templated":true}]}}