{"id":194144,"date":"2025-06-21T19:22:11","date_gmt":"2025-06-21T19:22:11","guid":{"rendered":"https:\/\/www.europesays.com\/fr\/194144\/"},"modified":"2025-06-21T19:22:11","modified_gmt":"2025-06-21T19:22:11","slug":"le-savon-de-marseille-une-affaire-de-famille-de-125-ans-a-salon-de-provence","status":"publish","type":"post","link":"https:\/\/www.europesays.com\/fr\/194144\/","title":{"rendered":"le savon de Marseille, une affaire de famille de 125 ans \u00e0 Salon-de-Provence"},"content":{"rendered":"<p>\u00ab\u00a0C&rsquo;est dans les vieux chaudrons que l&rsquo;on fait les meilleurs savons\u00a0\u00bb, soutenait Marius Fabre selon ses arri\u00e8re-petites-filles aujourd&rsquo;hui \u00e0 la t\u00eate de l&rsquo;entreprise. Il ne doutait probablement pas qu&rsquo;ils seraient encore en activit\u00e9 au c\u0153ur de Salon <a href=\"https:\/\/www.laprovence.com\/article\/edition-salon\/6186581\/pour-ses-120-ans-marius-fabre-soffre-un-beau-livre.html\" target=\"_blank\" rel=\"noopener\">125 ans apr\u00e8s<\/a>. Pourtant, dire que l&rsquo;affaire perdure serait un doux euph\u00e9misme&#8230; \u00c0 tel point d&rsquo;ailleurs que la savonnerie familiale est aujourd&rsquo;hui la plus vieille de France.\u00a0<\/p>\n<p>Ce samedi 21 juin 2025, elle ouvrait ses portes aux visiteurs qui sont venus nombreux pour f\u00eater cet anniversaire hors du commun. En fin de matin\u00e9e, la directrice, Julie Bousquet-Fabre, retra\u00e7ait <a href=\"https:\/\/www.laprovence.com\/article\/region\/116809604334514\/je-suis-emerveillee-a-chaque-fois-a-salon-de-provence-la-savonnerie-marius-fabre-ne-prend-pas-une-ride\" target=\"_blank\" rel=\"noopener\">l&rsquo;histoire de la soci\u00e9t\u00e9<\/a>, dans la salle de marquage, au rez-de-chauss\u00e9e de l&rsquo;usine.<\/p>\n<p>\u00ab\u00a0Chaque g\u00e9n\u00e9ration a apport\u00e9 sa pierre \u00e0 l&rsquo;\u00e9difice. Marius et Marie d&rsquo;abord, puis leurs fils Fernand et Henry, notre grand-p\u00e8re, pendant les temps difficiles de la guerre et des d\u00e9tergents de synth\u00e8se, \u00e9voquait-elle. Puis, nos parents Robert et Marie-H\u00e9l\u00e8ne qui ont permis \u00e0 l&rsquo;entreprise de poursuivre en redonnant au savon de Marseille <a href=\"https:\/\/www.laprovence.com\/article\/edition-marseille\/6073520\/le-savon-de-marseille-un-savoir-faire-ancestral.html\" target=\"_blank\" rel=\"noopener\">ses lettres de noblesse<\/a>. Nous sommes heureuses, mes s\u0153urs (Marie et Anna, Ndlr) et moi, de continuer \u00e0 mettre en lumi\u00e8re ce savoir-faire traditionnel, l&rsquo;\u00e2me de notre savonnerie \u00e0 taille humaine (environ 40 personnels, Ndlr), 100% ind\u00e9pendante, sans investisseur ext\u00e9rieur\u00a0\u00bb.<\/p>\n","protected":false},"excerpt":{"rendered":"\u00ab\u00a0C&rsquo;est dans les vieux chaudrons que l&rsquo;on fait les meilleurs savons\u00a0\u00bb, soutenait Marius Fabre selon ses arri\u00e8re-petites-filles aujourd&rsquo;hui&hellip;\n","protected":false},"author":2,"featured_media":194145,"comment_status":"","ping_status":"","sticky":false,"template":"","format":"standard","meta":{"footnotes":""},"categories":[2814],"tags":[17,1111,11,13060,1777,674,33300,652,1011,27,18593,884,12,882,16,25,16169,96],"class_list":{"0":"post-194144","1":"post","2":"type-post","3":"status-publish","4":"format-standard","5":"has-post-thumbnail","7":"category-marseille","8":"tag-17","9":"tag-actu","10":"tag-actualites","11":"tag-affaire","12":"tag-eu","13":"tag-europe","14":"tag-fabre","15":"tag-famille","16":"tag-fr","17":"tag-france","18":"tag-marius","19":"tag-marseille","20":"tag-news","21":"tag-provence-alpes-cote-dazur","22":"tag-region","23":"tag-republique-francaise","24":"tag-savon","25":"tag-une"},"share_on_mastodon":{"url":"https:\/\/pubeurope.com\/@fr\/114722985938241549","error":""},"_links":{"self":[{"href":"https:\/\/www.europesays.com\/fr\/wp-json\/wp\/v2\/posts\/194144","targetHints":{"allow":["GET"]}}],"collection":[{"href":"https:\/\/www.europesays.com\/fr\/wp-json\/wp\/v2\/posts"}],"about":[{"href":"https:\/\/www.europesays.com\/fr\/wp-json\/wp\/v2\/types\/post"}],"author":[{"embeddable":true,"href":"https:\/\/www.europesays.com\/fr\/wp-json\/wp\/v2\/users\/2"}],"replies":[{"embeddable":true,"href":"https:\/\/www.europesays.com\/fr\/wp-json\/wp\/v2\/comments?post=194144"}],"version-history":[{"count":0,"href":"https:\/\/www.europesays.com\/fr\/wp-json\/wp\/v2\/posts\/194144\/revisions"}],"wp:featuredmedia":[{"embeddable":true,"href":"https:\/\/www.europesays.com\/fr\/wp-json\/wp\/v2\/media\/194145"}],"wp:attachment":[{"href":"https:\/\/www.europesays.com\/fr\/wp-json\/wp\/v2\/media?parent=194144"}],"wp:term":[{"taxonomy":"category","embeddable":true,"href":"https:\/\/www.europesays.com\/fr\/wp-json\/wp\/v2\/categories?post=194144"},{"taxonomy":"post_tag","embeddable":true,"href":"https:\/\/www.europesays.com\/fr\/wp-json\/wp\/v2\/tags?post=194144"}],"curies":[{"name":"wp","href":"https:\/\/api.w.org\/{rel}","templated":true}]}}