{"id":194146,"date":"2025-06-21T19:23:11","date_gmt":"2025-06-21T19:23:11","guid":{"rendered":"https:\/\/www.europesays.com\/fr\/194146\/"},"modified":"2025-06-21T19:23:11","modified_gmt":"2025-06-21T19:23:11","slug":"la-justice-donne-une-bouffee-dair-aux-habitants-du-quartier-soeur-janin","status":"publish","type":"post","link":"https:\/\/www.europesays.com\/fr\/194146\/","title":{"rendered":"la justice donne une bouff\u00e9e d\u2019air aux habitants du quartier S\u0153ur-Janin"},"content":{"rendered":"<p>Certains ne veulent pas d\u2019une nouvelle cr\u00e8che de plein air, \u00ab\u00a0pas n\u00e9cessaire, nous n\u2019avons pas de jeunes enfants\u00a0\u00bb, d\u2019autres d\u00e9fendent \u00ab\u00a0leurs places de stationnement, la plupart du temps prises par le personnel m\u00e9dical du Centre m\u00e9dico-chirurgical R\u00e9adaptation des Massues\u00a0\u00bb, situ\u00e9 \u00e0 quelques encablures.<\/p>\n<p>Ce sur quoi se rejoint cette poign\u00e9e d\u2019habitants que Le Progr\u00e8s rencontre, ce samedi 21\u00a0juin dans l\u2019apr\u00e8s-midi rue S\u0153ur-Janin, dans le 5e  arrondissement de Lyon, c\u2019est qu\u2019ils ne veulent pas voir s\u2019\u00e9lever deux b\u00e2timents devant leurs immeubles et sur leur espace de verdure. Une parcelle \u00ab\u00a0qui a une histoire, des agriculteurs ont travaill\u00e9 ici\u00a0\u00bb et qui \u00ab\u00a0nous permet de nous retrouver tranquillement quand nous en avons envie\u00a0\u00bb.<\/p>\n<p>Deux immeubles comprenant 37 logements<\/p>\n<p>Ce projet men\u00e9 par Grand Lyon Habitat, la Ville et la M\u00e9tropole de Lyon n\u2019est pas r\u00e9cent. Les pr\u00e9d\u00e9cesseurs de Nadine Georgel, maire \u00e9cologiste du 5e &#8230;<\/p>\n","protected":false},"excerpt":{"rendered":"Certains ne veulent pas d\u2019une nouvelle cr\u00e8che de plein air, \u00ab\u00a0pas n\u00e9cessaire, nous n\u2019avons pas de jeunes enfants\u00a0\u00bb,&hellip;\n","protected":false},"author":2,"featured_media":194147,"comment_status":"","ping_status":"","sticky":false,"template":"","format":"standard","meta":{"footnotes":""},"categories":[1889],"tags":[1111,11,2430,2757,1777,674,1011,27,1908,2428,2756,12,25,2429,801,104],"class_list":{"0":"post-194146","1":"post","2":"type-post","3":"status-publish","4":"format-standard","5":"has-post-thumbnail","7":"category-lyon","8":"tag-actu","9":"tag-actualites","10":"tag-auvergne-rhone-alpes","11":"tag-edition-lyon-villeurbanne","12":"tag-eu","13":"tag-europe","14":"tag-fr","15":"tag-france","16":"tag-logement","17":"tag-lyon","18":"tag-lyon-bassin","19":"tag-news","20":"tag-republique-francaise","21":"tag-rhone","22":"tag-social","23":"tag-societe"},"share_on_mastodon":{"url":"https:\/\/pubeurope.com\/@fr\/114722989908388855","error":""},"_links":{"self":[{"href":"https:\/\/www.europesays.com\/fr\/wp-json\/wp\/v2\/posts\/194146","targetHints":{"allow":["GET"]}}],"collection":[{"href":"https:\/\/www.europesays.com\/fr\/wp-json\/wp\/v2\/posts"}],"about":[{"href":"https:\/\/www.europesays.com\/fr\/wp-json\/wp\/v2\/types\/post"}],"author":[{"embeddable":true,"href":"https:\/\/www.europesays.com\/fr\/wp-json\/wp\/v2\/users\/2"}],"replies":[{"embeddable":true,"href":"https:\/\/www.europesays.com\/fr\/wp-json\/wp\/v2\/comments?post=194146"}],"version-history":[{"count":0,"href":"https:\/\/www.europesays.com\/fr\/wp-json\/wp\/v2\/posts\/194146\/revisions"}],"wp:featuredmedia":[{"embeddable":true,"href":"https:\/\/www.europesays.com\/fr\/wp-json\/wp\/v2\/media\/194147"}],"wp:attachment":[{"href":"https:\/\/www.europesays.com\/fr\/wp-json\/wp\/v2\/media?parent=194146"}],"wp:term":[{"taxonomy":"category","embeddable":true,"href":"https:\/\/www.europesays.com\/fr\/wp-json\/wp\/v2\/categories?post=194146"},{"taxonomy":"post_tag","embeddable":true,"href":"https:\/\/www.europesays.com\/fr\/wp-json\/wp\/v2\/tags?post=194146"}],"curies":[{"name":"wp","href":"https:\/\/api.w.org\/{rel}","templated":true}]}}