{"id":194148,"date":"2025-06-21T19:24:11","date_gmt":"2025-06-21T19:24:11","guid":{"rendered":"https:\/\/www.europesays.com\/fr\/194148\/"},"modified":"2025-06-21T19:24:11","modified_gmt":"2025-06-21T19:24:11","slug":"metropole-lyon-simpose-a-gerardmer","status":"publish","type":"post","link":"https:\/\/www.europesays.com\/fr\/194148\/","title":{"rendered":"M\u00e9tropole Lyon s&rsquo;impose \u00e0 G\u00e9rardmer"},"content":{"rendered":"<p>Pour ses 90 ans, pendant deux jours, le boulodrome de l\u2019AS G\u00e9rardmer, pr\u00e9sid\u00e9 par Est\u00e9ban Peixoto, a accueilli la finale de la Ligue M1 de boules lyonnaises, avec un r\u00e9el succ\u00e8s populaire. Le titre de champion de France est revenu \u00e0 Plaine de l\u2019Ain d\u00e8s le dimanche matin, mais c\u2019est M\u00e9tropole Lyon qui a remport\u00e9 l\u2019\u00e9tape de G\u00e9rardmer face \u00e0 la petite surprise du week-end, Saint-Quentin-Fallavier. \u00c0 noter que parmi les 96 joueurs engag\u00e9s ce samedi, deux Lorrains \u00e9taient en lice\u00a0:\u00a0le Toulois Danny Montels vainqueur avec M\u00e9tropole Lyon et le Blainvillois Xavier Majorel (CRO Lyon). Revivez la journ\u00e9e en images\u00a0!<\/p>\n","protected":false},"excerpt":{"rendered":"Pour ses 90 ans, pendant deux jours, le boulodrome de l\u2019AS G\u00e9rardmer, pr\u00e9sid\u00e9 par Est\u00e9ban Peixoto, a accueilli&hellip;\n","protected":false},"author":2,"featured_media":194149,"comment_status":"","ping_status":"","sticky":false,"template":"","format":"standard","meta":{"footnotes":""},"categories":[1889],"tags":[1111,11,2430,6621,1777,674,107,1701,1795,1011,27,5325,9540,9882,2428,12,25,517,1700,774],"class_list":{"0":"post-194148","1":"post","2":"type-post","3":"status-publish","4":"format-standard","5":"has-post-thumbnail","7":"category-lyon","8":"tag-actu","9":"tag-actualites","10":"tag-auvergne-rhone-alpes","11":"tag-boules","12":"tag-eu","13":"tag-europe","14":"tag-fil-info","15":"tag-fil-info-sport","16":"tag-fil-web","17":"tag-fr","18":"tag-france","19":"tag-galerie-media","20":"tag-galerie-sport","21":"tag-gerardmer","22":"tag-lyon","23":"tag-news","24":"tag-republique-francaise","25":"tag-sport","26":"tag-sport-lorrain","27":"tag-vosges"},"share_on_mastodon":{"url":"https:\/\/pubeurope.com\/@fr\/114722993791262403","error":""},"_links":{"self":[{"href":"https:\/\/www.europesays.com\/fr\/wp-json\/wp\/v2\/posts\/194148","targetHints":{"allow":["GET"]}}],"collection":[{"href":"https:\/\/www.europesays.com\/fr\/wp-json\/wp\/v2\/posts"}],"about":[{"href":"https:\/\/www.europesays.com\/fr\/wp-json\/wp\/v2\/types\/post"}],"author":[{"embeddable":true,"href":"https:\/\/www.europesays.com\/fr\/wp-json\/wp\/v2\/users\/2"}],"replies":[{"embeddable":true,"href":"https:\/\/www.europesays.com\/fr\/wp-json\/wp\/v2\/comments?post=194148"}],"version-history":[{"count":0,"href":"https:\/\/www.europesays.com\/fr\/wp-json\/wp\/v2\/posts\/194148\/revisions"}],"wp:featuredmedia":[{"embeddable":true,"href":"https:\/\/www.europesays.com\/fr\/wp-json\/wp\/v2\/media\/194149"}],"wp:attachment":[{"href":"https:\/\/www.europesays.com\/fr\/wp-json\/wp\/v2\/media?parent=194148"}],"wp:term":[{"taxonomy":"category","embeddable":true,"href":"https:\/\/www.europesays.com\/fr\/wp-json\/wp\/v2\/categories?post=194148"},{"taxonomy":"post_tag","embeddable":true,"href":"https:\/\/www.europesays.com\/fr\/wp-json\/wp\/v2\/tags?post=194148"}],"curies":[{"name":"wp","href":"https:\/\/api.w.org\/{rel}","templated":true}]}}