{"id":194152,"date":"2025-06-21T19:28:12","date_gmt":"2025-06-21T19:28:12","guid":{"rendered":"https:\/\/www.europesays.com\/fr\/194152\/"},"modified":"2025-06-21T19:28:12","modified_gmt":"2025-06-21T19:28:12","slug":"face-au-rechauffement-climatique-paris-se-vegetalise","status":"publish","type":"post","link":"https:\/\/www.europesays.com\/fr\/194152\/","title":{"rendered":"Face au r\u00e9chauffement climatique, Paris se v\u00e9g\u00e9talise"},"content":{"rendered":"<p>En ville, la densit\u00e9 de population, les pierres des b\u00e2timents et le bitume aggravent les effets du r\u00e9chauffement climatique. Dans le cadre du plan \u00ab Paris 50 degr\u00e9s \u00bb, la ville a inaugur\u00e9 ce samedi 21 juin une premi\u00e8re for\u00eat urbaine, qui a rapidement trouv\u00e9 ses adeptes sous un soleil de plomb.<\/p>\n<p>La f\u00eate de la musique bat son plein en <strong><a href=\"https:\/\/www.rfi.fr\/fr\/tag\/france\/\" class=\"link \" rel=\"nofollow noopener\" target=\"_blank\" data-ylk=\"slk:France;elm:context_link;itc:0;sec:content-canvas\">France<\/a><\/strong>, notamment dans la capitale. Mais devant la petite fanfare qui a pris ses quartiers sur le parvis de l&rsquo;H\u00f4tel de ville de <strong><a href=\"https:\/\/www.rfi.fr\/fr\/tag\/paris\/\" class=\"link \" rel=\"nofollow noopener\" target=\"_blank\" data-ylk=\"slk:Paris;elm:context_link;itc:0;sec:content-canvas\">Paris<\/a><\/strong>, peu de spectateurs. Les dalles de pierre sont br\u00fblantes, le soleil est de plomb. Les promeneurs s&rsquo;abritent plut\u00f4t l\u00e0 o\u00f9 ils trouvent un peu d&rsquo;ombre, sp\u00e9cialement sous les arbres. Justement : de nouveaux bosquets plant\u00e9s sur la place ont \u00e9t\u00e9 inaugur\u00e9s ce samedi. Ils constituent la premi\u00e8re for\u00eat d&rsquo;un ensemble qui doit voir le jour dans la capitale.<\/p>\n<p>\u00ab L\u00e0, on est \u00e0 l&rsquo;ombre, c&rsquo;est beaucoup plus agr\u00e9able qu&rsquo;au soleil, o\u00f9 on \u00e9tait tout \u00e0 l&rsquo;heure, constate Christophe Najdovski, adjoint \u00e0 la v\u00e9g\u00e9talisation \u00e0 la mairie de Paris, pr\u00e9sent sur place. Je pense qu&rsquo;on a d\u00e9j\u00e0 entre quatre et huit degr\u00e9s en moins avec ces premiers arbres qui ont \u00e9t\u00e9 plant\u00e9s. \u00bb<\/p>\n<p>Quatre for\u00eats urbaines pr\u00e9vues<\/p>\n<p>Alors que des temp\u00e9ratures de plus de 50 degr\u00e9s pourraient \u00eatre atteintes dans la capitale fran\u00e7aise d&rsquo;ici \u00e0 25 ans \u00e0 peine, selon les scientifiques, la ville a lanc\u00e9 un plan \u00ab Paris 50 degr\u00e9s \u00bb pour lutter contre les effets d&rsquo;\u00eelots de chaleur urbains. Trois autres for\u00eats urbaines, apr\u00e8s celle de l&rsquo;H\u00f4tel de ville, doivent \u00eatre plant\u00e9es.<\/p>\n<p><a href=\"https:\/\/www.rfi.fr\/fr\/environnement\/20250621-face-au-r%C3%A9chauffement-climatique-paris-se-v%C3%A9g%C3%A9talise\" rel=\"nofollow noopener\" target=\"_blank\" data-ylk=\"slk:Lire la suite sur RFI;elm:context_link;itc:0;sec:content-canvas\" class=\"link \">Lire la suite sur RFI<\/a><\/p>\n","protected":false},"excerpt":{"rendered":"En ville, la densit\u00e9 de population, les pierres des b\u00e2timents et le bitume aggravent les effets du r\u00e9chauffement&hellip;\n","protected":false},"author":2,"featured_media":194153,"comment_status":"","ping_status":"","sticky":false,"template":"","format":"standard","meta":{"footnotes":""},"categories":[1888],"tags":[1111,1928,11,1927,33302,33303,33301,1777,674,25885,1011,27,2381,12,1926,626,1925,5140,25],"class_list":{"0":"post-194152","1":"post","2":"type-post","3":"status-publish","4":"format-standard","5":"has-post-thumbnail","7":"category-paris","8":"tag-actu","9":"tag-actu-paris","10":"tag-actualites","11":"tag-actualites-paris","12":"tag-christophe-najdovski","13":"tag-dalles-de-pierre","14":"tag-densite-de-population","15":"tag-eu","16":"tag-europe","17":"tag-fete-de-la-musique","18":"tag-fr","19":"tag-france","20":"tag-mairie-de-paris","21":"tag-news","22":"tag-news-paris","23":"tag-paris","24":"tag-paris-news","25":"tag-rechauffement-climatique","26":"tag-republique-francaise"},"share_on_mastodon":{"url":"https:\/\/pubeurope.com\/@fr\/114723009581079416","error":""},"_links":{"self":[{"href":"https:\/\/www.europesays.com\/fr\/wp-json\/wp\/v2\/posts\/194152","targetHints":{"allow":["GET"]}}],"collection":[{"href":"https:\/\/www.europesays.com\/fr\/wp-json\/wp\/v2\/posts"}],"about":[{"href":"https:\/\/www.europesays.com\/fr\/wp-json\/wp\/v2\/types\/post"}],"author":[{"embeddable":true,"href":"https:\/\/www.europesays.com\/fr\/wp-json\/wp\/v2\/users\/2"}],"replies":[{"embeddable":true,"href":"https:\/\/www.europesays.com\/fr\/wp-json\/wp\/v2\/comments?post=194152"}],"version-history":[{"count":0,"href":"https:\/\/www.europesays.com\/fr\/wp-json\/wp\/v2\/posts\/194152\/revisions"}],"wp:featuredmedia":[{"embeddable":true,"href":"https:\/\/www.europesays.com\/fr\/wp-json\/wp\/v2\/media\/194153"}],"wp:attachment":[{"href":"https:\/\/www.europesays.com\/fr\/wp-json\/wp\/v2\/media?parent=194152"}],"wp:term":[{"taxonomy":"category","embeddable":true,"href":"https:\/\/www.europesays.com\/fr\/wp-json\/wp\/v2\/categories?post=194152"},{"taxonomy":"post_tag","embeddable":true,"href":"https:\/\/www.europesays.com\/fr\/wp-json\/wp\/v2\/tags?post=194152"}],"curies":[{"name":"wp","href":"https:\/\/api.w.org\/{rel}","templated":true}]}}