{"id":194154,"date":"2025-06-21T19:29:10","date_gmt":"2025-06-21T19:29:10","guid":{"rendered":"https:\/\/www.europesays.com\/fr\/194154\/"},"modified":"2025-06-21T19:29:10","modified_gmt":"2025-06-21T19:29:10","slug":"une-serveuse-des-hauts-de-seine-trouve-son-patron-dans-une-mare-de-sang-la-these-accidentelle-privilegiee","status":"publish","type":"post","link":"https:\/\/www.europesays.com\/fr\/194154\/","title":{"rendered":"Une serveuse des Hauts-de-Seine trouve son patron dans une mare de sang, la th\u00e8se accidentelle privil\u00e9gi\u00e9e"},"content":{"rendered":"<p class=\"paragraph text_align_left lp-f-body-02\">Que s\u2019est-il pass\u00e9 ce samedi 21 juin dans ce restaurant situ\u00e9 non loin des quais \u00e0 Saint-Cloud (<a href=\"https:\/\/www.leparisien.fr\/hauts-de-seine-92\/\" target=\"_self\" rel=\"noopener\">Hauts-de-Seine<\/a>) ? Comment la jolie salle d\u2019un restaurant traiteur s\u2019est elle transform\u00e9e en sc\u00e8ne de cauchemar ?<\/p>\n<p class=\"paragraph text_align_left lp-f-body-02\">Il est environ 13 heures quand la une serveuse de l\u2019\u00e9tablissement fait la macabre d\u00e9couverte. Elle se rend \u00e0 son travail et trouve la porte de restaurant ferm\u00e9e. Une situation qu\u2019elle juge suffisamment inhabituelle pour pr\u00e9venir les pompiers.<\/p>\n<p>Une chute accidentelle ?<\/p>\n<p class=\"paragraph text_align_left lp-f-body-02\">Quelques minutes plus tard, les secours parviennent \u00e0 entrer dans l\u2019\u00e9choppe. Dans la salle, le responsable g\u00eet dans une mare de sang. Impossible de le sauver, l\u2019homme est bien d\u00e9c\u00e9d\u00e9. Sur le moment toutes les hypoth\u00e8ses, tous les sc\u00e9narios se t\u00e9lescopent.<\/p>\n<p class=\"paragraph text_align_left lp-f-body-02\">Le patron a-t-il \u00e9t\u00e9 agress\u00e9, <a href=\"https:\/\/www.leparisien.fr\/societe\/sante\/hausse-brutale-du-nombre-de-suicides-en-france-surtout-chez-les-seniors-et-les-jeunes-femmes-apres-des-annees-de-baisse-25-02-2025-FC3DCRC3ZRB4ZH6B7IEVZW2DTI.php\" target=\"_self\" rel=\"noopener\">s\u2019est-il donn\u00e9 la mort<\/a> ? Finalement, les premi\u00e8res constatations laissent entrevoir, selon nos informations, une autre explication, tout aussi plausible. Il aurait fait une chute et aurait fracass\u00e9 une baie vitr\u00e9e. Gri\u00e8vement bless\u00e9 par les multiples plaies, il se serait vid\u00e9 de son sang.<\/p>\n<p class=\"paragraph text_align_left lp-f-body-02\">Si cette piste tient la corde, elle ne reste malgr\u00e9 tout qu\u2019une hypoth\u00e8se. \u00ab Une enqu\u00eate est en cours pour \u00e9tablir pr\u00e9cis\u00e9ment les causes de la mort \u00bb, indique une source proche du dossier.<\/p>\n","protected":false},"excerpt":{"rendered":"Que s\u2019est-il pass\u00e9 ce samedi 21 juin dans ce restaurant situ\u00e9 non loin des quais \u00e0 Saint-Cloud (Hauts-de-Seine)&hellip;\n","protected":false},"author":2,"featured_media":194155,"comment_status":"","ping_status":"","sticky":false,"template":"","format":"standard","meta":{"footnotes":""},"categories":[1888],"tags":[11,1777,674,118,1011,27,3314,1944,12,626,25],"class_list":{"0":"post-194154","1":"post","2":"type-post","3":"status-publish","4":"format-standard","5":"has-post-thumbnail","7":"category-paris","8":"tag-actualites","9":"tag-eu","10":"tag-europe","11":"tag-faits-divers","12":"tag-fr","13":"tag-france","14":"tag-hauts-de-seine","15":"tag-ma-ville","16":"tag-news","17":"tag-paris","18":"tag-republique-francaise"},"share_on_mastodon":{"url":"https:\/\/pubeurope.com\/@fr\/114723013506970238","error":""},"_links":{"self":[{"href":"https:\/\/www.europesays.com\/fr\/wp-json\/wp\/v2\/posts\/194154","targetHints":{"allow":["GET"]}}],"collection":[{"href":"https:\/\/www.europesays.com\/fr\/wp-json\/wp\/v2\/posts"}],"about":[{"href":"https:\/\/www.europesays.com\/fr\/wp-json\/wp\/v2\/types\/post"}],"author":[{"embeddable":true,"href":"https:\/\/www.europesays.com\/fr\/wp-json\/wp\/v2\/users\/2"}],"replies":[{"embeddable":true,"href":"https:\/\/www.europesays.com\/fr\/wp-json\/wp\/v2\/comments?post=194154"}],"version-history":[{"count":0,"href":"https:\/\/www.europesays.com\/fr\/wp-json\/wp\/v2\/posts\/194154\/revisions"}],"wp:featuredmedia":[{"embeddable":true,"href":"https:\/\/www.europesays.com\/fr\/wp-json\/wp\/v2\/media\/194155"}],"wp:attachment":[{"href":"https:\/\/www.europesays.com\/fr\/wp-json\/wp\/v2\/media?parent=194154"}],"wp:term":[{"taxonomy":"category","embeddable":true,"href":"https:\/\/www.europesays.com\/fr\/wp-json\/wp\/v2\/categories?post=194154"},{"taxonomy":"post_tag","embeddable":true,"href":"https:\/\/www.europesays.com\/fr\/wp-json\/wp\/v2\/tags?post=194154"}],"curies":[{"name":"wp","href":"https:\/\/api.w.org\/{rel}","templated":true}]}}