{"id":194160,"date":"2025-06-21T19:32:11","date_gmt":"2025-06-21T19:32:11","guid":{"rendered":"https:\/\/www.europesays.com\/fr\/194160\/"},"modified":"2025-06-21T19:32:11","modified_gmt":"2025-06-21T19:32:11","slug":"lukraine-developpe-ses-drones-alors-que-la-russie-intensifie-ses-attaques","status":"publish","type":"post","link":"https:\/\/www.europesays.com\/fr\/194160\/","title":{"rendered":"L&rsquo;Ukraine d\u00e9veloppe ses drones alors que la Russie intensifie ses attaques"},"content":{"rendered":"<p>Alors que la Russie intensifie ses attaques, le pr\u00e9sident ukrainien Volodymyr Zelensky a d\u00e9clar\u00e9 que Kyiv d\u00e9veloppait des drones d&rsquo;interception avec l&rsquo;aide de ses alli\u00e9s internationaux.<\/p>\n<p>Les troupes russes ont attaqu\u00e9 l&rsquo;Ukraine avec 280 drones et missiles en une nuit, a rapport\u00e9 l&rsquo;arm\u00e9e de l&rsquo;air ukrainienne.<\/p>\n<p>\u00c0 Kherson, les forces russes ont frapp\u00e9 des immeubles r\u00e9sidentiels pendant la nuit de vendredi \u00e0 samedi, faisant une bless\u00e9e.<\/p>\n<p>La ville de Kremenchuk, dans la r\u00e9gion de Poltava, a \u00e9galement \u00e9t\u00e9 la cible d&rsquo;une attaque a\u00e9rienne, visant des installations \u00e9nerg\u00e9tiques, selon l&rsquo;arm\u00e9e ukrainienne.<\/p>\n<p>Vendredi, l&rsquo;Ukraine et la Russie ont toutes deux affirm\u00e9 avoir frapp\u00e9 des cibles militaires cl\u00e9s de l&rsquo;adversaire. C\u00f4t\u00e9 russe, le minist\u00e8re de la D\u00e9fense a d\u00e9clar\u00e9 avoir intercept\u00e9 et abattu des bombes a\u00e9riennes et des roquettes ukrainiennes, ainsi que plus d&rsquo;un millier de drones sur la semaine pass\u00e9e.<\/p>\n<p>Dans une interview, Vladimir poutine a appel\u00e9 l&rsquo;Ukraine \u00e0 d\u00e9clarer sa \u00ab\u00a0non-adh\u00e9sion \u00e0 des alliances ext\u00e9rieures et son statut neutre\u00a0\u00bb et a exig\u00e9 la reconnaissance des r\u00e9sultats des \u00ab\u00a0r\u00e9f\u00e9rendums\u00a0\u00bb de 2022 dans les territoires occup\u00e9s.<\/p>\n<p>Le leader ukrainien a lui accus\u00e9 la Russie d&rsquo;avoir remis volontairement \u00e0 l\u2019Ukraine, lors d&rsquo;un \u00e9change, 20 corps de membres des troupes russes au lieu de soldats ukrainiens d\u00e9c\u00e9d\u00e9s.<\/p>\n","protected":false},"excerpt":{"rendered":"Alors que la Russie intensifie ses attaques, le pr\u00e9sident ukrainien Volodymyr Zelensky a d\u00e9clar\u00e9 que Kyiv d\u00e9veloppait des&hellip;\n","protected":false},"author":2,"featured_media":194161,"comment_status":"","ping_status":"","sticky":false,"template":"","format":"standard","meta":{"footnotes":""},"categories":[1590],"tags":[11,2024,1777,674,5493,1876,12,220],"class_list":{"0":"post-194160","1":"post","2":"type-post","3":"status-publish","4":"format-standard","5":"has-post-thumbnail","7":"category-ukraine","8":"tag-actualites","9":"tag-drones","10":"tag-eu","11":"tag-europe","12":"tag-lukraine","13":"tag-ministere-de-la-defense","14":"tag-news","15":"tag-ukraine"},"share_on_mastodon":{"url":"https:\/\/pubeurope.com\/@fr\/114723025316509753","error":""},"_links":{"self":[{"href":"https:\/\/www.europesays.com\/fr\/wp-json\/wp\/v2\/posts\/194160","targetHints":{"allow":["GET"]}}],"collection":[{"href":"https:\/\/www.europesays.com\/fr\/wp-json\/wp\/v2\/posts"}],"about":[{"href":"https:\/\/www.europesays.com\/fr\/wp-json\/wp\/v2\/types\/post"}],"author":[{"embeddable":true,"href":"https:\/\/www.europesays.com\/fr\/wp-json\/wp\/v2\/users\/2"}],"replies":[{"embeddable":true,"href":"https:\/\/www.europesays.com\/fr\/wp-json\/wp\/v2\/comments?post=194160"}],"version-history":[{"count":0,"href":"https:\/\/www.europesays.com\/fr\/wp-json\/wp\/v2\/posts\/194160\/revisions"}],"wp:featuredmedia":[{"embeddable":true,"href":"https:\/\/www.europesays.com\/fr\/wp-json\/wp\/v2\/media\/194161"}],"wp:attachment":[{"href":"https:\/\/www.europesays.com\/fr\/wp-json\/wp\/v2\/media?parent=194160"}],"wp:term":[{"taxonomy":"category","embeddable":true,"href":"https:\/\/www.europesays.com\/fr\/wp-json\/wp\/v2\/categories?post=194160"},{"taxonomy":"post_tag","embeddable":true,"href":"https:\/\/www.europesays.com\/fr\/wp-json\/wp\/v2\/tags?post=194160"}],"curies":[{"name":"wp","href":"https:\/\/api.w.org\/{rel}","templated":true}]}}