{"id":194164,"date":"2025-06-21T19:34:10","date_gmt":"2025-06-21T19:34:10","guid":{"rendered":"https:\/\/www.europesays.com\/fr\/194164\/"},"modified":"2025-06-21T19:34:10","modified_gmt":"2025-06-21T19:34:10","slug":"elle-a-peur-meghan-markle-ne-veut-plus-remettre-les-pieds-au-royaume-uni-avec-ses-enfants","status":"publish","type":"post","link":"https:\/\/www.europesays.com\/fr\/194164\/","title":{"rendered":"\u00ab\u00a0Elle a peur\u00a0\u00bb : Meghan Markle ne veut plus remettre les pieds au Royaume-Uni avec ses enfants"},"content":{"rendered":"<p>Depuis plusieurs ann\u00e9es, un foss\u00e9 se creuse entre le couple<br \/>\nSussex et le reste de la famille royale. Et visiblement, les<br \/>\nr\u00e9cents \u00e9v\u00e9nements ne vont rien arranger. En effet, d\u00e9but mai 2025,<br \/>\nle <a href=\"https:\/\/www.closermag.fr\/royautes\/nouveau-revers-embarrassant-pour-le-prince-harry-cette-facture-tres-salee-quil-doit-regler-de-sa-poche-3541766\" target=\"_blank\" rel=\"noopener\"><br \/>\n\u00a0Prince Harry a essuy\u00e9 une nouvelle d\u00e9faite<\/a> devant la Cour<br \/>\nd\u2019appel britannique, qui a confirm\u00e9 le retrait de sa protection<br \/>\npolici\u00e8re automatique au Royaume-Uni.<\/p>\n<p>Suite \u00e0 cela, il avait expliqu\u00e9 que m\u00eame s\u2019il souhaitait se<br \/>\nr\u00e9concilier avec son p\u00e8re, cela serait impossible tant que sa<br \/>\nfemme, ses enfants et lui ne seraient pas en s\u00e9curit\u00e9 sur sa terre<br \/>\nnatale. Et visiblement, Meghan Markle partage le m\u00eame avis.<\/p>\n<p>\u201cLes menaces sont r\u00e9elles et sinc\u00e8res\u201d : Meghan Markle a-t-elle<br \/>\nraison de s\u2019inqui\u00e9ter ?<\/p>\n<p>Chaque d\u00e9cision entra\u00eene des cons\u00e9quences. Ainsi, en quittant le<br \/>\nRoyaume-Uni en 2020, Harry et Meghan ont perdu la protection<br \/>\nsyst\u00e9matique pay\u00e9e par le contribuable britannique, lors de leurs<br \/>\nvisites dans le pays. D\u00e9j\u00e0 rares, elles risquent de se faire encore<br \/>\nplus ponctuelles. \u201cMeghan a naturellement peur de venir au<br \/>\nRoyaume-Uni avec ses enfants\u201d, explique Duncan Larcombe,<br \/>\nancien r\u00e9dacteur en chef de la Royal Society, dans les colonnes de<br \/>\n<a href=\"https:\/\/www.mirror.co.uk\/3am\/celebrity-news\/meghan-terrified-harrys-decision-over-35424943\" target=\"_blank\" rel=\"nofollow noopener\">The Mirror<\/a>.<br \/>\nselon lui, les craintes de la duchesse de Sussex sont justifi\u00e9es :<br \/>\n\u201cLes menaces sont r\u00e9elles et sinc\u00e8res. Elles proviennent de<br \/>\npersonnes extr\u00e9mistes, de manifestants radicaux qui pourraient<br \/>\nvouloir se faire un nom en leur attaquant. Et puis, bien s\u00fbr, il y<br \/>\na la pire menace : la menace terroriste. Et il ne fait aucun doute<br \/>\nque <strong>Harry \u2013 et sa famille, par cons\u00e9quent \u2013 \u200b\u200best une cible<br \/>\nde choix<\/strong>\u201d.<\/p>\n<p>Une autre source a d\u00e9clar\u00e9 : \u201cD\u00a0\u00bbune certaine mani\u00e8re, elle<br \/>\nse sent plus forte et elle veut le partager. Mais elle a toujours<br \/>\npeur de mettre ses enfants en danger en revenant au Royaume-Uni<br \/>\n<strong>\u2013 n&rsquo;importe quel parent paniquerait \u00e0 la place de<br \/>\nMeghan<\/strong>\u201d.<\/p>\n<p>Harry et Meghan absents lors de<br \/>\nTrooping the colour<\/p>\n<p>D\u2019ailleurs, l\u2019absence du couple et de leur enfant a \u00e9t\u00e9<br \/>\ngrandement remarqu\u00e9e lors d\u2019un \u00e9v\u00e9nement tr\u00e8s important de la<br \/>\nfamille royale : l\u2019anniversaire du roi.<\/p>\n<p>Si <a href=\"https:\/\/www.closermag.fr\/royautes\/trooping-the-colour-meghan-markle-a-encore-trouve-le-moyen-de-faire-parler-delle-et-ca-va-faire-grincer-des-dents-3553042\" target=\"_blank\" rel=\"noopener\"><br \/>\nMeghan Markle avait d\u00e9j\u00e0 un \u00e9v\u00e8nement pr\u00e9vu en<br \/>\nCalifornie<\/a>\u00a0lors du <a href=\"https:\/\/www.closermag.fr\/royautes\/prince-louis-effronte-voici-ce-quil-a-demande-a-son-frere-george-lors-de-trooping-the-colour-3555985\" target=\"_blank\" rel=\"noopener\"><br \/>\nTrooping the colour<\/a>, le doute planait quant \u00e0 la pr\u00e9sence de<br \/>\nHarry, Archie et Lilibet. D\u00e9sormais, les chances qu\u2019ils reviennent,<br \/>\nm\u00eame pour une faible visite, semblent de plus en plus minces.<\/p>\n","protected":false},"excerpt":{"rendered":"Depuis plusieurs ann\u00e9es, un foss\u00e9 se creuse entre le couple Sussex et le reste de la famille royale.&hellip;\n","protected":false},"author":2,"featured_media":194165,"comment_status":"","ping_status":"","sticky":false,"template":"","format":"standard","meta":{"footnotes":""},"categories":[1588],"tags":[11,548,1777,674,5171,908,12,473,1853,1851,1850,1852],"class_list":{"0":"post-194164","1":"post","2":"type-post","3":"status-publish","4":"format-standard","5":"has-post-thumbnail","7":"category-royaume-uni","8":"tag-actualites","9":"tag-article-simple","10":"tag-eu","11":"tag-europe","12":"tag-harry-et-meghan","13":"tag-meghan-markle","14":"tag-news","15":"tag-royaume-uni","16":"tag-royaume-uni-de-grande-bretagne-et-dirlande-du-nord","17":"tag-uk","18":"tag-united-kingdom","19":"tag-united-kingdom-of-great-britain-and-northern-ireland"},"share_on_mastodon":{"url":"https:\/\/pubeurope.com\/@fr\/114723033133404476","error":""},"_links":{"self":[{"href":"https:\/\/www.europesays.com\/fr\/wp-json\/wp\/v2\/posts\/194164","targetHints":{"allow":["GET"]}}],"collection":[{"href":"https:\/\/www.europesays.com\/fr\/wp-json\/wp\/v2\/posts"}],"about":[{"href":"https:\/\/www.europesays.com\/fr\/wp-json\/wp\/v2\/types\/post"}],"author":[{"embeddable":true,"href":"https:\/\/www.europesays.com\/fr\/wp-json\/wp\/v2\/users\/2"}],"replies":[{"embeddable":true,"href":"https:\/\/www.europesays.com\/fr\/wp-json\/wp\/v2\/comments?post=194164"}],"version-history":[{"count":0,"href":"https:\/\/www.europesays.com\/fr\/wp-json\/wp\/v2\/posts\/194164\/revisions"}],"wp:featuredmedia":[{"embeddable":true,"href":"https:\/\/www.europesays.com\/fr\/wp-json\/wp\/v2\/media\/194165"}],"wp:attachment":[{"href":"https:\/\/www.europesays.com\/fr\/wp-json\/wp\/v2\/media?parent=194164"}],"wp:term":[{"taxonomy":"category","embeddable":true,"href":"https:\/\/www.europesays.com\/fr\/wp-json\/wp\/v2\/categories?post=194164"},{"taxonomy":"post_tag","embeddable":true,"href":"https:\/\/www.europesays.com\/fr\/wp-json\/wp\/v2\/tags?post=194164"}],"curies":[{"name":"wp","href":"https:\/\/api.w.org\/{rel}","templated":true}]}}