{"id":194176,"date":"2025-06-21T19:40:09","date_gmt":"2025-06-21T19:40:09","guid":{"rendered":"https:\/\/www.europesays.com\/fr\/194176\/"},"modified":"2025-06-21T19:40:09","modified_gmt":"2025-06-21T19:40:09","slug":"quiz-connaissez-vous-vraiment-les-departements-de-france-seuls-les-ferus-de-geographie-auront-10-10","status":"publish","type":"post","link":"https:\/\/www.europesays.com\/fr\/194176\/","title":{"rendered":"QUIZ. Connaissez-vous vraiment les d\u00e9partements de France ? Seuls les f\u00e9rus de g\u00e9ographie auront 10\/10"},"content":{"rendered":"<p>            Par<br \/>\n        <strong><br \/>\n            <a href=\"https:\/\/actu.fr\/auteur\/redaction-actu\" title=\"Consulter tous les articles de R\u00e9daction Actu\" target=\"_blank\" rel=\"noopener\">R\u00e9daction Actu<\/a><br \/>\n        <\/strong><\/p>\n<p>        Publi\u00e9 le<\/p>\n<p>            21 juin 2025 \u00e0 21h25<br \/>\n        ; mis \u00e0 jour le 21 juin 2025 \u00e0 21h27    <\/p>\n<p>101. C\u2019est le nombre de <strong>d\u00e9partements<\/strong> que compte la France. Autant vous dire que tous les conna\u00eetre (et savoir les placer en prime), n\u2019est pas une mince \u00e0 faire.<\/p>\n<p class=\" wall-content\">Que ce soit \u00e0 l\u2019\u00e9cole ou via des jeux pour mobiles, on a pourtant tous tent\u00e9 de les retenir. Peut-\u00eatre que certains de nos lecteurs qui lisent actuellement ces lignes les connaissent sur le bout des doigts. Vous tombez \u00e0 pic, c\u2019est le moment de vous tester.<\/p>\n<p class=\" wall-content\">Ce week-end, actu.fr vous propose une nouvelle fois de <strong>tester votre culture g\u00e9n\u00e9rale avec un quiz<\/strong>. Apr\u00e8s <a href=\"https:\/\/actu.fr\/loisirs-culture\/quiz-connaissez-vous-vraiment-bien-les-regions-de-france-faites-ce-test-pour-le-savoir_62742699.html\" target=\"_blank\" rel=\"noopener\">les r\u00e9gions<\/a> il y a deux semaines, on vous propose de resserrer la focale et de voyager dans nos d\u00e9partements fran\u00e7ais.<\/p>\n<p class=\" wall-content\"><strong>Faites notre quiz pour conna\u00eetre votre niveau :\u00a0<\/strong><\/p>\n<p>    <a href=\"https:\/\/www.riddle.com\/embed\/a\/jTbgflMt?lazyImages=false&amp;staticHeight=false\" title=\"Ouvrie le lien\" target=\"_blank\" rel=\"noopener\">Cliquez ici pour visualiser le contenu<\/a><\/p>\n<p class=\" wall-content\">Si vous n\u2019arrivez pas \u00e0 ouvrir le quiz, <a href=\"https:\/\/www.riddle.com\/view\/jTbgflMt\" target=\"_blank\" rel=\"noopener\">cliquez ici<\/a>.<\/p>\n<p>Connaissez-vous vraiment les d\u00e9partements fran\u00e7ais\u2009?<\/p>\n<p class=\" wall-content\">Du d\u00e9partement de l\u2019Ain (01) au d\u00e9partement du Val-d\u2019Oise (95), en ajoutant les cinq d\u00e9partements d\u2019outre-mer, la France est morcel\u00e9e en 101 circonscriptions administratives.<\/p>\n<p class=\" wall-content\">Avant la R\u00e9volution, la France \u00e9tait organis\u00e9e en province. L\u2019Assembl\u00e9e constituante de <strong>1790<\/strong> rebat les cartes et cr\u00e9e les d\u00e9partements. Chacun d\u2019entre eux est administr\u00e9 par un <strong>pr\u00e9fet<\/strong>.<\/p>\n<p>Vid\u00e9os : en ce moment sur Actu<\/p>\n<p class=\" wall-content\">Petite anecdote pour comprendre le d\u00e9coupage g\u00e9ographique\u2009: \u00e0 l\u2019\u00e9poque, leur taille a \u00e9t\u00e9 d\u00e9termin\u00e9e afin que l\u2019on puisse rejoindre un chef-lieu <strong>en moins d\u2019une journ\u00e9e \u00e0 cheval<\/strong>. Sympa non\u2009? Malheureusement, cette petite anecdote ne vous aidera pas \u00e0 marquer des points \u00e0 notre quiz.<\/p>\n<p>L\u2019exercice vous a plu\u2009? N\u2019h\u00e9sitez pas \u00e0 vous rendre\u00a0sur notre page d\u00e9di\u00e9e aux <a href=\"https:\/\/actu.fr\/tag\/quiz\" target=\"_blank\" rel=\"noopener\">quiz<\/a>. Toutes les th\u00e9matiques y passent\u2009: les r\u00e8gles du\u00a0Monopoly, les diff\u00e9rents types de\u00a0nuages, des\u00a0s\u00e9ries du dimanche soir\u00a0ou les\u00a0\u00e9missions cultes de la TNT, et m\u00eame les\u00a0ministres du gouvernement actuel\u2026<\/p>\n<p class=\" wall-content\">Suivez toute l\u2019actualit\u00e9 de vos villes et m\u00e9dias favoris en vous inscrivant \u00e0 <a href=\"https:\/\/moncompte.actu.fr\" title=\"D\u00e9couvez Mon Actu\" rel=\"nofollow noopener\" data-trk=\"{&quot;cta&quot;:{&quot;action&quot;:&quot;https:\\\/\\\/moncompte.actu.fr&quot;,&quot;category&quot;:&quot;mon compte&quot;,&quot;from&quot;:&quot;article footer&quot;,&quot;name&quot;:&quot;Mon actu&quot;,&quot;type&quot;:&quot;cta&quot;}}\" target=\"_blank\">Mon Actu<\/a>.<\/p>\n","protected":false},"excerpt":{"rendered":"Par R\u00e9daction Actu Publi\u00e9 le 21 juin 2025 \u00e0 21h25 ; mis \u00e0 jour le 21 juin 2025&hellip;\n","protected":false},"author":2,"featured_media":194177,"comment_status":"","ping_status":"","sticky":false,"template":"","format":"standard","meta":{"footnotes":""},"categories":[4],"tags":[11,1011,27,12,7767,25,104],"class_list":{"0":"post-194176","1":"post","2":"type-post","3":"status-publish","4":"format-standard","5":"has-post-thumbnail","7":"category-france","8":"tag-actualites","9":"tag-fr","10":"tag-france","11":"tag-news","12":"tag-quiz","13":"tag-republique-francaise","14":"tag-societe"},"share_on_mastodon":{"url":"https:\/\/pubeurope.com\/@fr\/114723056970394635","error":""},"_links":{"self":[{"href":"https:\/\/www.europesays.com\/fr\/wp-json\/wp\/v2\/posts\/194176","targetHints":{"allow":["GET"]}}],"collection":[{"href":"https:\/\/www.europesays.com\/fr\/wp-json\/wp\/v2\/posts"}],"about":[{"href":"https:\/\/www.europesays.com\/fr\/wp-json\/wp\/v2\/types\/post"}],"author":[{"embeddable":true,"href":"https:\/\/www.europesays.com\/fr\/wp-json\/wp\/v2\/users\/2"}],"replies":[{"embeddable":true,"href":"https:\/\/www.europesays.com\/fr\/wp-json\/wp\/v2\/comments?post=194176"}],"version-history":[{"count":0,"href":"https:\/\/www.europesays.com\/fr\/wp-json\/wp\/v2\/posts\/194176\/revisions"}],"wp:featuredmedia":[{"embeddable":true,"href":"https:\/\/www.europesays.com\/fr\/wp-json\/wp\/v2\/media\/194177"}],"wp:attachment":[{"href":"https:\/\/www.europesays.com\/fr\/wp-json\/wp\/v2\/media?parent=194176"}],"wp:term":[{"taxonomy":"category","embeddable":true,"href":"https:\/\/www.europesays.com\/fr\/wp-json\/wp\/v2\/categories?post=194176"},{"taxonomy":"post_tag","embeddable":true,"href":"https:\/\/www.europesays.com\/fr\/wp-json\/wp\/v2\/tags?post=194176"}],"curies":[{"name":"wp","href":"https:\/\/api.w.org\/{rel}","templated":true}]}}