{"id":194192,"date":"2025-06-21T19:50:30","date_gmt":"2025-06-21T19:50:30","guid":{"rendered":"https:\/\/www.europesays.com\/fr\/194192\/"},"modified":"2025-06-21T19:50:30","modified_gmt":"2025-06-21T19:50:30","slug":"emilien-les-12-coups-de-midi-evoque-labsence-de-jessica-et-donne-des-nouvelles-de-sa-compagne","status":"publish","type":"post","link":"https:\/\/www.europesays.com\/fr\/194192\/","title":{"rendered":"\u00c9milien (Les 12 coups de midi) \u00e9voque l&rsquo;absence de Jessica et donne des nouvelles de sa compagne"},"content":{"rendered":"<p class=\"articleContent-meta\">\n        Aujourd&rsquo;hui \u00e0 14:30 &#8211; par             Aur\u00e9lie Hagopian<\/p>\n<p>                    Tweeter<\/p>\n<p>                    Partager sur Facebook<\/p>\n<p>                        <img decoding=\"async\" src=\"https:\/\/www.europesays.com\/fr\/wp-content\/uploads\/2025\/06\/emilien-ce-qu-il-faut-savoir-sur-le-champion-des-12-coups-de-midi.jpg\" alt=\"Player Video\" class=\"player-applyRatio poster exclude-seedtag\"\/><\/p>\n<p>Dans Les 12 coups de midi ce samedi 21juin 2025, \u00c9milien a parl\u00e9 de Jessica et il a donn\u00e9 de ses nouvelles. De quoi rassurer ceux qui pensaient qu&rsquo;il y avait de l&rsquo;eau dans le gaz entre eux.<\/p>\n<p>Champion des 12 coups de midi depuis plus d&rsquo;un an et demi, \u00c9milien ne cesse d&rsquo;impressionner Jean-Luc Reichmann et le public. Malgr\u00e9 ses exploits quotidiens sur TF1, <a href=\"https:\/\/www.programme.tv\/news\/actu\/263223-jy-suis-retourne-et-jai-repris-les-cours-comment-emilien-12-coups-de-midi-est-parvenu-a-reprendre-ses-etudes-pendant-les-tournages-il-raconte\/\" rel=\"nofollow noopener\" target=\"_blank\">le jeune homme a d\u00e9cid\u00e9 de reprendre ses \u00e9tudes.<\/a> Une fa\u00e7on pour lui aussi de <a href=\"https:\/\/www.programme.tv\/news\/actu\/263191-il-y-a-quelque-chose-qui-ne-va-pas-emilien-12-coups-de-midi-evoque-une-pression-particuliere-ressentie-sur-le-plateau\/\" rel=\"nofollow noopener\" target=\"_blank\">rel\u00e2cher la pression autour de l&rsquo;\u00e9mission<\/a>. Il faut dire qu&rsquo;en plus d&rsquo;\u00e9viter l&rsquo;\u00e9limination, <a href=\"https:\/\/www.programme.tv\/news\/actu\/262422-on-rassure-tout-le-monde-emilien-12-coups-de-midi-toujours-en-couple-avec-jessica-il-prend-la-parole-apres-des-rumeurs-de-rupture\/\" rel=\"nofollow noopener\" target=\"_blank\">\u00c9milien doit aussi faire face aux rumeurs disant qu&rsquo;il ne serait plus en couple avec Jessica.<\/a> Pr\u00e9sente lors des premiers mois de pr\u00e9sence du champion, la jeune femme a myst\u00e9rieusement disparu du jour au lendemain.<\/p>\n<p>Pourquoi \u00c9milien expose-t-il moins ses proches dans Les 12 coups de midi ?<\/p>\n<p>Face aux interrogations du public des 12 coups de midi, \u00c9milien a r\u00e9cemment r\u00e9v\u00e9l\u00e9 pourquoi il exposait moins ses proches. \u00ab\u00a0C\u2019est vrai que <b>mes proches apparaissent un peu moins en visio et qu\u2019ils viennent moins sur le plateau<\/b>, mais ils sont toujours l\u00e0. Je suis toujours autant soutenu et \u00e7a me fait toujours autant plaisir et chaud au c\u0153ur\u00a0\u00bb, a-t-il avou\u00e9 \u00e0 Jean-Luc Reichmann qui a compris son choix : \u00ab\u00a0Vous avez raison ! Il faut aussi se prot\u00e9ger un peu, faire attention \u00e0 sa famille, \u00e0 ses amours, \u00e0 ses parents et ses grands-parents. Je sais qu\u2019ils sont tr\u00e8s pr\u00e9sents pour vous et on en est tr\u00e8s heureux !\u00a0\u00bb<\/p>\n<p>                                La belle-m\u00e8re de Jean-Luc Reichmann inqui\u00e8te pour \u00c9milien (Les 12 coups de midi) et Jessica<\/p>\n<p>Ce samedi 21 juin 2025, dans le nouveau num\u00e9ro des 12 coups de midi, Jean-Luc Reichmann a mis les pieds dans le plat en demandant au champion : \u00ab\u00a0\u00c7a va Jessica ?\u00a0\u00bb Ce \u00e0 quoi, \u00c9milien a r\u00e9pondu : \u00ab\u00a0Oui, \u00e7a va tr\u00e8s bien\u00a0\u00bb. L&rsquo;animateur a donc saut\u00e9 sur l&rsquo;occasion pour faire une petite mise au point sur la relation du candidat. <b>\u00ab\u00a0Vous l&#8217;embrassez pour nous, parce que tout le monde se fait un souci d&rsquo;encre &lsquo;pourvu qu&rsquo;ils soient toujours ensemble, ils sont tellement beaux&rsquo;. M\u00eame ma belle-m\u00e8re me dit &lsquo;Elle est o\u00f9 Jessica ?'\u00a0\u00bb<\/b>, a-t-il dit avant une conclusion d&rsquo;\u00c9milien : <b>\u00ab\u00a0Elle n&rsquo;est pas loin\u00a0\u00bb. <\/b>Voil\u00e0 qui est d\u00e9sormais au clair et qui devrait rassurer tous les fans du champion.<\/p>\n<p>Article \u00e9crit avec la collaboration de 6m\u00e9dias.<\/p>\n<p>Rejoignez-nous sur Google News !<\/p>\n<p class=\"articleContent-pushTagline\">Abonnez-vous \u00e0 <a href=\"https:\/\/news.google.com\/publications\/CAAiEJwr-IZFXDFoZD1ePbkC_VcqFAgKIhCcK_iGRVwxaGQ9Xj25Av1X\" rel=\"nofollow noopener\" target=\"_blank\">T\u00e9l\u00e9 2 semaines sur Google News<\/a> pour ne manquer aucune info !<\/p>\n","protected":false},"excerpt":{"rendered":"Aujourd&rsquo;hui \u00e0 14:30 &#8211; par Aur\u00e9lie Hagopian Tweeter Partager sur Facebook Dans Les 12 coups de midi ce&hellip;\n","protected":false},"author":2,"featured_media":194193,"comment_status":"","ping_status":"","sticky":false,"template":"","format":"standard","meta":{"footnotes":""},"categories":[1359],"tags":[58,8049,59,1011,27,466,27173,973,199,2175],"class_list":{"0":"post-194192","1":"post","2":"type-post","3":"status-publish","4":"format-standard","5":"has-post-thumbnail","7":"category-people","8":"tag-divertissement","9":"tag-emilien-les-12-coups-de-midi","10":"tag-entertainment","11":"tag-fr","12":"tag-france","13":"tag-les-12-coups-de-midi","14":"tag-maitre-de-midi","15":"tag-people","16":"tag-tf1","17":"tag-tl-story"},"share_on_mastodon":{"url":"https:\/\/pubeurope.com\/@fr\/114723096157495723","error":""},"_links":{"self":[{"href":"https:\/\/www.europesays.com\/fr\/wp-json\/wp\/v2\/posts\/194192","targetHints":{"allow":["GET"]}}],"collection":[{"href":"https:\/\/www.europesays.com\/fr\/wp-json\/wp\/v2\/posts"}],"about":[{"href":"https:\/\/www.europesays.com\/fr\/wp-json\/wp\/v2\/types\/post"}],"author":[{"embeddable":true,"href":"https:\/\/www.europesays.com\/fr\/wp-json\/wp\/v2\/users\/2"}],"replies":[{"embeddable":true,"href":"https:\/\/www.europesays.com\/fr\/wp-json\/wp\/v2\/comments?post=194192"}],"version-history":[{"count":0,"href":"https:\/\/www.europesays.com\/fr\/wp-json\/wp\/v2\/posts\/194192\/revisions"}],"wp:featuredmedia":[{"embeddable":true,"href":"https:\/\/www.europesays.com\/fr\/wp-json\/wp\/v2\/media\/194193"}],"wp:attachment":[{"href":"https:\/\/www.europesays.com\/fr\/wp-json\/wp\/v2\/media?parent=194192"}],"wp:term":[{"taxonomy":"category","embeddable":true,"href":"https:\/\/www.europesays.com\/fr\/wp-json\/wp\/v2\/categories?post=194192"},{"taxonomy":"post_tag","embeddable":true,"href":"https:\/\/www.europesays.com\/fr\/wp-json\/wp\/v2\/tags?post=194192"}],"curies":[{"name":"wp","href":"https:\/\/api.w.org\/{rel}","templated":true}]}}