{"id":194194,"date":"2025-06-21T19:51:09","date_gmt":"2025-06-21T19:51:09","guid":{"rendered":"https:\/\/www.europesays.com\/fr\/194194\/"},"modified":"2025-06-21T19:51:09","modified_gmt":"2025-06-21T19:51:09","slug":"un-photographe-sinstalle-a-cherbourg","status":"publish","type":"post","link":"https:\/\/www.europesays.com\/fr\/194194\/","title":{"rendered":"Un photographe s\u2019installe \u00e0 Cherbourg"},"content":{"rendered":"<p>            Par<br \/>\n        <strong><br \/>\n            <a href=\"https:\/\/actu.fr\/auteur\/redaction-pressemanche\" title=\"Consulter tous les articles de R\u00e9daction La Presse de la Manche\" rel=\"nofollow noopener\" target=\"_blank\">R\u00e9daction La Presse de la Manche<\/a><br \/>\n        <\/strong><\/p>\n<p>        Publi\u00e9 le<\/p>\n<p>            21 juin 2025 \u00e0 18h56        <\/p>\n<p>Apr\u00e8s avoir travaill\u00e9 dans le monde de l\u2019\u00e9quitation et la restauration, le Cherbourgeois <b>Herv\u00e9 L\u00e9ger<\/b> vient de franchir le pas \u00e0 <b>24\u00a0ans<\/b>\u2009: il est officiellement, <b>depuis le 1er\u00a0juin 2025<\/b>, <b>artisan photographe<\/b> en microentreprise \u00e0 <a href=\"https:\/\/actu.fr\/normandie\/cherbourg-en-cotentin_50129\" rel=\"nofollow noopener\" target=\"_blank\">Cherbourg<\/a> (<a href=\"https:\/\/actu.fr\/normandie\/manche_50\" rel=\"nofollow noopener\" target=\"_blank\">Manche<\/a>).<\/p>\n<p>\u00ab\u2009Tous types de photographies\u2009\u00bb<\/p>\n<p class=\" wall-content\">\u00ab\u2009Je propose mes services pour <b>tous types de photographies<\/b>, qu\u2019il s\u2019agisse d\u2019\u00e9v\u00e8nements familiaux, de reportages, de constats pour le b\u00e2timent ou l\u2019automobile, de portraits, de photographie culinaire ou animale\u2026 Par go\u00fbt personnel, <b>je privil\u00e9gie le naturel de l\u2019image<\/b>, mais je dispose \u00e9galement de logiciels de retouches selon les d\u00e9sirs. J\u2019assure \u00e0 mes clients, qu\u2019ils soient particuliers, entreprises ou institutionnels, un accueil chaleureux, confidentiel et personnalis\u00e9 avec l\u2019assurance de prendre le temps pour \u00e9changer et bien d\u00e9finir ce qui est souhait\u00e9. On peut voir d\u00e8s maintenant une partie de mon travail sur ma <b>page Facebook L\u2019\u0153il du temps salvatore<\/b>, sur laquelle je poste r\u00e9guli\u00e8rement de nouveaux clich\u00e9s.\u2009\u00bb<\/p>\n<p class=\" wall-content\"><b>Les tarifs d\u2019Herv\u00e9 L\u00e9ger sont tr\u00e8s raisonnables,<\/b> \u00e0 partir de 50\u00a0euros la demi-heure. Sur demande, les photos peuvent \u00eatre livr\u00e9es encadr\u00e9es.<\/p>\n<p class=\" wall-content\"><b>De notre correspondant \u00c9tienne DEVAILLY<\/b><\/p>\n<p>Contacts\u2009: 06\u200935\u200921\u200913\u200935 \u2013 <a href=\"https:\/\/actu.fr\/cdn-cgi\/l\/email-protection\" class=\"__cf_email__\" data-cfemail=\"315d5e54585d554445545c414271565c50585d1f525e5c\" rel=\"nofollow noopener\" target=\"_blank\">[email\u00a0protected]<\/a><\/p>\n<p class=\" wall-content\">Suivez toute l\u2019actualit\u00e9 de vos villes et m\u00e9dias favoris en vous inscrivant \u00e0 <a href=\"https:\/\/moncompte.actu.fr\" title=\"D\u00e9couvez Mon Actu\" rel=\"nofollow noopener\" data-trk=\"{&quot;cta&quot;:{&quot;action&quot;:&quot;https:\\\/\\\/moncompte.actu.fr&quot;,&quot;category&quot;:&quot;mon compte&quot;,&quot;from&quot;:&quot;article footer&quot;,&quot;name&quot;:&quot;Mon actu&quot;,&quot;type&quot;:&quot;cta&quot;}}\" target=\"_blank\">Mon Actu<\/a>.<\/p>\n","protected":false},"excerpt":{"rendered":"Par R\u00e9daction La Presse de la Manche Publi\u00e9 le 21 juin 2025 \u00e0 18h56 Apr\u00e8s avoir travaill\u00e9 dans&hellip;\n","protected":false},"author":2,"featured_media":194195,"comment_status":"","ping_status":"","sticky":false,"template":"","format":"standard","meta":{"footnotes":""},"categories":[1358],"tags":[1348,1384,1385,215,33304,1386,58,33,59,1011,27,1756],"class_list":{"0":"post-194194","1":"post","2":"type-post","3":"status-publish","4":"format-standard","5":"has-post-thumbnail","7":"category-arts-et-design","8":"tag-arts","9":"tag-arts-and-design","10":"tag-arts-et-design","11":"tag-commerce","12":"tag-commerces-a-cherbourg","13":"tag-design","14":"tag-divertissement","15":"tag-economie","16":"tag-entertainment","17":"tag-fr","18":"tag-france","19":"tag-photographie"},"share_on_mastodon":{"url":"https:\/\/pubeurope.com\/@fr\/114723099961549973","error":""},"_links":{"self":[{"href":"https:\/\/www.europesays.com\/fr\/wp-json\/wp\/v2\/posts\/194194","targetHints":{"allow":["GET"]}}],"collection":[{"href":"https:\/\/www.europesays.com\/fr\/wp-json\/wp\/v2\/posts"}],"about":[{"href":"https:\/\/www.europesays.com\/fr\/wp-json\/wp\/v2\/types\/post"}],"author":[{"embeddable":true,"href":"https:\/\/www.europesays.com\/fr\/wp-json\/wp\/v2\/users\/2"}],"replies":[{"embeddable":true,"href":"https:\/\/www.europesays.com\/fr\/wp-json\/wp\/v2\/comments?post=194194"}],"version-history":[{"count":0,"href":"https:\/\/www.europesays.com\/fr\/wp-json\/wp\/v2\/posts\/194194\/revisions"}],"wp:featuredmedia":[{"embeddable":true,"href":"https:\/\/www.europesays.com\/fr\/wp-json\/wp\/v2\/media\/194195"}],"wp:attachment":[{"href":"https:\/\/www.europesays.com\/fr\/wp-json\/wp\/v2\/media?parent=194194"}],"wp:term":[{"taxonomy":"category","embeddable":true,"href":"https:\/\/www.europesays.com\/fr\/wp-json\/wp\/v2\/categories?post=194194"},{"taxonomy":"post_tag","embeddable":true,"href":"https:\/\/www.europesays.com\/fr\/wp-json\/wp\/v2\/tags?post=194194"}],"curies":[{"name":"wp","href":"https:\/\/api.w.org\/{rel}","templated":true}]}}